{"id":72065,"date":"2025-01-31T15:10:13","date_gmt":"2025-01-31T18:10:13","guid":{"rendered":"https:\/\/blogopara.com.br\/?p=72065"},"modified":"2025-01-31T15:14:18","modified_gmt":"2025-01-31T18:14:18","slug":"estamos-esquecidos-morador-denuncia-falta-de-assistencia-da-defesa-civil-de-juazeiro","status":"publish","type":"post","link":"https:\/\/blogopara.com.br\/index.php\/2025\/01\/31\/estamos-esquecidos-morador-denuncia-falta-de-assistencia-da-defesa-civil-de-juazeiro","title":{"rendered":"&#8220;Estamos esquecidos&#8221;: Morador denuncia falta de assist\u00eancia da Defesa Civil de Juazeiro"},"content":{"rendered":"<div class=\"flex max-w-full flex-col flex-grow\">\n<div class=\"min-h-8 text-message flex w-full flex-col items-end gap-2 whitespace-normal break-words text-start [.text-message+&amp;]:mt-5\" dir=\"auto\" data-message-author-role=\"assistant\" data-message-id=\"a3c55ab7-eaa5-4a5f-bf9a-cef9000f75f1\" data-message-model-slug=\"gpt-4o\">\n<div class=\"flex w-full flex-col gap-1 empty:hidden first:pt-[3px]\">\n<div class=\"markdown prose w-full break-words dark:prose-invert dark\">\n<p>Um morador do interior do munic\u00edpio de Juazeiro, que preferiu n\u00e3o se identificar, denuncia a suposta omiss\u00e3o da Defesa Civil no abastecimento de \u00e1gua por meio de carros-pipa em diversos povoados da regi\u00e3o. Segundo ele, fam\u00edlias inteiras est\u00e3o sofrendo com a falta d\u2019\u00e1gua, enquanto os caminh\u00f5es que deveriam garantir o abastecimento n\u00e3o chegam a quem realmente precisa.<\/p>\n<blockquote><p><em>&#8220;A gente pede ajuda, mas nada acontece. Tem gente passando dias sem \u00e1gua para o b\u00e1sico, enquanto os carros-pipa est\u00e3o rodando sabe-se l\u00e1 para onde. Parece que s\u00f3 algumas \u00e1reas s\u00e3o atendidas, e o resto fica esquecido&#8221;<\/em><\/p><\/blockquote>\n<p>A situa\u00e7\u00e3o tem gerado revolta entre os moradores, que questionam a atua\u00e7\u00e3o da Defesa Civil e cobram uma resposta urgente. Para muitos, a falta d\u2019\u00e1gua n\u00e3o \u00e9 apenas um problema moment\u00e2neo, mas um descaso recorrente que coloca em risco a dignidade e o bem-estar da popula\u00e7\u00e3o mais vulner\u00e1vel.<\/p>\n<p>A prefeitura municipal de Juazeiro, at\u00e9 o fechamento dessa mat\u00e9ria n\u00e3o emitiu nota esclarecendo o suposto ocorrido.<\/p>\n<\/div>\n<\/div>\n<\/div>\n<\/div>\n","protected":false},"excerpt":{"rendered":"<p>Um morador do interior do munic\u00edpio de Juazeiro, que preferiu n\u00e3o se identificar, denuncia a suposta omiss\u00e3o da Defesa Civil no abastecimento de \u00e1gua por meio de carros-pipa em diversos povoados da regi\u00e3o. Segundo ele, fam\u00edlias inteiras est\u00e3o sofrendo com a falta d\u2019\u00e1gua, enquanto os caminh\u00f5es que deveriam garantir o abastecimento n\u00e3o chegam a quem [&hellip;]<\/p>\n","protected":false},"author":1,"featured_media":72072,"comment_status":"open","ping_status":"open","sticky":false,"template":"","format":"standard","meta":{"_uag_custom_page_level_css":"","_monsterinsights_skip_tracking":false,"_monsterinsights_sitenote_active":false,"_monsterinsights_sitenote_note":"","_monsterinsights_sitenote_category":0,"jetpack_post_was_ever_published":false,"_jetpack_newsletter_access":"","_jetpack_dont_email_post_to_subs":false,"_jetpack_newsletter_tier_id":0,"_jetpack_memberships_contains_paywalled_content":false,"_jetpack_memberships_contains_paid_content":false,"footnotes":"","jetpack_publicize_message":"","jetpack_publicize_feature_enabled":true,"jetpack_social_post_already_shared":true,"jetpack_social_options":{"image_generator_settings":{"template":"highway","default_image_id":0,"font":"","enabled":false},"version":2}},"categories":[10328,207],"tags":[],"class_list":["post-72065","post","type-post","status-publish","format-standard","has-post-thumbnail","hentry","category-agua-potavel","category-denuncia"],"jetpack_publicize_connections":[],"jetpack_featured_media_url":"https:\/\/blogopara.com.br\/wp-content\/uploads\/2025\/01\/IMG-20250131-WA0030.jpg","uagb_featured_image_src":{"full":["https:\/\/blogopara.com.br\/wp-content\/uploads\/2025\/01\/IMG-20250131-WA0030.jpg",561,412,false],"thumbnail":["https:\/\/blogopara.com.br\/wp-content\/uploads\/2025\/01\/IMG-20250131-WA0030-150x150.jpg",150,150,true],"medium":["https:\/\/blogopara.com.br\/wp-content\/uploads\/2025\/01\/IMG-20250131-WA0030-300x220.jpg",300,220,true],"medium_large":["https:\/\/blogopara.com.br\/wp-content\/uploads\/2025\/01\/IMG-20250131-WA0030.jpg",561,412,false],"large":["https:\/\/blogopara.com.br\/wp-content\/uploads\/2025\/01\/IMG-20250131-WA0030.jpg",561,412,false],"1536x1536":["https:\/\/blogopara.com.br\/wp-content\/uploads\/2025\/01\/IMG-20250131-WA0030.jpg",561,412,false],"2048x2048":["https:\/\/blogopara.com.br\/wp-content\/uploads\/2025\/01\/IMG-20250131-WA0030.jpg",561,412,false],"mantranews-slider-large":["https:\/\/blogopara.com.br\/wp-content\/uploads\/2025\/01\/IMG-20250131-WA0030.jpg",561,412,false],"mantranews-featured-medium":["https:\/\/blogopara.com.br\/wp-content\/uploads\/2025\/01\/IMG-20250131-WA0030-420x307.jpg",420,307,true],"mantranews-featured-long":["https:\/\/blogopara.com.br\/wp-content\/uploads\/2025\/01\/IMG-20250131-WA0030-300x412.jpg",300,412,true],"mantranews-block-medium":["https:\/\/blogopara.com.br\/wp-content\/uploads\/2025\/01\/IMG-20250131-WA0030-464x290.jpg",464,290,true],"mantranews-carousel-image":["https:\/\/blogopara.com.br\/wp-content\/uploads\/2025\/01\/IMG-20250131-WA0030.jpg",561,412,false],"mantranews-block-thumb":["https:\/\/blogopara.com.br\/wp-content\/uploads\/2025\/01\/IMG-20250131-WA0030-322x230.jpg",322,230,true],"mantranews-single-large":["https:\/\/blogopara.com.br\/wp-content\/uploads\/2025\/01\/IMG-20250131-WA0030.jpg",561,412,false]},"uagb_author_info":{"display_name":"Reda\u00e7\u00e3o geral","author_link":"https:\/\/blogopara.com.br\/index.php\/author\/blogopara"},"uagb_comment_info":0,"uagb_excerpt":"Um morador do interior do munic\u00edpio de Juazeiro, que preferiu n\u00e3o se identificar, denuncia a suposta omiss\u00e3o da Defesa Civil no abastecimento de \u00e1gua por meio de carros-pipa em diversos povoados da regi\u00e3o. Segundo ele, fam\u00edlias inteiras est\u00e3o sofrendo com a falta d\u2019\u00e1gua, enquanto os caminh\u00f5es que deveriam garantir o abastecimento n\u00e3o chegam a quem&hellip;","jetpack_sharing_enabled":true,"jetpack_likes_enabled":true,"_links":{"self":[{"href":"https:\/\/blogopara.com.br\/index.php\/wp-json\/wp\/v2\/posts\/72065","targetHints":{"allow":["GET"]}}],"collection":[{"href":"https:\/\/blogopara.com.br\/index.php\/wp-json\/wp\/v2\/posts"}],"about":[{"href":"https:\/\/blogopara.com.br\/index.php\/wp-json\/wp\/v2\/types\/post"}],"author":[{"embeddable":true,"href":"https:\/\/blogopara.com.br\/index.php\/wp-json\/wp\/v2\/users\/1"}],"replies":[{"embeddable":true,"href":"https:\/\/blogopara.com.br\/index.php\/wp-json\/wp\/v2\/comments?post=72065"}],"version-history":[{"count":2,"href":"https:\/\/blogopara.com.br\/index.php\/wp-json\/wp\/v2\/posts\/72065\/revisions"}],"predecessor-version":[{"id":72074,"href":"https:\/\/blogopara.com.br\/index.php\/wp-json\/wp\/v2\/posts\/72065\/revisions\/72074"}],"wp:featuredmedia":[{"embeddable":true,"href":"https:\/\/blogopara.com.br\/index.php\/wp-json\/wp\/v2\/media\/72072"}],"wp:attachment":[{"href":"https:\/\/blogopara.com.br\/index.php\/wp-json\/wp\/v2\/media?parent=72065"}],"wp:term":[{"taxonomy":"category","embeddable":true,"href":"https:\/\/blogopara.com.br\/index.php\/wp-json\/wp\/v2\/categories?post=72065"},{"taxonomy":"post_tag","embeddable":true,"href":"https:\/\/blogopara.com.br\/index.php\/wp-json\/wp\/v2\/tags?post=72065"}],"curies":[{"name":"wp","href":"https:\/\/api.w.org\/{rel}","templated":true}]}}