{"id":72139,"date":"2025-02-01T22:58:48","date_gmt":"2025-02-02T01:58:48","guid":{"rendered":"https:\/\/blogopara.com.br\/?p=72139"},"modified":"2025-02-01T22:58:48","modified_gmt":"2025-02-02T01:58:48","slug":"nota-de-repudio-leitor-denuncia-o-pessimo-servico-da-prestado-pela-acautracc","status":"publish","type":"post","link":"https:\/\/blogopara.com.br\/index.php\/2025\/02\/01\/nota-de-repudio-leitor-denuncia-o-pessimo-servico-da-prestado-pela-acautracc","title":{"rendered":"NOTA DE REP\u00daDIO: Leitor den\u00fancia o p\u00e9ssimo  servi\u00e7o da prestado pela ACAUTRACC!"},"content":{"rendered":"<p>Um leitor do blog Opar\u00e1 encaminhou uma nota de rep\u00fadio contra a empresa ACAUTRACC &#8211; <strong>Associa\u00e7\u00e3o dos Condutores Aut\u00f4nomos em Transporte Complementar de Passageiros de Cura\u00e7\u00e1<\/strong>, que presta servi\u00e7o de transporte de passageiros na regi\u00e3o de Juazeiro e Cura\u00e7\u00e1.<\/p>\n<p>Confira a nota:<\/p>\n<p>N\u00f3s usu\u00e1rios de transportes de passageiros que transita entre a cidade de Cura\u00e7\u00e1-BA e Juazeiro, n\u00e3o estamos nada satisfeitos com a presta\u00e7\u00e3o de servi\u00e7os de alguns motoristas que em sua maioria das vezes param ve\u00edculos nas vias de rolamentos, algumas vezes fraguei ve\u00edculos parados na pista BA 210, colocando em risco vidas de passageiros e outros motoristas e terceiros.<\/p>\n<p>Fiquei abismado com a falta de responsabilidade e compromisso com os usu\u00e1rios dos transportes, no dia 30\/01\/2025, por motivo de fortes chuvas e rompimento de barragens a ponte na BA 210 pr\u00f3ximos ao NH3 juazeiro Ba, a ponte no burac\u00e3o foi danificada sua cabeceira, gra\u00e7as a populares nada de serio aconteceu, mas que o chama a aten\u00e7\u00e3o foi a falta de compromisso com os usu\u00e1rios da linha, a ACAUTRACC (<strong>Associa\u00e7\u00e3o dos Condutores Aut\u00f4nomos em Transporte Complementar de Passageiros de Cura\u00e7\u00e1<\/strong>), n\u00e3o emitir uma nota de esclarecimentos para os usu\u00e1rios, teve o morador de Cura\u00e7\u00e1 por nome de (Jaime), que gravou um \u00e1udio no grupo debate pol\u00edtico solicitando\u00a0 da referida empresa uma nota explicando para os usu\u00e1rios a quest\u00e3o da paraliza\u00e7\u00e3o dos servi\u00e7o, Lembrando que em um ponto das vans n\u00e3o tinha um anuncio informando aos usu\u00e1rios dos transportes o motivo da paraliza\u00e7\u00e3o da presta\u00e7\u00e3o do servi\u00e7o (fotos anexas).<\/p>\n<p>Nada foi feito, ficando a popula\u00e7\u00e3o sem saber o que fazer, mas para minha surpresa logo que a pista foi liberada veio um motorista de van de transportes de passageiros por apelido de (Junior), no grupo debate pol\u00edtico dizendo que os servi\u00e7os seriam normalizados, fiquei a pensar o compromisso e s\u00f3 em apurar o dinheiro dos passageiros? Fica a pergunta!<\/p>\n<p>Espero que a GERBA, ministre curso de orienta\u00e7\u00f5es a diretoria da ACAUTRACC, para que vinham a prestar um bom servi\u00e7o para os passageiros e oriente os motoristas na quest\u00e3o da dire\u00e7\u00e3o defensiva, parando em locais apropriados e com total seguran\u00e7a.<\/p>\n<p>Foto do ponto localizado na Av. Pedro Santos Torres, Cura\u00e7\u00e1, Bahia!<\/p>\n<p>Laete Valentim, sempre buscando melhorias nos servi\u00e7os prestado \u00e0 popula\u00e7\u00e3o!<\/p>\n<p>&nbsp;<\/p>\n<p>&nbsp;<\/p>\n<p>&nbsp;<\/p>\n<p>&nbsp;<\/p>\n<p>&nbsp;<\/p>\n<p>&nbsp;<\/p>\n<p>fo<\/p>\n","protected":false},"excerpt":{"rendered":"<p>Um leitor do blog Opar\u00e1 encaminhou uma nota de rep\u00fadio contra a empresa ACAUTRACC &#8211; Associa\u00e7\u00e3o dos Condutores Aut\u00f4nomos em Transporte Complementar de Passageiros de Cura\u00e7\u00e1, que presta servi\u00e7o de transporte de passageiros na regi\u00e3o de Juazeiro e Cura\u00e7\u00e1. Confira a nota: N\u00f3s usu\u00e1rios de transportes de passageiros que transita entre a cidade de Cura\u00e7\u00e1-BA [&hellip;]<\/p>\n","protected":false},"author":1,"featured_media":72140,"comment_status":"open","ping_status":"open","sticky":false,"template":"","format":"standard","meta":{"_uag_custom_page_level_css":"","_monsterinsights_skip_tracking":false,"_monsterinsights_sitenote_active":false,"_monsterinsights_sitenote_note":"","_monsterinsights_sitenote_category":0,"jetpack_post_was_ever_published":false,"_jetpack_newsletter_access":"","_jetpack_dont_email_post_to_subs":false,"_jetpack_newsletter_tier_id":0,"_jetpack_memberships_contains_paywalled_content":false,"_jetpack_memberships_contains_paid_content":false,"footnotes":"","jetpack_publicize_message":"","jetpack_publicize_feature_enabled":true,"jetpack_social_post_already_shared":true,"jetpack_social_options":{"image_generator_settings":{"template":"highway","default_image_id":0,"font":"","enabled":false},"version":2}},"categories":[1503,203,10963],"tags":[],"class_list":["post-72139","post","type-post","status-publish","format-standard","has-post-thumbnail","hentry","category-curaca","category-juazeiro","category-leitor"],"jetpack_publicize_connections":[],"jetpack_featured_media_url":"https:\/\/blogopara.com.br\/wp-content\/uploads\/2025\/02\/Sem-titulo.png","uagb_featured_image_src":{"full":["https:\/\/blogopara.com.br\/wp-content\/uploads\/2025\/02\/Sem-titulo.png",450,516,false],"thumbnail":["https:\/\/blogopara.com.br\/wp-content\/uploads\/2025\/02\/Sem-titulo-150x150.png",150,150,true],"medium":["https:\/\/blogopara.com.br\/wp-content\/uploads\/2025\/02\/Sem-titulo-262x300.png",262,300,true],"medium_large":["https:\/\/blogopara.com.br\/wp-content\/uploads\/2025\/02\/Sem-titulo.png",450,516,false],"large":["https:\/\/blogopara.com.br\/wp-content\/uploads\/2025\/02\/Sem-titulo.png",450,516,false],"1536x1536":["https:\/\/blogopara.com.br\/wp-content\/uploads\/2025\/02\/Sem-titulo.png",450,516,false],"2048x2048":["https:\/\/blogopara.com.br\/wp-content\/uploads\/2025\/02\/Sem-titulo.png",450,516,false],"mantranews-slider-large":["https:\/\/blogopara.com.br\/wp-content\/uploads\/2025\/02\/Sem-titulo.png",450,516,false],"mantranews-featured-medium":["https:\/\/blogopara.com.br\/wp-content\/uploads\/2025\/02\/Sem-titulo-420x307.png",420,307,true],"mantranews-featured-long":["https:\/\/blogopara.com.br\/wp-content\/uploads\/2025\/02\/Sem-titulo-300x443.png",300,443,true],"mantranews-block-medium":["https:\/\/blogopara.com.br\/wp-content\/uploads\/2025\/02\/Sem-titulo-450x290.png",450,290,true],"mantranews-carousel-image":["https:\/\/blogopara.com.br\/wp-content\/uploads\/2025\/02\/Sem-titulo-450x500.png",450,500,true],"mantranews-block-thumb":["https:\/\/blogopara.com.br\/wp-content\/uploads\/2025\/02\/Sem-titulo-322x230.png",322,230,true],"mantranews-single-large":["https:\/\/blogopara.com.br\/wp-content\/uploads\/2025\/02\/Sem-titulo.png",450,516,false]},"uagb_author_info":{"display_name":"Reda\u00e7\u00e3o geral","author_link":"https:\/\/blogopara.com.br\/index.php\/author\/blogopara"},"uagb_comment_info":0,"uagb_excerpt":"Um leitor do blog Opar\u00e1 encaminhou uma nota de rep\u00fadio contra a empresa ACAUTRACC &#8211; Associa\u00e7\u00e3o dos Condutores Aut\u00f4nomos em Transporte Complementar de Passageiros de Cura\u00e7\u00e1, que presta servi\u00e7o de transporte de passageiros na regi\u00e3o de Juazeiro e Cura\u00e7\u00e1. Confira a nota: N\u00f3s usu\u00e1rios de transportes de passageiros que transita entre a cidade de Cura\u00e7\u00e1-BA&hellip;","jetpack_sharing_enabled":true,"jetpack_likes_enabled":true,"_links":{"self":[{"href":"https:\/\/blogopara.com.br\/index.php\/wp-json\/wp\/v2\/posts\/72139","targetHints":{"allow":["GET"]}}],"collection":[{"href":"https:\/\/blogopara.com.br\/index.php\/wp-json\/wp\/v2\/posts"}],"about":[{"href":"https:\/\/blogopara.com.br\/index.php\/wp-json\/wp\/v2\/types\/post"}],"author":[{"embeddable":true,"href":"https:\/\/blogopara.com.br\/index.php\/wp-json\/wp\/v2\/users\/1"}],"replies":[{"embeddable":true,"href":"https:\/\/blogopara.com.br\/index.php\/wp-json\/wp\/v2\/comments?post=72139"}],"version-history":[{"count":1,"href":"https:\/\/blogopara.com.br\/index.php\/wp-json\/wp\/v2\/posts\/72139\/revisions"}],"predecessor-version":[{"id":72141,"href":"https:\/\/blogopara.com.br\/index.php\/wp-json\/wp\/v2\/posts\/72139\/revisions\/72141"}],"wp:featuredmedia":[{"embeddable":true,"href":"https:\/\/blogopara.com.br\/index.php\/wp-json\/wp\/v2\/media\/72140"}],"wp:attachment":[{"href":"https:\/\/blogopara.com.br\/index.php\/wp-json\/wp\/v2\/media?parent=72139"}],"wp:term":[{"taxonomy":"category","embeddable":true,"href":"https:\/\/blogopara.com.br\/index.php\/wp-json\/wp\/v2\/categories?post=72139"},{"taxonomy":"post_tag","embeddable":true,"href":"https:\/\/blogopara.com.br\/index.php\/wp-json\/wp\/v2\/tags?post=72139"}],"curies":[{"name":"wp","href":"https:\/\/api.w.org\/{rel}","templated":true}]}}