{"id":72142,"date":"2025-02-02T10:25:38","date_gmt":"2025-02-02T13:25:38","guid":{"rendered":"https:\/\/blogopara.com.br\/?p=72142"},"modified":"2025-02-02T10:25:38","modified_gmt":"2025-02-02T13:25:38","slug":"instituto-afro-aciona-ministerio-publico-para-proibir-shows-de-claudia-leitte-na-bahia","status":"publish","type":"post","link":"https:\/\/blogopara.com.br\/index.php\/2025\/02\/02\/instituto-afro-aciona-ministerio-publico-para-proibir-shows-de-claudia-leitte-na-bahia","title":{"rendered":"Instituto afro aciona Minist\u00e9rio P\u00fablico para proibir shows de Cl\u00e1udia Leitte na Bahia"},"content":{"rendered":"<p>O Idafro (Instituto de Defesa dos Direitos das Religi\u00f5es Afrobrasileiras) e a iyalorix\u00e1 Jaciara Ribeiro apresentaram uma peti\u00e7\u00e3o ao Minist\u00e9rio P\u00fablico da Bahia para que recomende ao governo do estado e \u00e0 Prefeitura de Salvador que n\u00e3o contratem shows da cantora Cl\u00e1udia Leitte.<\/p>\n<p>A peti\u00e7\u00e3o, desta quinta-feira (30), \u00e9 endere\u00e7ada \u00e0 ju\u00edza Livia Santana e Sant\u2019Anna Vaz, da Promotoria de Justi\u00e7a Especializada no Combate ao Racismo e \u00e0 Intoler\u00e2ncia Religiosa.<\/p>\n<p>Inqu\u00e9rito civil no Minist\u00e9rio P\u00fablico da Bahia apura se Cl\u00e1udia Leitte cometeu racismo religioso ao trocar o verso \u201csaudando a rainha Iemanj\u00e1\u201d para \u201ceu canto meu rei Yeshua\u201d na faixa \u201cCaranguejo\u201d.<\/p>\n<p>No texto, o Idafro e a iyalorix\u00e1 pedem a expedi\u00e7\u00e3o de recomenda\u00e7\u00e3o ao governo do estado e \u00e0 Prefeitura de Salvador \u201cpara que respeitem a Constitui\u00e7\u00e3o Federal e n\u00e3o contratem Cl\u00e1udia Leitte para quaisquer performances art\u00edsticas\u201d.<\/p>\n<p>Eles citam dispositivo da Conven\u00e7\u00e3o Interamericana Contra o Racismo, a Discrimina\u00e7\u00e3o Racial e Formas Correlatas de Intoler\u00e2ncia, que tem for\u00e7a de emenda constitucional.<\/p>\n<p>Conforme o texto, os Estados se comprometem a \u201cprevenir, eliminar, proibir e punir, de acordo com suas normas constitucionais e com as disposi\u00e7\u00f5es desta Conven\u00e7\u00e3o, todos os atos e manifesta\u00e7\u00f5es de racismo, discrimina\u00e7\u00e3o racial e formas correlatas de intoler\u00e2ncia\u201d, inclusive \u201capoio p\u00fablico ou privado a atividades racialmente discriminat\u00f3rias e racistas ou que promovam a intoler\u00e2ncia, incluindo seu financiamento.\u201d<\/p>\n<p>O Idafro e a iyalorix\u00e1 tamb\u00e9m incluem na peti\u00e7\u00e3o trechos da lei org\u00e2nica nacional do Minist\u00e9rio P\u00fablico, que dizem que o \u00f3rg\u00e3o deve exercer a defesa dos direitos assegurados nas Constitui\u00e7\u00f5es Federal e Estadual e garantir que sejam respeitados pelos Poderes estaduais ou municipais e pelos \u00f3rg\u00e3os da Administra\u00e7\u00e3o P\u00fablica Estadual ou Municipal, direta ou indireta.<\/p>\n<p>Entre as atribui\u00e7\u00f5es do MP tamb\u00e9m est\u00e1 \u201d promover audi\u00eancias p\u00fablicas e emitir relat\u00f3rios, anual ou especiais, e recomenda\u00e7\u00f5es dirigidas aos \u00f3rg\u00e3os e entidades\u201d, pedindo ao \u201cdestinat\u00e1rio sua divulga\u00e7\u00e3o adequada e imediata, assim como resposta por escrito\u201d.<\/p>\n","protected":false},"excerpt":{"rendered":"<p>O Idafro (Instituto de Defesa dos Direitos das Religi\u00f5es Afrobrasileiras) e a iyalorix\u00e1 Jaciara Ribeiro apresentaram uma peti\u00e7\u00e3o ao Minist\u00e9rio P\u00fablico da Bahia para que recomende ao governo do estado e \u00e0 Prefeitura de Salvador que n\u00e3o contratem shows da cantora Cl\u00e1udia Leitte. A peti\u00e7\u00e3o, desta quinta-feira (30), \u00e9 endere\u00e7ada \u00e0 ju\u00edza Livia Santana e [&hellip;]<\/p>\n","protected":false},"author":1,"featured_media":72144,"comment_status":"open","ping_status":"open","sticky":false,"template":"","format":"standard","meta":{"_uag_custom_page_level_css":"","_monsterinsights_skip_tracking":false,"_monsterinsights_sitenote_active":false,"_monsterinsights_sitenote_note":"","_monsterinsights_sitenote_category":0,"jetpack_post_was_ever_published":false,"_jetpack_newsletter_access":"","_jetpack_dont_email_post_to_subs":false,"_jetpack_newsletter_tier_id":0,"_jetpack_memberships_contains_paywalled_content":false,"_jetpack_memberships_contains_paid_content":false,"footnotes":"","jetpack_publicize_message":"","jetpack_publicize_feature_enabled":true,"jetpack_social_post_already_shared":true,"jetpack_social_options":{"image_generator_settings":{"template":"highway","default_image_id":0,"font":"","enabled":false},"version":2}},"categories":[199],"tags":[],"class_list":["post-72142","post","type-post","status-publish","format-standard","has-post-thumbnail","hentry","category-bahia"],"jetpack_publicize_connections":[],"jetpack_featured_media_url":"https:\/\/blogopara.com.br\/wp-content\/uploads\/2025\/02\/imagem_2025-02-02_102447557-e1738502721989.png","uagb_featured_image_src":{"full":["https:\/\/blogopara.com.br\/wp-content\/uploads\/2025\/02\/imagem_2025-02-02_102447557-e1738502721989.png",500,418,false],"thumbnail":["https:\/\/blogopara.com.br\/wp-content\/uploads\/2025\/02\/imagem_2025-02-02_102447557-150x150.png",150,150,true],"medium":["https:\/\/blogopara.com.br\/wp-content\/uploads\/2025\/02\/imagem_2025-02-02_102447557-300x251.png",300,251,true],"medium_large":["https:\/\/blogopara.com.br\/wp-content\/uploads\/2025\/02\/imagem_2025-02-02_102447557-e1738502721989.png",500,418,false],"large":["https:\/\/blogopara.com.br\/wp-content\/uploads\/2025\/02\/imagem_2025-02-02_102447557-e1738502721989.png",500,418,false],"1536x1536":["https:\/\/blogopara.com.br\/wp-content\/uploads\/2025\/02\/imagem_2025-02-02_102447557-e1738502721989.png",500,418,false],"2048x2048":["https:\/\/blogopara.com.br\/wp-content\/uploads\/2025\/02\/imagem_2025-02-02_102447557-e1738502721989.png",500,418,false],"mantranews-slider-large":["https:\/\/blogopara.com.br\/wp-content\/uploads\/2025\/02\/imagem_2025-02-02_102447557-e1738502721989.png",500,418,false],"mantranews-featured-medium":["https:\/\/blogopara.com.br\/wp-content\/uploads\/2025\/02\/imagem_2025-02-02_102447557-420x307.png",420,307,true],"mantranews-featured-long":["https:\/\/blogopara.com.br\/wp-content\/uploads\/2025\/02\/imagem_2025-02-02_102447557-300x443.png",300,443,true],"mantranews-block-medium":["https:\/\/blogopara.com.br\/wp-content\/uploads\/2025\/02\/imagem_2025-02-02_102447557-464x290.png",464,290,true],"mantranews-carousel-image":["https:\/\/blogopara.com.br\/wp-content\/uploads\/2025\/02\/imagem_2025-02-02_102447557-e1738502721989.png",500,418,false],"mantranews-block-thumb":["https:\/\/blogopara.com.br\/wp-content\/uploads\/2025\/02\/imagem_2025-02-02_102447557-322x230.png",322,230,true],"mantranews-single-large":["https:\/\/blogopara.com.br\/wp-content\/uploads\/2025\/02\/imagem_2025-02-02_102447557-e1738502721989.png",500,418,false]},"uagb_author_info":{"display_name":"Reda\u00e7\u00e3o geral","author_link":"https:\/\/blogopara.com.br\/index.php\/author\/blogopara"},"uagb_comment_info":0,"uagb_excerpt":"O Idafro (Instituto de Defesa dos Direitos das Religi\u00f5es Afrobrasileiras) e a iyalorix\u00e1 Jaciara Ribeiro apresentaram uma peti\u00e7\u00e3o ao Minist\u00e9rio P\u00fablico da Bahia para que recomende ao governo do estado e \u00e0 Prefeitura de Salvador que n\u00e3o contratem shows da cantora Cl\u00e1udia Leitte. A peti\u00e7\u00e3o, desta quinta-feira (30), \u00e9 endere\u00e7ada \u00e0 ju\u00edza Livia Santana e&hellip;","jetpack_sharing_enabled":true,"jetpack_likes_enabled":true,"_links":{"self":[{"href":"https:\/\/blogopara.com.br\/index.php\/wp-json\/wp\/v2\/posts\/72142","targetHints":{"allow":["GET"]}}],"collection":[{"href":"https:\/\/blogopara.com.br\/index.php\/wp-json\/wp\/v2\/posts"}],"about":[{"href":"https:\/\/blogopara.com.br\/index.php\/wp-json\/wp\/v2\/types\/post"}],"author":[{"embeddable":true,"href":"https:\/\/blogopara.com.br\/index.php\/wp-json\/wp\/v2\/users\/1"}],"replies":[{"embeddable":true,"href":"https:\/\/blogopara.com.br\/index.php\/wp-json\/wp\/v2\/comments?post=72142"}],"version-history":[{"count":1,"href":"https:\/\/blogopara.com.br\/index.php\/wp-json\/wp\/v2\/posts\/72142\/revisions"}],"predecessor-version":[{"id":72145,"href":"https:\/\/blogopara.com.br\/index.php\/wp-json\/wp\/v2\/posts\/72142\/revisions\/72145"}],"wp:featuredmedia":[{"embeddable":true,"href":"https:\/\/blogopara.com.br\/index.php\/wp-json\/wp\/v2\/media\/72144"}],"wp:attachment":[{"href":"https:\/\/blogopara.com.br\/index.php\/wp-json\/wp\/v2\/media?parent=72142"}],"wp:term":[{"taxonomy":"category","embeddable":true,"href":"https:\/\/blogopara.com.br\/index.php\/wp-json\/wp\/v2\/categories?post=72142"},{"taxonomy":"post_tag","embeddable":true,"href":"https:\/\/blogopara.com.br\/index.php\/wp-json\/wp\/v2\/tags?post=72142"}],"curies":[{"name":"wp","href":"https:\/\/api.w.org\/{rel}","templated":true}]}}