{"id":72205,"date":"2025-02-04T08:20:03","date_gmt":"2025-02-04T11:20:03","guid":{"rendered":"https:\/\/blogopara.com.br\/?p=72205"},"modified":"2025-02-03T19:24:28","modified_gmt":"2025-02-03T22:24:28","slug":"comissao-provisoria-do-cmdrs-inicia-calendario-de-reunioes-com-representantes-dos-nucleos-das-associacoes","status":"publish","type":"post","link":"https:\/\/blogopara.com.br\/index.php\/2025\/02\/04\/comissao-provisoria-do-cmdrs-inicia-calendario-de-reunioes-com-representantes-dos-nucleos-das-associacoes","title":{"rendered":"Comiss\u00e3o Provis\u00f3ria do CMDRS inicia calend\u00e1rio de reuni\u00f5es com representantes dos N\u00facleos das Associa\u00e7\u00f5es"},"content":{"rendered":"<p>Membros da Comiss\u00e3o Provis\u00f3ria do Conselho Municipal de Desenvolvimento Rural Sustent\u00e1vel (CMDRS) elaboram calend\u00e1rio de reuni\u00f5es com os agricultores de Petrolina. No \u00faltimo dia 30, os membros se reuniram para defini\u00e7\u00e3o do cronograma que inicia nesta sexta-feira (07).<\/p>\n<p>Fazem parte da Comiss\u00e3o Provis\u00f3ria, a presidente do Sintraf Petrolina, Is\u00e1lia Damacena; Carlos Poss\u00eddio, representando o IPA; Ozaneide Gomes representando as Associa\u00e7\u00f5es de Agricultores locais; Rui Holanda, representando das Cooperativas municipais e Cec\u00edlia Rodrigues, preposta da Prefeitura de Petrolina.<\/p>\n<p>A principal miss\u00e3o do CMDRS \u00e9 a elabora\u00e7\u00e3o do Plano Municipal de Desenvolvimento Rural Sustent\u00e1vel, cujo objetivo principal \u00e9 o fortalecimento Agricultura Familiar de Petrolina, entretanto, outras atividades est\u00e3o previstas para aumentar a capacidade produtiva, gera\u00e7\u00e3o de emprego e eleva\u00e7\u00e3o da renda dos agricultores familiares. O intuito \u00e9 de promover o desenvolvimento no meio rural. \u201cAgricultores familiares bem-sucedidos contribuem para o fortalecimento do desenvolvimento regional e para a perman\u00eancia do homem no campo\u201d, ressalta Is\u00e1lia Damacena, presidente do Sintraf Petrolina.<\/p>\n<p>No \u00faltimo dia 30, os membros se reuniram para defini\u00e7\u00e3o do cronograma de reuni\u00f5es com os agricultores familiares de Petrolina. As reuni\u00f5es j\u00e1 come\u00e7am nesta sexta-feira (07) para a escolha dos representantes dos N\u00facleos.<\/p>\n<p>Reuni\u00f5es com os n\u00facleos das Associa\u00e7\u00f5es:<br \/>\nData &#8211; 07\/02\/2025<br \/>\nN\u00facleo &#8211; Rajada \/ Caro\u00e1<br \/>\nHor\u00e1rio &#8211; 09h<br \/>\nLocal &#8211; Audit\u00f3rio do Centro Agropecu\u00e1rio &#8211; IPA (Av. das Na\u00e7\u00f5es s\/n).<br \/>\n2\u00aa Reuni\u00e3o<br \/>\nData &#8211; 10\/02\/2025<br \/>\nN\u00facleo &#8211; Caititu \/ Uru\u00e1s \/ Pau Ferro \/ Simpatia<br \/>\nHor\u00e1rio &#8211; 09h<br \/>\nLocal &#8211; Escola do Saber &#8211; (Tv. S\u00e3o Crist\u00f3v\u00e3o, 71 &#8211; Vila Moco).<br \/>\n3\u00aa Reuni\u00e3o<br \/>\nData &#8211; 12\/02\/2025<br \/>\nN\u00facleo &#8211; Cruz de Salinas \/ Terra Nova \/ Izacol\u00e2ndia<br \/>\nHor\u00e1rio &#8211; 09h<br \/>\nLocal &#8211; Escola do Saber &#8211; (Tv. S\u00e3o Crist\u00f3v\u00e3o, 71 &#8211; Vila Moco).<br \/>\n4\u00aa Reuni\u00e3o<br \/>\nData &#8211; 14\/02\/2025<br \/>\nN\u00facleo &#8211; Capim \/ Nova Descoberta \/ Ro\u00e7ado\/ Pedrinhas<br \/>\nHor\u00e1rio &#8211; 09h<br \/>\nLocal &#8211; Audit\u00f3rio do Centro Agropecu\u00e1rio &#8211; IPA (Av. das Na\u00e7\u00f5es s\/n).<br \/>\n5\u00aa Reuni\u00e3o<br \/>\nData &#8211; 17\/02\/2025<br \/>\nN\u00facleo &#8211; \u00c1rea Irrigada \u2013 Nilo Coelho, Maria Tereza, Bebedouro, Pontal \/ Projetos Irrigados do Governo do Estado<br \/>\nHor\u00e1rio &#8211; 09h<br \/>\nLocal &#8211; Escola do Saber &#8211; (Tv. S\u00e3o Crist\u00f3v\u00e3o, 71 &#8211; Vila Moco).<br \/>\nO Conselho tem car\u00e1ter deliberativo, consultivo, fiscalizador e orientativo das pol\u00edticas p\u00fablicas e pretende, com estes encontros, discutir e elaborar um plano de a\u00e7\u00f5es para 2025 junto com os presidentes e representantes de associa\u00e7\u00f5es.<\/p>\n<p>M\u00f4nia Ramos \u2013 Jornalista<br \/>\nAscom<\/p>\n","protected":false},"excerpt":{"rendered":"<p>Membros da Comiss\u00e3o Provis\u00f3ria do Conselho Municipal de Desenvolvimento Rural Sustent\u00e1vel (CMDRS) elaboram calend\u00e1rio de reuni\u00f5es com os agricultores de Petrolina. No \u00faltimo dia 30, os membros se reuniram para defini\u00e7\u00e3o do cronograma que inicia nesta sexta-feira (07). Fazem parte da Comiss\u00e3o Provis\u00f3ria, a presidente do Sintraf Petrolina, Is\u00e1lia Damacena; Carlos Poss\u00eddio, representando o IPA; [&hellip;]<\/p>\n","protected":false},"author":1,"featured_media":72207,"comment_status":"open","ping_status":"open","sticky":false,"template":"","format":"standard","meta":{"_uag_custom_page_level_css":"","_monsterinsights_skip_tracking":false,"_monsterinsights_sitenote_active":false,"_monsterinsights_sitenote_note":"","_monsterinsights_sitenote_category":0,"jetpack_post_was_ever_published":false,"_jetpack_newsletter_access":"","_jetpack_dont_email_post_to_subs":false,"_jetpack_newsletter_tier_id":0,"_jetpack_memberships_contains_paywalled_content":false,"_jetpack_memberships_contains_paid_content":false,"footnotes":"","jetpack_publicize_message":"","jetpack_publicize_feature_enabled":true,"jetpack_social_post_already_shared":true,"jetpack_social_options":{"image_generator_settings":{"template":"highway","default_image_id":0,"font":"","enabled":false},"version":2}},"categories":[851],"tags":[],"class_list":["post-72205","post","type-post","status-publish","format-standard","has-post-thumbnail","hentry","category-petrolina"],"jetpack_publicize_connections":[],"jetpack_featured_media_url":"https:\/\/blogopara.com.br\/wp-content\/uploads\/2025\/02\/WhatsApp-Image-2025-02-03-at-18.08.13.jpeg","uagb_featured_image_src":{"full":["https:\/\/blogopara.com.br\/wp-content\/uploads\/2025\/02\/WhatsApp-Image-2025-02-03-at-18.08.13.jpeg",500,375,false],"thumbnail":["https:\/\/blogopara.com.br\/wp-content\/uploads\/2025\/02\/WhatsApp-Image-2025-02-03-at-18.08.13-150x150.jpeg",150,150,true],"medium":["https:\/\/blogopara.com.br\/wp-content\/uploads\/2025\/02\/WhatsApp-Image-2025-02-03-at-18.08.13-300x225.jpeg",300,225,true],"medium_large":["https:\/\/blogopara.com.br\/wp-content\/uploads\/2025\/02\/WhatsApp-Image-2025-02-03-at-18.08.13.jpeg",500,375,false],"large":["https:\/\/blogopara.com.br\/wp-content\/uploads\/2025\/02\/WhatsApp-Image-2025-02-03-at-18.08.13.jpeg",500,375,false],"1536x1536":["https:\/\/blogopara.com.br\/wp-content\/uploads\/2025\/02\/WhatsApp-Image-2025-02-03-at-18.08.13.jpeg",500,375,false],"2048x2048":["https:\/\/blogopara.com.br\/wp-content\/uploads\/2025\/02\/WhatsApp-Image-2025-02-03-at-18.08.13.jpeg",500,375,false],"mantranews-slider-large":["https:\/\/blogopara.com.br\/wp-content\/uploads\/2025\/02\/WhatsApp-Image-2025-02-03-at-18.08.13.jpeg",500,375,false],"mantranews-featured-medium":["https:\/\/blogopara.com.br\/wp-content\/uploads\/2025\/02\/WhatsApp-Image-2025-02-03-at-18.08.13-420x307.jpeg",420,307,true],"mantranews-featured-long":["https:\/\/blogopara.com.br\/wp-content\/uploads\/2025\/02\/WhatsApp-Image-2025-02-03-at-18.08.13-300x375.jpeg",300,375,true],"mantranews-block-medium":["https:\/\/blogopara.com.br\/wp-content\/uploads\/2025\/02\/WhatsApp-Image-2025-02-03-at-18.08.13-464x290.jpeg",464,290,true],"mantranews-carousel-image":["https:\/\/blogopara.com.br\/wp-content\/uploads\/2025\/02\/WhatsApp-Image-2025-02-03-at-18.08.13.jpeg",500,375,false],"mantranews-block-thumb":["https:\/\/blogopara.com.br\/wp-content\/uploads\/2025\/02\/WhatsApp-Image-2025-02-03-at-18.08.13-322x230.jpeg",322,230,true],"mantranews-single-large":["https:\/\/blogopara.com.br\/wp-content\/uploads\/2025\/02\/WhatsApp-Image-2025-02-03-at-18.08.13.jpeg",500,375,false]},"uagb_author_info":{"display_name":"Reda\u00e7\u00e3o geral","author_link":"https:\/\/blogopara.com.br\/index.php\/author\/blogopara"},"uagb_comment_info":0,"uagb_excerpt":"Membros da Comiss\u00e3o Provis\u00f3ria do Conselho Municipal de Desenvolvimento Rural Sustent\u00e1vel (CMDRS) elaboram calend\u00e1rio de reuni\u00f5es com os agricultores de Petrolina. No \u00faltimo dia 30, os membros se reuniram para defini\u00e7\u00e3o do cronograma que inicia nesta sexta-feira (07). Fazem parte da Comiss\u00e3o Provis\u00f3ria, a presidente do Sintraf Petrolina, Is\u00e1lia Damacena; Carlos Poss\u00eddio, representando o IPA;&hellip;","jetpack_sharing_enabled":true,"jetpack_likes_enabled":true,"_links":{"self":[{"href":"https:\/\/blogopara.com.br\/index.php\/wp-json\/wp\/v2\/posts\/72205","targetHints":{"allow":["GET"]}}],"collection":[{"href":"https:\/\/blogopara.com.br\/index.php\/wp-json\/wp\/v2\/posts"}],"about":[{"href":"https:\/\/blogopara.com.br\/index.php\/wp-json\/wp\/v2\/types\/post"}],"author":[{"embeddable":true,"href":"https:\/\/blogopara.com.br\/index.php\/wp-json\/wp\/v2\/users\/1"}],"replies":[{"embeddable":true,"href":"https:\/\/blogopara.com.br\/index.php\/wp-json\/wp\/v2\/comments?post=72205"}],"version-history":[{"count":1,"href":"https:\/\/blogopara.com.br\/index.php\/wp-json\/wp\/v2\/posts\/72205\/revisions"}],"predecessor-version":[{"id":72208,"href":"https:\/\/blogopara.com.br\/index.php\/wp-json\/wp\/v2\/posts\/72205\/revisions\/72208"}],"wp:featuredmedia":[{"embeddable":true,"href":"https:\/\/blogopara.com.br\/index.php\/wp-json\/wp\/v2\/media\/72207"}],"wp:attachment":[{"href":"https:\/\/blogopara.com.br\/index.php\/wp-json\/wp\/v2\/media?parent=72205"}],"wp:term":[{"taxonomy":"category","embeddable":true,"href":"https:\/\/blogopara.com.br\/index.php\/wp-json\/wp\/v2\/categories?post=72205"},{"taxonomy":"post_tag","embeddable":true,"href":"https:\/\/blogopara.com.br\/index.php\/wp-json\/wp\/v2\/tags?post=72205"}],"curies":[{"name":"wp","href":"https:\/\/api.w.org\/{rel}","templated":true}]}}