{"id":7226,"date":"2020-02-14T19:15:05","date_gmt":"2020-02-14T22:15:05","guid":{"rendered":"http:\/\/blogopara.com.br\/?p=7226"},"modified":"2020-02-14T19:15:12","modified_gmt":"2020-02-14T22:15:12","slug":"sinjorba-repudia-detencao-de-jornalistas-em-exercicio-profissional-e-exige-retratacao-por-parte-do-estado","status":"publish","type":"post","link":"https:\/\/blogopara.com.br\/index.php\/2020\/02\/14\/sinjorba-repudia-detencao-de-jornalistas-em-exercicio-profissional-e-exige-retratacao-por-parte-do-estado","title":{"rendered":"Sinjorba repudia deten\u00e7\u00e3o de jornalistas em exerc\u00edcio profissional e exige retrata\u00e7\u00e3o por parte do Estado"},"content":{"rendered":"<p style=\"text-align: justify;\">O Sindicato dos Jornalistas Profissionais no Estado da Bahia (Sinjorba) manifesta veemente rep\u00fadio pela pris\u00e3o, nesta sexta (14), de dois jornalistas que apuravam as circunst\u00e2ncias da morte do ex-capit\u00e3o Adriano da N\u00f3brega, acusado de ser chefe da Mil\u00edcia Escrit\u00f3rio do Crime, ap\u00f3s \u201cconfronto\u201d com a Pol\u00edcia Militar da Bahia, em Esplanada (BA), domingo passado.<\/p>\n<p style=\"text-align: justify;\">Os dois jornalistas da revista Veja, Hugo Marques e Cristiano Mariz, estavam em pleno e livre exerc\u00edcio profissional e se identificaram quando abordados pela viatura da PM-BA. Mesmo assim, foram conduzidos a uma delegacia e tiveram o gravador de trabalho inspecionado, antes de sua devolu\u00e7\u00e3o, em claro sinal de intimida\u00e7\u00e3o a consecu\u00e7\u00e3o de suas tarefas.<\/p>\n<p style=\"text-align: justify;\">A Constitui\u00e7\u00e3o do Brasil garante a liberdade no trabalho da imprensa, preceito magno que vem sendo atropelado pelas autoridades de Seguran\u00e7a P\u00fablica. Vivemos um quadro de clara intimida\u00e7\u00e3o a quem tenta cumprir o papel social do jornalismo: informar os fatos, de forma transparente e respons\u00e1vel, aos cidad\u00e3os brasileiros.<\/p>\n<p style=\"text-align: justify;\">Uma morte cujas circunst\u00e2ncias e motiva\u00e7\u00f5es s\u00e3o cercadas de d\u00favidas imp\u00f5e que o trabalho da imprensa seja livre de san\u00e7\u00f5es, para um melhor acompanhamento das investiga\u00e7\u00f5es e divulga\u00e7\u00e3o dos fatos. O ocorrido com os dois jornalistas da Veja s\u00f3 ajuda a alimentar as suspeitas de que h\u00e1 mais a se informar do que foi at\u00e9 agora revelado.<\/p>\n<p style=\"text-align: justify;\">O Sinjorba exige do Governo do Estado uma retrata\u00e7\u00e3o e, sobretudo, uma mudan\u00e7a de postura dos agentes policiais para que cessem os abusos contra o trabalho da imprensa na Bahia.<\/p>\n","protected":false},"excerpt":{"rendered":"<p>O Sindicato dos Jornalistas Profissionais no Estado da Bahia (Sinjorba) manifesta veemente rep\u00fadio pela pris\u00e3o, nesta sexta (14), de dois jornalistas que apuravam as circunst\u00e2ncias da morte do ex-capit\u00e3o Adriano da N\u00f3brega, acusado de ser chefe da Mil\u00edcia Escrit\u00f3rio do Crime, ap\u00f3s \u201cconfronto\u201d com a Pol\u00edcia Militar da Bahia, em Esplanada (BA), domingo passado. Os [&hellip;]<\/p>\n","protected":false},"author":1,"featured_media":7227,"comment_status":"open","ping_status":"open","sticky":false,"template":"","format":"standard","meta":{"_uag_custom_page_level_css":"","_monsterinsights_skip_tracking":false,"_monsterinsights_sitenote_active":false,"_monsterinsights_sitenote_note":"","_monsterinsights_sitenote_category":0,"jetpack_post_was_ever_published":false,"_jetpack_newsletter_access":"","_jetpack_dont_email_post_to_subs":false,"_jetpack_newsletter_tier_id":0,"_jetpack_memberships_contains_paywalled_content":false,"_jetpack_memberships_contains_paid_content":false,"footnotes":"","jetpack_publicize_message":"","jetpack_publicize_feature_enabled":true,"jetpack_social_post_already_shared":true,"jetpack_social_options":{"image_generator_settings":{"template":"highway","default_image_id":0,"font":"","enabled":false},"version":2}},"categories":[199],"tags":[],"class_list":["post-7226","post","type-post","status-publish","format-standard","has-post-thumbnail","hentry","category-bahia"],"jetpack_publicize_connections":[],"jetpack_featured_media_url":"https:\/\/blogopara.com.br\/wp-content\/uploads\/2020\/02\/NotaSinjorba.png","uagb_featured_image_src":{"full":["https:\/\/blogopara.com.br\/wp-content\/uploads\/2020\/02\/NotaSinjorba.png",1024,768,false],"thumbnail":["https:\/\/blogopara.com.br\/wp-content\/uploads\/2020\/02\/NotaSinjorba-150x150.png",150,150,true],"medium":["https:\/\/blogopara.com.br\/wp-content\/uploads\/2020\/02\/NotaSinjorba-300x225.png",300,225,true],"medium_large":["https:\/\/blogopara.com.br\/wp-content\/uploads\/2020\/02\/NotaSinjorba-768x576.png",640,480,true],"large":["https:\/\/blogopara.com.br\/wp-content\/uploads\/2020\/02\/NotaSinjorba.png",640,480,false],"1536x1536":["https:\/\/blogopara.com.br\/wp-content\/uploads\/2020\/02\/NotaSinjorba.png",1024,768,false],"2048x2048":["https:\/\/blogopara.com.br\/wp-content\/uploads\/2020\/02\/NotaSinjorba.png",1024,768,false],"mantranews-slider-large":["https:\/\/blogopara.com.br\/wp-content\/uploads\/2020\/02\/NotaSinjorba.png",988,741,false],"mantranews-featured-medium":["https:\/\/blogopara.com.br\/wp-content\/uploads\/2020\/02\/NotaSinjorba.png",409,307,false],"mantranews-featured-long":["https:\/\/blogopara.com.br\/wp-content\/uploads\/2020\/02\/NotaSinjorba.png",300,225,false],"mantranews-block-medium":["https:\/\/blogopara.com.br\/wp-content\/uploads\/2020\/02\/NotaSinjorba.png",387,290,false],"mantranews-carousel-image":["https:\/\/blogopara.com.br\/wp-content\/uploads\/2020\/02\/NotaSinjorba.png",600,450,false],"mantranews-block-thumb":["https:\/\/blogopara.com.br\/wp-content\/uploads\/2020\/02\/NotaSinjorba.png",307,230,false],"mantranews-single-large":["https:\/\/blogopara.com.br\/wp-content\/uploads\/2020\/02\/NotaSinjorba.png",856,642,false]},"uagb_author_info":{"display_name":"Reda\u00e7\u00e3o geral","author_link":"https:\/\/blogopara.com.br\/index.php\/author\/blogopara"},"uagb_comment_info":0,"uagb_excerpt":"O Sindicato dos Jornalistas Profissionais no Estado da Bahia (Sinjorba) manifesta veemente rep\u00fadio pela pris\u00e3o, nesta sexta (14), de dois jornalistas que apuravam as circunst\u00e2ncias da morte do ex-capit\u00e3o Adriano da N\u00f3brega, acusado de ser chefe da Mil\u00edcia Escrit\u00f3rio do Crime, ap\u00f3s \u201cconfronto\u201d com a Pol\u00edcia Militar da Bahia, em Esplanada (BA), domingo passado. Os&hellip;","jetpack_sharing_enabled":true,"jetpack_likes_enabled":true,"_links":{"self":[{"href":"https:\/\/blogopara.com.br\/index.php\/wp-json\/wp\/v2\/posts\/7226","targetHints":{"allow":["GET"]}}],"collection":[{"href":"https:\/\/blogopara.com.br\/index.php\/wp-json\/wp\/v2\/posts"}],"about":[{"href":"https:\/\/blogopara.com.br\/index.php\/wp-json\/wp\/v2\/types\/post"}],"author":[{"embeddable":true,"href":"https:\/\/blogopara.com.br\/index.php\/wp-json\/wp\/v2\/users\/1"}],"replies":[{"embeddable":true,"href":"https:\/\/blogopara.com.br\/index.php\/wp-json\/wp\/v2\/comments?post=7226"}],"version-history":[{"count":1,"href":"https:\/\/blogopara.com.br\/index.php\/wp-json\/wp\/v2\/posts\/7226\/revisions"}],"predecessor-version":[{"id":7228,"href":"https:\/\/blogopara.com.br\/index.php\/wp-json\/wp\/v2\/posts\/7226\/revisions\/7228"}],"wp:featuredmedia":[{"embeddable":true,"href":"https:\/\/blogopara.com.br\/index.php\/wp-json\/wp\/v2\/media\/7227"}],"wp:attachment":[{"href":"https:\/\/blogopara.com.br\/index.php\/wp-json\/wp\/v2\/media?parent=7226"}],"wp:term":[{"taxonomy":"category","embeddable":true,"href":"https:\/\/blogopara.com.br\/index.php\/wp-json\/wp\/v2\/categories?post=7226"},{"taxonomy":"post_tag","embeddable":true,"href":"https:\/\/blogopara.com.br\/index.php\/wp-json\/wp\/v2\/tags?post=7226"}],"curies":[{"name":"wp","href":"https:\/\/api.w.org\/{rel}","templated":true}]}}