{"id":72441,"date":"2025-02-10T16:02:20","date_gmt":"2025-02-10T19:02:20","guid":{"rendered":"https:\/\/blogopara.com.br\/?p=72441"},"modified":"2025-02-10T16:02:20","modified_gmt":"2025-02-10T19:02:20","slug":"ano-letivo-comeca-na-rede-municipal-de-senhor-do-bonfim-reforcando-o-compromisso-com-a-qualidade-da-educacao","status":"publish","type":"post","link":"https:\/\/blogopara.com.br\/index.php\/2025\/02\/10\/ano-letivo-comeca-na-rede-municipal-de-senhor-do-bonfim-reforcando-o-compromisso-com-a-qualidade-da-educacao","title":{"rendered":"Ano letivo come\u00e7a na rede municipal de Senhor do Bonfim refor\u00e7ando o compromisso com a qualidade da educa\u00e7\u00e3o"},"content":{"rendered":"<p class=\"x_MsoNormal\">O ano letivo come\u00e7ou nesta segunda-feira (10) na rede municipal de ensino de Senhor do Bonfim, levando \u00e0s salas de aula mais de 11 mil alunos. A Prefeitura, por meio da Secretaria de Educa\u00e7\u00e3o, refor\u00e7a seu compromisso em garantir um ensino de qualidade, oferecendo melhores condi\u00e7\u00f5es de aprendizado e estrutura para os estudantes.<\/p>\n<p class=\"x_MsoNormal\">O prefeito La\u00e9rcio J\u00fanior celebrou o in\u00edcio do ano letivo, ressaltando os investimentos feitos para oferecer mais estrutura e qualidade na educa\u00e7\u00e3o municipal. &#8220;Nosso compromisso \u00e9 proporcionar um ambiente escolar cada vez melhor para nossos alunos. Neste ano, al\u00e9m do material escolar completo e do fardamento, os estudantes tamb\u00e9m receber\u00e3o um t\u00eanis escolar exclusivo, garantindo mais conforto e igualdade para todos. Educa\u00e7\u00e3o \u00e9 a base do futuro, e seguimos investindo para que nossas crian\u00e7as, jovens e adultos tenham todas as oportunidades de aprendizado&#8221;, destacou.<\/p>\n<p class=\"x_MsoNormal\">A Escola Municipal Nossa Senhora de F\u00e1tima, na sede do munic\u00edpio, \u00e9 um dos exemplos dos investimentos da gest\u00e3o na educa\u00e7\u00e3o. A unidade passou por uma reforma e amplia\u00e7\u00e3o, aumentando de cinco para sete salas de aula, al\u00e9m da cria\u00e7\u00e3o de uma sala de inform\u00e1tica e um p\u00e1tio com quadra. A estrutura modernizada oferece mais conforto e acessibilidade para os alunos, acolhendo estudantes com defici\u00eancias m\u00faltiplas, cadeirantes, Transtorno do Espectro Autista (TEA), Transtorno Opositivo Desafiador (TOD) e Transtorno de D\u00e9ficit de Aten\u00e7\u00e3o e Hiperatividade (TDAH). Os alunos e professores aprovaram os investimentos.<\/p>\n<p class=\"x_MsoNormal\">\u201cHoje estamos iniciando nosso ano letivo e j\u00e1 estamos na sala de aula! Estou particularmente muito feliz em receber os alunos\u201d, disse a professora C\u00e9lia Silva.\u00a0 O pequeno Benjamin Ara\u00fajo Duarte, aluno da Escola Municipal Nossa Senhora de F\u00e1tima, tamb\u00e9m expressou sua alegria: &#8220;Gostei da quadra da minha escola e dos professores. A escola \u00e9 muito legal&#8221;, afirmou.<\/p>\n<p class=\"x_MsoNormal\">A secret\u00e1ria de Educa\u00e7\u00e3o, Eline Sobreira, destacou a import\u00e2ncia desse retorno. &#8220;Estamos iniciando mais um ano letivo com muito entusiasmo e compromisso. S\u00e3o mais de 11 mil alunos matriculados na rede municipal, e nossa equipe est\u00e1 preparada para garantir um ensino de excel\u00eancia. Seguimos investindo na melhoria das unidades escolares e no suporte pedag\u00f3gico para nossos educadores&#8221;, afirmou a secret\u00e1ria.<\/p>\n<p class=\"x_MsoNormal\">\n<p class=\"x_MsoNormal\">Texto: Ascom PMSB<\/p>\n","protected":false},"excerpt":{"rendered":"<p>O ano letivo come\u00e7ou nesta segunda-feira (10) na rede municipal de ensino de Senhor do Bonfim, levando \u00e0s salas de aula mais de 11 mil alunos. A Prefeitura, por meio da Secretaria de Educa\u00e7\u00e3o, refor\u00e7a seu compromisso em garantir um ensino de qualidade, oferecendo melhores condi\u00e7\u00f5es de aprendizado e estrutura para os estudantes. O prefeito [&hellip;]<\/p>\n","protected":false},"author":1,"featured_media":72442,"comment_status":"open","ping_status":"open","sticky":false,"template":"","format":"standard","meta":{"_uag_custom_page_level_css":"","_monsterinsights_skip_tracking":false,"_monsterinsights_sitenote_active":false,"_monsterinsights_sitenote_note":"","_monsterinsights_sitenote_category":0,"jetpack_post_was_ever_published":false,"_jetpack_newsletter_access":"","_jetpack_dont_email_post_to_subs":false,"_jetpack_newsletter_tier_id":0,"_jetpack_memberships_contains_paywalled_content":false,"_jetpack_memberships_contains_paid_content":false,"footnotes":"","jetpack_publicize_message":"","jetpack_publicize_feature_enabled":true,"jetpack_social_post_already_shared":true,"jetpack_social_options":{"image_generator_settings":{"template":"highway","default_image_id":0,"font":"","enabled":false},"version":2}},"categories":[209],"tags":[],"class_list":["post-72441","post","type-post","status-publish","format-standard","has-post-thumbnail","hentry","category-educacao"],"jetpack_publicize_connections":[],"jetpack_featured_media_url":"https:\/\/blogopara.com.br\/wp-content\/uploads\/2025\/02\/thumbnail_54318622021_737e980654_k.jpg","uagb_featured_image_src":{"full":["https:\/\/blogopara.com.br\/wp-content\/uploads\/2025\/02\/thumbnail_54318622021_737e980654_k.jpg",500,333,false],"thumbnail":["https:\/\/blogopara.com.br\/wp-content\/uploads\/2025\/02\/thumbnail_54318622021_737e980654_k-150x150.jpg",150,150,true],"medium":["https:\/\/blogopara.com.br\/wp-content\/uploads\/2025\/02\/thumbnail_54318622021_737e980654_k-300x200.jpg",300,200,true],"medium_large":["https:\/\/blogopara.com.br\/wp-content\/uploads\/2025\/02\/thumbnail_54318622021_737e980654_k.jpg",500,333,false],"large":["https:\/\/blogopara.com.br\/wp-content\/uploads\/2025\/02\/thumbnail_54318622021_737e980654_k.jpg",500,333,false],"1536x1536":["https:\/\/blogopara.com.br\/wp-content\/uploads\/2025\/02\/thumbnail_54318622021_737e980654_k.jpg",500,333,false],"2048x2048":["https:\/\/blogopara.com.br\/wp-content\/uploads\/2025\/02\/thumbnail_54318622021_737e980654_k.jpg",500,333,false],"mantranews-slider-large":["https:\/\/blogopara.com.br\/wp-content\/uploads\/2025\/02\/thumbnail_54318622021_737e980654_k.jpg",500,333,false],"mantranews-featured-medium":["https:\/\/blogopara.com.br\/wp-content\/uploads\/2025\/02\/thumbnail_54318622021_737e980654_k-420x307.jpg",420,307,true],"mantranews-featured-long":["https:\/\/blogopara.com.br\/wp-content\/uploads\/2025\/02\/thumbnail_54318622021_737e980654_k-300x333.jpg",300,333,true],"mantranews-block-medium":["https:\/\/blogopara.com.br\/wp-content\/uploads\/2025\/02\/thumbnail_54318622021_737e980654_k-464x290.jpg",464,290,true],"mantranews-carousel-image":["https:\/\/blogopara.com.br\/wp-content\/uploads\/2025\/02\/thumbnail_54318622021_737e980654_k.jpg",500,333,false],"mantranews-block-thumb":["https:\/\/blogopara.com.br\/wp-content\/uploads\/2025\/02\/thumbnail_54318622021_737e980654_k-322x230.jpg",322,230,true],"mantranews-single-large":["https:\/\/blogopara.com.br\/wp-content\/uploads\/2025\/02\/thumbnail_54318622021_737e980654_k.jpg",500,333,false]},"uagb_author_info":{"display_name":"Reda\u00e7\u00e3o geral","author_link":"https:\/\/blogopara.com.br\/index.php\/author\/blogopara"},"uagb_comment_info":0,"uagb_excerpt":"O ano letivo come\u00e7ou nesta segunda-feira (10) na rede municipal de ensino de Senhor do Bonfim, levando \u00e0s salas de aula mais de 11 mil alunos. A Prefeitura, por meio da Secretaria de Educa\u00e7\u00e3o, refor\u00e7a seu compromisso em garantir um ensino de qualidade, oferecendo melhores condi\u00e7\u00f5es de aprendizado e estrutura para os estudantes. O prefeito&hellip;","jetpack_sharing_enabled":true,"jetpack_likes_enabled":true,"_links":{"self":[{"href":"https:\/\/blogopara.com.br\/index.php\/wp-json\/wp\/v2\/posts\/72441","targetHints":{"allow":["GET"]}}],"collection":[{"href":"https:\/\/blogopara.com.br\/index.php\/wp-json\/wp\/v2\/posts"}],"about":[{"href":"https:\/\/blogopara.com.br\/index.php\/wp-json\/wp\/v2\/types\/post"}],"author":[{"embeddable":true,"href":"https:\/\/blogopara.com.br\/index.php\/wp-json\/wp\/v2\/users\/1"}],"replies":[{"embeddable":true,"href":"https:\/\/blogopara.com.br\/index.php\/wp-json\/wp\/v2\/comments?post=72441"}],"version-history":[{"count":1,"href":"https:\/\/blogopara.com.br\/index.php\/wp-json\/wp\/v2\/posts\/72441\/revisions"}],"predecessor-version":[{"id":72443,"href":"https:\/\/blogopara.com.br\/index.php\/wp-json\/wp\/v2\/posts\/72441\/revisions\/72443"}],"wp:featuredmedia":[{"embeddable":true,"href":"https:\/\/blogopara.com.br\/index.php\/wp-json\/wp\/v2\/media\/72442"}],"wp:attachment":[{"href":"https:\/\/blogopara.com.br\/index.php\/wp-json\/wp\/v2\/media?parent=72441"}],"wp:term":[{"taxonomy":"category","embeddable":true,"href":"https:\/\/blogopara.com.br\/index.php\/wp-json\/wp\/v2\/categories?post=72441"},{"taxonomy":"post_tag","embeddable":true,"href":"https:\/\/blogopara.com.br\/index.php\/wp-json\/wp\/v2\/tags?post=72441"}],"curies":[{"name":"wp","href":"https:\/\/api.w.org\/{rel}","templated":true}]}}