{"id":72504,"date":"2025-02-11T09:11:05","date_gmt":"2025-02-11T12:11:05","guid":{"rendered":"https:\/\/blogopara.com.br\/?p=72504"},"modified":"2025-02-11T09:11:05","modified_gmt":"2025-02-11T12:11:05","slug":"criancas-acolhidas-pela-casa-messe-de-amor-recebem-material-escolar","status":"publish","type":"post","link":"https:\/\/blogopara.com.br\/index.php\/2025\/02\/11\/criancas-acolhidas-pela-casa-messe-de-amor-recebem-material-escolar","title":{"rendered":"Crian\u00e7as acolhidas pela Casa Messe de Amor recebem material escolar"},"content":{"rendered":"<p>L\u00e1pis de cor, mochilas, estojos, livros e cadernos. As Aulas est\u00e3o de volta e a crian\u00e7ada est\u00e1 animada para o retorno das atividades. J\u00e1 pensando em deixar tudo organizado para esta volta, a Secretaria de Desenvolvimento Social, Diversidade, Igualdade Racial e Combate \u00e0 Fome realizou, na \u00faltima sexta-feira (7), a entrega de materiais escolares para as crian\u00e7as da Casa Messe de Amor.<\/p>\n<p>A institui\u00e7\u00e3o que faz o acolhimento humanizado tem capacidade para atender at\u00e9 20 crian\u00e7as, seis dela est\u00e3o em idade escolar. E, agora, mais animadas e com total incentivo pra iniciar o ano letivo.<\/p>\n<p>Maria Quit\u00e9ria, Superintendente do Servi\u00e7o \u00danico de Assist\u00eancia Social (SUAS) fala sobre esse est\u00edmulo para as crian\u00e7as retornarem aos estudos e o impacto, inclusive, na autoestima delas. \u201c Quando eles pegaram os cadernos novos, as caixas de l\u00e1pis, a mochila com desenhos, cadernos com capas com princesas, os olhos brilham. Ent\u00e3o, o objetivo de se atender a essa solicita\u00e7\u00e3o da casa, das escolas, \u00e9 para que eles voltem \u00e0s aulas realmente com dignidade, com autoestima e com essa vontade de se dedicar aos estudos\u201d, afirma Quit\u00e9ria.<\/p>\n<p>Ascom PMJ<\/p>\n","protected":false},"excerpt":{"rendered":"<p>L\u00e1pis de cor, mochilas, estojos, livros e cadernos. As Aulas est\u00e3o de volta e a crian\u00e7ada est\u00e1 animada para o retorno das atividades. J\u00e1 pensando em deixar tudo organizado para esta volta, a Secretaria de Desenvolvimento Social, Diversidade, Igualdade Racial e Combate \u00e0 Fome realizou, na \u00faltima sexta-feira (7), a entrega de materiais escolares para [&hellip;]<\/p>\n","protected":false},"author":1,"featured_media":72505,"comment_status":"open","ping_status":"open","sticky":false,"template":"","format":"standard","meta":{"_uag_custom_page_level_css":"","_monsterinsights_skip_tracking":false,"_monsterinsights_sitenote_active":false,"_monsterinsights_sitenote_note":"","_monsterinsights_sitenote_category":0,"jetpack_post_was_ever_published":false,"_jetpack_newsletter_access":"","_jetpack_dont_email_post_to_subs":false,"_jetpack_newsletter_tier_id":0,"_jetpack_memberships_contains_paywalled_content":false,"_jetpack_memberships_contains_paid_content":false,"footnotes":"","jetpack_publicize_message":"","jetpack_publicize_feature_enabled":true,"jetpack_social_post_already_shared":true,"jetpack_social_options":{"image_generator_settings":{"template":"highway","default_image_id":0,"font":"","enabled":false},"version":2}},"categories":[209,203],"tags":[],"class_list":["post-72504","post","type-post","status-publish","format-standard","has-post-thumbnail","hentry","category-educacao","category-juazeiro"],"jetpack_publicize_connections":[],"jetpack_featured_media_url":"https:\/\/blogopara.com.br\/wp-content\/uploads\/2025\/02\/WhatsApp-Image-2025-02-10-at-19.51.09-1024x771-1.jpeg","uagb_featured_image_src":{"full":["https:\/\/blogopara.com.br\/wp-content\/uploads\/2025\/02\/WhatsApp-Image-2025-02-10-at-19.51.09-1024x771-1.jpeg",500,376,false],"thumbnail":["https:\/\/blogopara.com.br\/wp-content\/uploads\/2025\/02\/WhatsApp-Image-2025-02-10-at-19.51.09-1024x771-1-150x150.jpeg",150,150,true],"medium":["https:\/\/blogopara.com.br\/wp-content\/uploads\/2025\/02\/WhatsApp-Image-2025-02-10-at-19.51.09-1024x771-1-300x226.jpeg",300,226,true],"medium_large":["https:\/\/blogopara.com.br\/wp-content\/uploads\/2025\/02\/WhatsApp-Image-2025-02-10-at-19.51.09-1024x771-1.jpeg",500,376,false],"large":["https:\/\/blogopara.com.br\/wp-content\/uploads\/2025\/02\/WhatsApp-Image-2025-02-10-at-19.51.09-1024x771-1.jpeg",500,376,false],"1536x1536":["https:\/\/blogopara.com.br\/wp-content\/uploads\/2025\/02\/WhatsApp-Image-2025-02-10-at-19.51.09-1024x771-1.jpeg",500,376,false],"2048x2048":["https:\/\/blogopara.com.br\/wp-content\/uploads\/2025\/02\/WhatsApp-Image-2025-02-10-at-19.51.09-1024x771-1.jpeg",500,376,false],"mantranews-slider-large":["https:\/\/blogopara.com.br\/wp-content\/uploads\/2025\/02\/WhatsApp-Image-2025-02-10-at-19.51.09-1024x771-1.jpeg",500,376,false],"mantranews-featured-medium":["https:\/\/blogopara.com.br\/wp-content\/uploads\/2025\/02\/WhatsApp-Image-2025-02-10-at-19.51.09-1024x771-1-420x307.jpeg",420,307,true],"mantranews-featured-long":["https:\/\/blogopara.com.br\/wp-content\/uploads\/2025\/02\/WhatsApp-Image-2025-02-10-at-19.51.09-1024x771-1-300x376.jpeg",300,376,true],"mantranews-block-medium":["https:\/\/blogopara.com.br\/wp-content\/uploads\/2025\/02\/WhatsApp-Image-2025-02-10-at-19.51.09-1024x771-1-464x290.jpeg",464,290,true],"mantranews-carousel-image":["https:\/\/blogopara.com.br\/wp-content\/uploads\/2025\/02\/WhatsApp-Image-2025-02-10-at-19.51.09-1024x771-1.jpeg",500,376,false],"mantranews-block-thumb":["https:\/\/blogopara.com.br\/wp-content\/uploads\/2025\/02\/WhatsApp-Image-2025-02-10-at-19.51.09-1024x771-1-322x230.jpeg",322,230,true],"mantranews-single-large":["https:\/\/blogopara.com.br\/wp-content\/uploads\/2025\/02\/WhatsApp-Image-2025-02-10-at-19.51.09-1024x771-1.jpeg",500,376,false]},"uagb_author_info":{"display_name":"Reda\u00e7\u00e3o geral","author_link":"https:\/\/blogopara.com.br\/index.php\/author\/blogopara"},"uagb_comment_info":0,"uagb_excerpt":"L\u00e1pis de cor, mochilas, estojos, livros e cadernos. As Aulas est\u00e3o de volta e a crian\u00e7ada est\u00e1 animada para o retorno das atividades. J\u00e1 pensando em deixar tudo organizado para esta volta, a Secretaria de Desenvolvimento Social, Diversidade, Igualdade Racial e Combate \u00e0 Fome realizou, na \u00faltima sexta-feira (7), a entrega de materiais escolares para&hellip;","jetpack_sharing_enabled":true,"jetpack_likes_enabled":true,"_links":{"self":[{"href":"https:\/\/blogopara.com.br\/index.php\/wp-json\/wp\/v2\/posts\/72504","targetHints":{"allow":["GET"]}}],"collection":[{"href":"https:\/\/blogopara.com.br\/index.php\/wp-json\/wp\/v2\/posts"}],"about":[{"href":"https:\/\/blogopara.com.br\/index.php\/wp-json\/wp\/v2\/types\/post"}],"author":[{"embeddable":true,"href":"https:\/\/blogopara.com.br\/index.php\/wp-json\/wp\/v2\/users\/1"}],"replies":[{"embeddable":true,"href":"https:\/\/blogopara.com.br\/index.php\/wp-json\/wp\/v2\/comments?post=72504"}],"version-history":[{"count":1,"href":"https:\/\/blogopara.com.br\/index.php\/wp-json\/wp\/v2\/posts\/72504\/revisions"}],"predecessor-version":[{"id":72506,"href":"https:\/\/blogopara.com.br\/index.php\/wp-json\/wp\/v2\/posts\/72504\/revisions\/72506"}],"wp:featuredmedia":[{"embeddable":true,"href":"https:\/\/blogopara.com.br\/index.php\/wp-json\/wp\/v2\/media\/72505"}],"wp:attachment":[{"href":"https:\/\/blogopara.com.br\/index.php\/wp-json\/wp\/v2\/media?parent=72504"}],"wp:term":[{"taxonomy":"category","embeddable":true,"href":"https:\/\/blogopara.com.br\/index.php\/wp-json\/wp\/v2\/categories?post=72504"},{"taxonomy":"post_tag","embeddable":true,"href":"https:\/\/blogopara.com.br\/index.php\/wp-json\/wp\/v2\/tags?post=72504"}],"curies":[{"name":"wp","href":"https:\/\/api.w.org\/{rel}","templated":true}]}}