{"id":72517,"date":"2025-02-11T12:11:14","date_gmt":"2025-02-11T15:11:14","guid":{"rendered":"https:\/\/blogopara.com.br\/?p=72517"},"modified":"2025-02-11T12:11:14","modified_gmt":"2025-02-11T15:11:14","slug":"juazeiro-e-ele-que-manda-no-governo-de-andrei-da-caixa","status":"publish","type":"post","link":"https:\/\/blogopara.com.br\/index.php\/2025\/02\/11\/juazeiro-e-ele-que-manda-no-governo-de-andrei-da-caixa","title":{"rendered":"Juazeiro: \u00c9 ele que manda no governo de Andrei da Caixa?"},"content":{"rendered":"<p>A poucos meses do in\u00edcio da gest\u00e3o, o governo do prefeito Andrei da Caixa enfrenta uma crise interna que tem movimentado os bastidores pol\u00edticos de Juazeiro e tomado conta dos grupos de WhatsApp. O conflito envolve o jovem Aislan (PSB) e o deputado estadual Roberto Carlos (PV), ambos integrantes da base governista.<\/p>\n<p>A disputa pelo comando do Mercado do Produtor<\/p>\n<p>Durante o per\u00edodo de transi\u00e7\u00e3o do governo, Aislan participou ativamente da equipe que coordenava a \u00e1rea do Mercado do Produtor e era um dos cotados para assumir a superintend\u00eancia do local. No entanto, ao assumir o cargo, o prefeito Andrei n\u00e3o nomeou Aislan, supostamente devido \u00e0 influ\u00eancia de Roberto Carlos, que preferia pessoas de sua confian\u00e7a no comando da autarquia.<\/p>\n<p>A situa\u00e7\u00e3o se tornou ainda mais constrangedora no dia 7 de fevereiro de 2025, quando Aislan finalmente foi nomeado para o cargo no Mercado do Produtor. Contudo, poucas horas depois de ser inclu\u00eddo no grupo de WhatsApp da autarquia, foi abruptamente removido por um administrador. O motivo? De acordo com informa\u00e7\u00f5es de bastidores, Roberto Carlos teria rejeitado sua presen\u00e7a na gest\u00e3o do mercado, pressionando o prefeito a encontrar outro cargo para ele.<\/p>\n<p>Andrei da Caixa demonstra fraqueza diante de aliados<\/p>\n<p>O epis\u00f3dio evidencia um problema maior: a dificuldade de Andrei da Caixa em administrar os conflitos internos e impor sua autoridade dentro da pr\u00f3pria gest\u00e3o. A coaliz\u00e3o montada para derrotar a ex-prefeita Suzana Ramos parece estar se tornando um desafio para o novo prefeito, que ainda n\u00e3o mostrou habilidade suficiente para gerenciar interesses divergentes dentro do seu grupo pol\u00edtico.<\/p>\n<p>A insatisfa\u00e7\u00e3o dentro do governo j\u00e1 come\u00e7a a gerar baixas. Segundo fontes pr\u00f3ximas, Aislan estaria repensando sua perman\u00eancia na gest\u00e3o municipal, pois n\u00e3o acredita mais na capacidade de Andrei em resolver conflitos e comandar seu pr\u00f3prio governo.<\/p>\n<p>Se essa crise n\u00e3o for contida rapidamente, o governo de Andrei da Caixa pode enfrentar s\u00e9rios problemas de governabilidade, com disputas internas minando sua capacidade de atender \u00e0s demandas da popula\u00e7\u00e3o.<\/p>\n<p><img decoding=\"async\" src=\"https:\/\/blogdoramiro.com\/wp-content\/uploads\/2025\/02\/inshot_20250211_1108076503638383192686326791.jpg?w=1024\" \/><\/p>\n<p>Fonte de informa\u00e7\u00f5es: Blog do Ramiro<\/p>\n","protected":false},"excerpt":{"rendered":"<p>A poucos meses do in\u00edcio da gest\u00e3o, o governo do prefeito Andrei da Caixa enfrenta uma crise interna que tem movimentado os bastidores pol\u00edticos de Juazeiro e tomado conta dos grupos de WhatsApp. O conflito envolve o jovem Aislan (PSB) e o deputado estadual Roberto Carlos (PV), ambos integrantes da base governista. A disputa pelo [&hellip;]<\/p>\n","protected":false},"author":1,"featured_media":70019,"comment_status":"open","ping_status":"open","sticky":false,"template":"","format":"standard","meta":{"_uag_custom_page_level_css":"","_monsterinsights_skip_tracking":false,"_monsterinsights_sitenote_active":false,"_monsterinsights_sitenote_note":"","_monsterinsights_sitenote_category":0,"jetpack_post_was_ever_published":false,"_jetpack_newsletter_access":"","_jetpack_dont_email_post_to_subs":false,"_jetpack_newsletter_tier_id":0,"_jetpack_memberships_contains_paywalled_content":false,"_jetpack_memberships_contains_paid_content":false,"footnotes":"","jetpack_publicize_message":"","jetpack_publicize_feature_enabled":true,"jetpack_social_post_already_shared":true,"jetpack_social_options":{"image_generator_settings":{"template":"highway","default_image_id":0,"font":"","enabled":false},"version":2}},"categories":[203,197],"tags":[1630,11070,11647,3443,11783,305],"class_list":["post-72517","post","type-post","status-publish","format-standard","has-post-thumbnail","hentry","category-juazeiro","category-politica","tag-ama","tag-andrei-da-caixa","tag-andrei-goncalves","tag-deputado-roberto-carlos","tag-gestao-de-andrei-da-caixa","tag-mercado-do-produtor"],"jetpack_publicize_connections":[],"jetpack_featured_media_url":"https:\/\/blogopara.com.br\/wp-content\/uploads\/2024\/11\/roberto_caros_deputado_2_widelg_widelg.jpeg","uagb_featured_image_src":{"full":["https:\/\/blogopara.com.br\/wp-content\/uploads\/2024\/11\/roberto_caros_deputado_2_widelg_widelg.jpeg",500,281,false],"thumbnail":["https:\/\/blogopara.com.br\/wp-content\/uploads\/2024\/11\/roberto_caros_deputado_2_widelg_widelg-150x150.jpeg",150,150,true],"medium":["https:\/\/blogopara.com.br\/wp-content\/uploads\/2024\/11\/roberto_caros_deputado_2_widelg_widelg-300x169.jpeg",300,169,true],"medium_large":["https:\/\/blogopara.com.br\/wp-content\/uploads\/2024\/11\/roberto_caros_deputado_2_widelg_widelg.jpeg",500,281,false],"large":["https:\/\/blogopara.com.br\/wp-content\/uploads\/2024\/11\/roberto_caros_deputado_2_widelg_widelg.jpeg",500,281,false],"1536x1536":["https:\/\/blogopara.com.br\/wp-content\/uploads\/2024\/11\/roberto_caros_deputado_2_widelg_widelg.jpeg",500,281,false],"2048x2048":["https:\/\/blogopara.com.br\/wp-content\/uploads\/2024\/11\/roberto_caros_deputado_2_widelg_widelg.jpeg",500,281,false],"mantranews-slider-large":["https:\/\/blogopara.com.br\/wp-content\/uploads\/2024\/11\/roberto_caros_deputado_2_widelg_widelg.jpeg",500,281,false],"mantranews-featured-medium":["https:\/\/blogopara.com.br\/wp-content\/uploads\/2024\/11\/roberto_caros_deputado_2_widelg_widelg-420x281.jpeg",420,281,true],"mantranews-featured-long":["https:\/\/blogopara.com.br\/wp-content\/uploads\/2024\/11\/roberto_caros_deputado_2_widelg_widelg-300x281.jpeg",300,281,true],"mantranews-block-medium":["https:\/\/blogopara.com.br\/wp-content\/uploads\/2024\/11\/roberto_caros_deputado_2_widelg_widelg-464x281.jpeg",464,281,true],"mantranews-carousel-image":["https:\/\/blogopara.com.br\/wp-content\/uploads\/2024\/11\/roberto_caros_deputado_2_widelg_widelg.jpeg",500,281,false],"mantranews-block-thumb":["https:\/\/blogopara.com.br\/wp-content\/uploads\/2024\/11\/roberto_caros_deputado_2_widelg_widelg-322x230.jpeg",322,230,true],"mantranews-single-large":["https:\/\/blogopara.com.br\/wp-content\/uploads\/2024\/11\/roberto_caros_deputado_2_widelg_widelg.jpeg",500,281,false]},"uagb_author_info":{"display_name":"Reda\u00e7\u00e3o geral","author_link":"https:\/\/blogopara.com.br\/index.php\/author\/blogopara"},"uagb_comment_info":0,"uagb_excerpt":"A poucos meses do in\u00edcio da gest\u00e3o, o governo do prefeito Andrei da Caixa enfrenta uma crise interna que tem movimentado os bastidores pol\u00edticos de Juazeiro e tomado conta dos grupos de WhatsApp. O conflito envolve o jovem Aislan (PSB) e o deputado estadual Roberto Carlos (PV), ambos integrantes da base governista. A disputa pelo&hellip;","jetpack_sharing_enabled":true,"jetpack_likes_enabled":true,"_links":{"self":[{"href":"https:\/\/blogopara.com.br\/index.php\/wp-json\/wp\/v2\/posts\/72517","targetHints":{"allow":["GET"]}}],"collection":[{"href":"https:\/\/blogopara.com.br\/index.php\/wp-json\/wp\/v2\/posts"}],"about":[{"href":"https:\/\/blogopara.com.br\/index.php\/wp-json\/wp\/v2\/types\/post"}],"author":[{"embeddable":true,"href":"https:\/\/blogopara.com.br\/index.php\/wp-json\/wp\/v2\/users\/1"}],"replies":[{"embeddable":true,"href":"https:\/\/blogopara.com.br\/index.php\/wp-json\/wp\/v2\/comments?post=72517"}],"version-history":[{"count":1,"href":"https:\/\/blogopara.com.br\/index.php\/wp-json\/wp\/v2\/posts\/72517\/revisions"}],"predecessor-version":[{"id":72519,"href":"https:\/\/blogopara.com.br\/index.php\/wp-json\/wp\/v2\/posts\/72517\/revisions\/72519"}],"wp:featuredmedia":[{"embeddable":true,"href":"https:\/\/blogopara.com.br\/index.php\/wp-json\/wp\/v2\/media\/70019"}],"wp:attachment":[{"href":"https:\/\/blogopara.com.br\/index.php\/wp-json\/wp\/v2\/media?parent=72517"}],"wp:term":[{"taxonomy":"category","embeddable":true,"href":"https:\/\/blogopara.com.br\/index.php\/wp-json\/wp\/v2\/categories?post=72517"},{"taxonomy":"post_tag","embeddable":true,"href":"https:\/\/blogopara.com.br\/index.php\/wp-json\/wp\/v2\/tags?post=72517"}],"curies":[{"name":"wp","href":"https:\/\/api.w.org\/{rel}","templated":true}]}}