{"id":72561,"date":"2025-02-13T05:41:35","date_gmt":"2025-02-13T08:41:35","guid":{"rendered":"https:\/\/blogopara.com.br\/?p=72561"},"modified":"2025-02-13T05:50:45","modified_gmt":"2025-02-13T08:50:45","slug":"juazeiro-gerente-da-amtt-constrange-mototaxista-ao-cobrar-debito-em-grupo-de-whatsapp","status":"publish","type":"post","link":"https:\/\/blogopara.com.br\/index.php\/2025\/02\/13\/juazeiro-gerente-da-amtt-constrange-mototaxista-ao-cobrar-debito-em-grupo-de-whatsapp","title":{"rendered":"Juazeiro: Gerente da AMTT constrange mototaxista ao cobrar d\u00e9bito em grupo de whatsapp"},"content":{"rendered":"<p>Jair Moraes, gerente da Ag\u00eancia Municipal de Transporte Terrestre (AMTT) de Juazeiro-BA, foi criticado por uma atitude considerada anti\u00e9tica e abusiva. Durante uma discuss\u00e3o pol\u00edtica em um grupo de WhatsApp no hor\u00e1rio de trabalho, um mototaxista questionou o gestor sobre o uso inadequado do tempo de servi\u00e7o. Em resposta, Jair utilizou informa\u00e7\u00f5es privilegiadas para cobrar publicamente um alvar\u00e1 que o mototaxista estaria devendo. A atitude foi vista como humilhante e desrespeitosa, gerando revolta entre os moradores.<\/p>\n<p>Al\u00e9m da cobran\u00e7a indevida, o fato de Jair estar discutindo pol\u00edtica durante o expediente levantou questionamentos sobre seu comprometimento com as responsabilidades do cargo. O caso pode ter consequ\u00eancias administrativas e jur\u00eddicas, j\u00e1 que o uso de informa\u00e7\u00f5es confidenciais para constranger algu\u00e9m publicamente pode configurar abuso de poder. A popula\u00e7\u00e3o aguarda um posicionamento da AMTT e da Prefeitura, enquanto cobra uma interven\u00e7\u00e3o do prefeito Andrei da Caixa para garantir conduta \u00e9tica e profissional dos servidores p\u00fablicos.<\/p>\n<p><img loading=\"lazy\" decoding=\"async\" class=\"alignnone size-medium wp-image-72566\" src=\"https:\/\/blogopara.com.br\/wp-content\/uploads\/2025\/02\/WhatsApp-Image-2025-02-12-at-18.48.01-1-1-153x300.jpeg\" alt=\"\" width=\"153\" height=\"300\" srcset=\"https:\/\/blogopara.com.br\/wp-content\/uploads\/2025\/02\/WhatsApp-Image-2025-02-12-at-18.48.01-1-1-153x300.jpeg 153w, https:\/\/blogopara.com.br\/wp-content\/uploads\/2025\/02\/WhatsApp-Image-2025-02-12-at-18.48.01-1-1-521x1024.jpeg 521w, https:\/\/blogopara.com.br\/wp-content\/uploads\/2025\/02\/WhatsApp-Image-2025-02-12-at-18.48.01-1-1.jpeg 719w\" sizes=\"auto, (max-width: 153px) 100vw, 153px\" \/><\/p>\n","protected":false},"excerpt":{"rendered":"<p>Jair Moraes, gerente da Ag\u00eancia Municipal de Transporte Terrestre (AMTT) de Juazeiro-BA, foi criticado por uma atitude considerada anti\u00e9tica e abusiva. Durante uma discuss\u00e3o pol\u00edtica em um grupo de WhatsApp no hor\u00e1rio de trabalho, um mototaxista questionou o gestor sobre o uso inadequado do tempo de servi\u00e7o. Em resposta, Jair utilizou informa\u00e7\u00f5es privilegiadas para cobrar [&hellip;]<\/p>\n","protected":false},"author":1,"featured_media":72563,"comment_status":"open","ping_status":"open","sticky":false,"template":"","format":"standard","meta":{"_uag_custom_page_level_css":"","_monsterinsights_skip_tracking":false,"_monsterinsights_sitenote_active":false,"_monsterinsights_sitenote_note":"","_monsterinsights_sitenote_category":0,"jetpack_post_was_ever_published":false,"_jetpack_newsletter_access":"","_jetpack_dont_email_post_to_subs":false,"_jetpack_newsletter_tier_id":0,"_jetpack_memberships_contains_paywalled_content":false,"_jetpack_memberships_contains_paid_content":false,"footnotes":"","jetpack_publicize_message":"","jetpack_publicize_feature_enabled":true,"jetpack_social_post_already_shared":true,"jetpack_social_options":{"image_generator_settings":{"template":"highway","default_image_id":0,"font":"","enabled":false},"version":2}},"categories":[203,197],"tags":[11647,7159,11812,11835,9404],"class_list":["post-72561","post","type-post","status-publish","format-standard","has-post-thumbnail","hentry","category-juazeiro","category-politica","tag-andrei-goncalves","tag-cstt-de-juazeiro","tag-gestao-municipal","tag-jair-morais","tag-mototaxista"],"jetpack_publicize_connections":[],"jetpack_featured_media_url":"https:\/\/blogopara.com.br\/wp-content\/uploads\/2025\/02\/WhatsApp-Image-2025-02-12-at-18.48.01.jpeg","uagb_featured_image_src":{"full":["https:\/\/blogopara.com.br\/wp-content\/uploads\/2025\/02\/WhatsApp-Image-2025-02-12-at-18.48.01.jpeg",500,482,false],"thumbnail":["https:\/\/blogopara.com.br\/wp-content\/uploads\/2025\/02\/WhatsApp-Image-2025-02-12-at-18.48.01-150x150.jpeg",150,150,true],"medium":["https:\/\/blogopara.com.br\/wp-content\/uploads\/2025\/02\/WhatsApp-Image-2025-02-12-at-18.48.01-300x289.jpeg",300,289,true],"medium_large":["https:\/\/blogopara.com.br\/wp-content\/uploads\/2025\/02\/WhatsApp-Image-2025-02-12-at-18.48.01.jpeg",500,482,false],"large":["https:\/\/blogopara.com.br\/wp-content\/uploads\/2025\/02\/WhatsApp-Image-2025-02-12-at-18.48.01.jpeg",500,482,false],"1536x1536":["https:\/\/blogopara.com.br\/wp-content\/uploads\/2025\/02\/WhatsApp-Image-2025-02-12-at-18.48.01.jpeg",500,482,false],"2048x2048":["https:\/\/blogopara.com.br\/wp-content\/uploads\/2025\/02\/WhatsApp-Image-2025-02-12-at-18.48.01.jpeg",500,482,false],"mantranews-slider-large":["https:\/\/blogopara.com.br\/wp-content\/uploads\/2025\/02\/WhatsApp-Image-2025-02-12-at-18.48.01.jpeg",500,482,false],"mantranews-featured-medium":["https:\/\/blogopara.com.br\/wp-content\/uploads\/2025\/02\/WhatsApp-Image-2025-02-12-at-18.48.01-420x307.jpeg",420,307,true],"mantranews-featured-long":["https:\/\/blogopara.com.br\/wp-content\/uploads\/2025\/02\/WhatsApp-Image-2025-02-12-at-18.48.01-300x443.jpeg",300,443,true],"mantranews-block-medium":["https:\/\/blogopara.com.br\/wp-content\/uploads\/2025\/02\/WhatsApp-Image-2025-02-12-at-18.48.01-464x290.jpeg",464,290,true],"mantranews-carousel-image":["https:\/\/blogopara.com.br\/wp-content\/uploads\/2025\/02\/WhatsApp-Image-2025-02-12-at-18.48.01.jpeg",500,482,false],"mantranews-block-thumb":["https:\/\/blogopara.com.br\/wp-content\/uploads\/2025\/02\/WhatsApp-Image-2025-02-12-at-18.48.01-322x230.jpeg",322,230,true],"mantranews-single-large":["https:\/\/blogopara.com.br\/wp-content\/uploads\/2025\/02\/WhatsApp-Image-2025-02-12-at-18.48.01.jpeg",500,482,false]},"uagb_author_info":{"display_name":"Reda\u00e7\u00e3o geral","author_link":"https:\/\/blogopara.com.br\/index.php\/author\/blogopara"},"uagb_comment_info":0,"uagb_excerpt":"Jair Moraes, gerente da Ag\u00eancia Municipal de Transporte Terrestre (AMTT) de Juazeiro-BA, foi criticado por uma atitude considerada anti\u00e9tica e abusiva. Durante uma discuss\u00e3o pol\u00edtica em um grupo de WhatsApp no hor\u00e1rio de trabalho, um mototaxista questionou o gestor sobre o uso inadequado do tempo de servi\u00e7o. Em resposta, Jair utilizou informa\u00e7\u00f5es privilegiadas para cobrar&hellip;","jetpack_sharing_enabled":true,"jetpack_likes_enabled":true,"_links":{"self":[{"href":"https:\/\/blogopara.com.br\/index.php\/wp-json\/wp\/v2\/posts\/72561","targetHints":{"allow":["GET"]}}],"collection":[{"href":"https:\/\/blogopara.com.br\/index.php\/wp-json\/wp\/v2\/posts"}],"about":[{"href":"https:\/\/blogopara.com.br\/index.php\/wp-json\/wp\/v2\/types\/post"}],"author":[{"embeddable":true,"href":"https:\/\/blogopara.com.br\/index.php\/wp-json\/wp\/v2\/users\/1"}],"replies":[{"embeddable":true,"href":"https:\/\/blogopara.com.br\/index.php\/wp-json\/wp\/v2\/comments?post=72561"}],"version-history":[{"count":3,"href":"https:\/\/blogopara.com.br\/index.php\/wp-json\/wp\/v2\/posts\/72561\/revisions"}],"predecessor-version":[{"id":72571,"href":"https:\/\/blogopara.com.br\/index.php\/wp-json\/wp\/v2\/posts\/72561\/revisions\/72571"}],"wp:featuredmedia":[{"embeddable":true,"href":"https:\/\/blogopara.com.br\/index.php\/wp-json\/wp\/v2\/media\/72563"}],"wp:attachment":[{"href":"https:\/\/blogopara.com.br\/index.php\/wp-json\/wp\/v2\/media?parent=72561"}],"wp:term":[{"taxonomy":"category","embeddable":true,"href":"https:\/\/blogopara.com.br\/index.php\/wp-json\/wp\/v2\/categories?post=72561"},{"taxonomy":"post_tag","embeddable":true,"href":"https:\/\/blogopara.com.br\/index.php\/wp-json\/wp\/v2\/tags?post=72561"}],"curies":[{"name":"wp","href":"https:\/\/api.w.org\/{rel}","templated":true}]}}