{"id":72568,"date":"2025-02-13T08:53:14","date_gmt":"2025-02-13T11:53:14","guid":{"rendered":"https:\/\/blogopara.com.br\/?p=72568"},"modified":"2025-02-12T20:57:08","modified_gmt":"2025-02-12T23:57:08","slug":"prefeito-de-casa-nova-anisio-viana-participa-do-encontro-nacional-de-prefeitos-em-brasilia","status":"publish","type":"post","link":"https:\/\/blogopara.com.br\/index.php\/2025\/02\/13\/prefeito-de-casa-nova-anisio-viana-participa-do-encontro-nacional-de-prefeitos-em-brasilia","title":{"rendered":"Prefeito de Casa Nova, Anisio Viana, participa do Encontro Nacional de Prefeitos em Bras\u00edlia"},"content":{"rendered":"<p class=\"x_MsoNormal\">O prefeito de Casa Nova, Anisio Viana, est\u00e1 em Bras\u00edlia para participar do Encontro de Novos Prefeitos e Prefeitas, promovido pelo Governo Federal. O evento, que come\u00e7ou nesta ter\u00e7a-feira (11) e segue at\u00e9 o dia 13 no Centro de Conven\u00e7\u00f5es Ulysses Guimar\u00e3es, tem o objetivo de aproximar as gest\u00f5es municipais dos programas e recursos federais.<\/p>\n<p class=\"x_MsoNormal\">Coordenado pela Secretaria de Rela\u00e7\u00f5es Institucionais da Presid\u00eancia da Rep\u00fablica (SRI), o encontro \u00e9 correalizado pela Associa\u00e7\u00e3o Brasileira de Munic\u00edpios (ABM) e conta com o apoio da Confedera\u00e7\u00e3o Nacional de Munic\u00edpios (CNM) e da Frente Nacional de Prefeitos (FNP). Durante o evento, os gestores ter\u00e3o acesso a pain\u00e9is, oficinas e suporte t\u00e9cnico para fortalecer a administra\u00e7\u00e3o p\u00fablica e impulsionar o desenvolvimento dos munic\u00edpios.<\/p>\n<p class=\"x_MsoNormal\">Anisio Viana destaca a import\u00e2ncia do encontro para garantir investimentos e melhorias para Casa Nova. &#8220;Esse evento \u00e9 fundamental para entendermos como acessar recursos e implementar pol\u00edticas p\u00fablicas que beneficiem nossa popula\u00e7\u00e3o. Estamos aqui para buscar avan\u00e7os concretos para nossa cidade\u201d, disse o prefeito.<\/p>\n<p class=\"x_MsoNormal\">\n<p class=\"x_MsoNormal\">Texto: Ascom PMCN<\/p>\n","protected":false},"excerpt":{"rendered":"<p>O prefeito de Casa Nova, Anisio Viana, est\u00e1 em Bras\u00edlia para participar do Encontro de Novos Prefeitos e Prefeitas, promovido pelo Governo Federal. O evento, que come\u00e7ou nesta ter\u00e7a-feira (11) e segue at\u00e9 o dia 13 no Centro de Conven\u00e7\u00f5es Ulysses Guimar\u00e3es, tem o objetivo de aproximar as gest\u00f5es municipais dos programas e recursos federais. [&hellip;]<\/p>\n","protected":false},"author":1,"featured_media":72569,"comment_status":"open","ping_status":"open","sticky":false,"template":"","format":"standard","meta":{"_uag_custom_page_level_css":"","_monsterinsights_skip_tracking":false,"_monsterinsights_sitenote_active":false,"_monsterinsights_sitenote_note":"","_monsterinsights_sitenote_category":0,"jetpack_post_was_ever_published":false,"_jetpack_newsletter_access":"","_jetpack_dont_email_post_to_subs":false,"_jetpack_newsletter_tier_id":0,"_jetpack_memberships_contains_paywalled_content":false,"_jetpack_memberships_contains_paid_content":false,"footnotes":"","jetpack_publicize_message":"","jetpack_publicize_feature_enabled":true,"jetpack_social_post_already_shared":true,"jetpack_social_options":{"image_generator_settings":{"template":"highway","default_image_id":0,"font":"","enabled":false},"version":2}},"categories":[4198,197],"tags":[],"class_list":["post-72568","post","type-post","status-publish","format-standard","has-post-thumbnail","hentry","category-casa-nova-casa-nova","category-politica"],"jetpack_publicize_connections":[],"jetpack_featured_media_url":"https:\/\/blogopara.com.br\/wp-content\/uploads\/2025\/02\/WhatsApp-Image-2025-02-12-at-11.25.44.jpeg","uagb_featured_image_src":{"full":["https:\/\/blogopara.com.br\/wp-content\/uploads\/2025\/02\/WhatsApp-Image-2025-02-12-at-11.25.44.jpeg",500,375,false],"thumbnail":["https:\/\/blogopara.com.br\/wp-content\/uploads\/2025\/02\/WhatsApp-Image-2025-02-12-at-11.25.44-150x150.jpeg",150,150,true],"medium":["https:\/\/blogopara.com.br\/wp-content\/uploads\/2025\/02\/WhatsApp-Image-2025-02-12-at-11.25.44-300x225.jpeg",300,225,true],"medium_large":["https:\/\/blogopara.com.br\/wp-content\/uploads\/2025\/02\/WhatsApp-Image-2025-02-12-at-11.25.44.jpeg",500,375,false],"large":["https:\/\/blogopara.com.br\/wp-content\/uploads\/2025\/02\/WhatsApp-Image-2025-02-12-at-11.25.44.jpeg",500,375,false],"1536x1536":["https:\/\/blogopara.com.br\/wp-content\/uploads\/2025\/02\/WhatsApp-Image-2025-02-12-at-11.25.44.jpeg",500,375,false],"2048x2048":["https:\/\/blogopara.com.br\/wp-content\/uploads\/2025\/02\/WhatsApp-Image-2025-02-12-at-11.25.44.jpeg",500,375,false],"mantranews-slider-large":["https:\/\/blogopara.com.br\/wp-content\/uploads\/2025\/02\/WhatsApp-Image-2025-02-12-at-11.25.44.jpeg",500,375,false],"mantranews-featured-medium":["https:\/\/blogopara.com.br\/wp-content\/uploads\/2025\/02\/WhatsApp-Image-2025-02-12-at-11.25.44-420x307.jpeg",420,307,true],"mantranews-featured-long":["https:\/\/blogopara.com.br\/wp-content\/uploads\/2025\/02\/WhatsApp-Image-2025-02-12-at-11.25.44-300x375.jpeg",300,375,true],"mantranews-block-medium":["https:\/\/blogopara.com.br\/wp-content\/uploads\/2025\/02\/WhatsApp-Image-2025-02-12-at-11.25.44-464x290.jpeg",464,290,true],"mantranews-carousel-image":["https:\/\/blogopara.com.br\/wp-content\/uploads\/2025\/02\/WhatsApp-Image-2025-02-12-at-11.25.44.jpeg",500,375,false],"mantranews-block-thumb":["https:\/\/blogopara.com.br\/wp-content\/uploads\/2025\/02\/WhatsApp-Image-2025-02-12-at-11.25.44-322x230.jpeg",322,230,true],"mantranews-single-large":["https:\/\/blogopara.com.br\/wp-content\/uploads\/2025\/02\/WhatsApp-Image-2025-02-12-at-11.25.44.jpeg",500,375,false]},"uagb_author_info":{"display_name":"Reda\u00e7\u00e3o geral","author_link":"https:\/\/blogopara.com.br\/index.php\/author\/blogopara"},"uagb_comment_info":0,"uagb_excerpt":"O prefeito de Casa Nova, Anisio Viana, est\u00e1 em Bras\u00edlia para participar do Encontro de Novos Prefeitos e Prefeitas, promovido pelo Governo Federal. O evento, que come\u00e7ou nesta ter\u00e7a-feira (11) e segue at\u00e9 o dia 13 no Centro de Conven\u00e7\u00f5es Ulysses Guimar\u00e3es, tem o objetivo de aproximar as gest\u00f5es municipais dos programas e recursos federais.&hellip;","jetpack_sharing_enabled":true,"jetpack_likes_enabled":true,"_links":{"self":[{"href":"https:\/\/blogopara.com.br\/index.php\/wp-json\/wp\/v2\/posts\/72568","targetHints":{"allow":["GET"]}}],"collection":[{"href":"https:\/\/blogopara.com.br\/index.php\/wp-json\/wp\/v2\/posts"}],"about":[{"href":"https:\/\/blogopara.com.br\/index.php\/wp-json\/wp\/v2\/types\/post"}],"author":[{"embeddable":true,"href":"https:\/\/blogopara.com.br\/index.php\/wp-json\/wp\/v2\/users\/1"}],"replies":[{"embeddable":true,"href":"https:\/\/blogopara.com.br\/index.php\/wp-json\/wp\/v2\/comments?post=72568"}],"version-history":[{"count":1,"href":"https:\/\/blogopara.com.br\/index.php\/wp-json\/wp\/v2\/posts\/72568\/revisions"}],"predecessor-version":[{"id":72570,"href":"https:\/\/blogopara.com.br\/index.php\/wp-json\/wp\/v2\/posts\/72568\/revisions\/72570"}],"wp:featuredmedia":[{"embeddable":true,"href":"https:\/\/blogopara.com.br\/index.php\/wp-json\/wp\/v2\/media\/72569"}],"wp:attachment":[{"href":"https:\/\/blogopara.com.br\/index.php\/wp-json\/wp\/v2\/media?parent=72568"}],"wp:term":[{"taxonomy":"category","embeddable":true,"href":"https:\/\/blogopara.com.br\/index.php\/wp-json\/wp\/v2\/categories?post=72568"},{"taxonomy":"post_tag","embeddable":true,"href":"https:\/\/blogopara.com.br\/index.php\/wp-json\/wp\/v2\/tags?post=72568"}],"curies":[{"name":"wp","href":"https:\/\/api.w.org\/{rel}","templated":true}]}}