{"id":72655,"date":"2025-02-15T08:28:38","date_gmt":"2025-02-15T11:28:38","guid":{"rendered":"https:\/\/blogopara.com.br\/?p=72655"},"modified":"2025-02-15T08:28:38","modified_gmt":"2025-02-15T11:28:38","slug":"procon-juazeiro-participa-do-forum-dos-procons-baianos-e-debate-educacao-financeira","status":"publish","type":"post","link":"https:\/\/blogopara.com.br\/index.php\/2025\/02\/15\/procon-juazeiro-participa-do-forum-dos-procons-baianos-e-debate-educacao-financeira","title":{"rendered":"Procon Juazeiro participa do F\u00f3rum dos Procons Baianos e debate educa\u00e7\u00e3o financeira"},"content":{"rendered":"<p>O Procon de Juazeiro, representado pelo seu coordenador geral, o advogado Dr. Eg\u00eddio Felizardo, esteve presente no F\u00f3rum dos Procons Baianos, realizado nesta sexta-feira (14), em Salvador. O evento reuniu representantes de \u00f3rg\u00e3os de defesa do consumidor para discutir medidas de combate ao superendividamento e incentivar boas pr\u00e1ticas de educa\u00e7\u00e3o financeira.<\/p>\n<p>Organizado pelo Procon-BA, o encontro contou com palestras, mesas-redondas e reuni\u00f5es t\u00e9cnicas. Um dos momentos centrais foi a assinatura do Termo de Coopera\u00e7\u00e3o T\u00e9cnica entre a Secretaria de Justi\u00e7a e Direitos Humanos da Bahia (SJDH), o Procon e a Federa\u00e7\u00e3o Brasileira de Bancos (Febraban), possibilitando a dissemina\u00e7\u00e3o da plataforma \u201cMeu Bolso em Dia\u201d para orientar consumidores sobre planejamento financeiro.<\/p>\n<p>Durante o evento, o Procon de Juazeiro compartilhou iniciativas voltadas \u00e0 prote\u00e7\u00e3o dos consumidores do munic\u00edpio. \u201cNosso papel vai al\u00e9m da fiscaliza\u00e7\u00e3o e autua\u00e7\u00e3o. Trabalhamos para orientar e educar a popula\u00e7\u00e3o, ajudando as fam\u00edlias a fazerem escolhas mais conscientes e evitando o endividamento descontrolado. A informa\u00e7\u00e3o sobre educa\u00e7\u00e3o financeira aliada \u00e0 legisla\u00e7\u00e3o de prote\u00e7\u00e3o ao consumidor s\u00e3o as melhores ferramentas para garantir rela\u00e7\u00f5es de consumo mais justas\u201d, destacou Eg\u00eddio Felizardo.<\/p>\n<p>O encontro reuniu autoridades, entre elas o chefe de gabinete da Secretaria Estadual de Justi\u00e7a e Direitos Humanos do Governo do Estado, Dr. Raimundo Nascimento, o superintendente do Procon-BA, Dr. Tiago Ven\u00e2ncio, a promotora de Justi\u00e7a Dr\u00aa. Thelma Leal de Oliveira e a defensora p\u00fablica geral do Estado, Dr\u00aa. Firmiane Ven\u00e2ncio. A troca de experi\u00eancias entre os \u00f3rg\u00e3os fortalece as a\u00e7\u00f5es de defesa do consumidor em toda a Bahia.<\/p>\n<p>Ascom PMJ<\/p>\n","protected":false},"excerpt":{"rendered":"<p>O Procon de Juazeiro, representado pelo seu coordenador geral, o advogado Dr. Eg\u00eddio Felizardo, esteve presente no F\u00f3rum dos Procons Baianos, realizado nesta sexta-feira (14), em Salvador. O evento reuniu representantes de \u00f3rg\u00e3os de defesa do consumidor para discutir medidas de combate ao superendividamento e incentivar boas pr\u00e1ticas de educa\u00e7\u00e3o financeira. Organizado pelo Procon-BA, o [&hellip;]<\/p>\n","protected":false},"author":1,"featured_media":72656,"comment_status":"open","ping_status":"open","sticky":false,"template":"","format":"standard","meta":{"_uag_custom_page_level_css":"","_monsterinsights_skip_tracking":false,"_monsterinsights_sitenote_active":false,"_monsterinsights_sitenote_note":"","_monsterinsights_sitenote_category":0,"jetpack_post_was_ever_published":false,"_jetpack_newsletter_access":"","_jetpack_dont_email_post_to_subs":false,"_jetpack_newsletter_tier_id":0,"_jetpack_memberships_contains_paywalled_content":false,"_jetpack_memberships_contains_paid_content":false,"footnotes":"","jetpack_publicize_message":"","jetpack_publicize_feature_enabled":true,"jetpack_social_post_already_shared":true,"jetpack_social_options":{"image_generator_settings":{"template":"highway","default_image_id":0,"font":"","enabled":false},"version":2}},"categories":[203,197],"tags":[],"class_list":["post-72655","post","type-post","status-publish","format-standard","has-post-thumbnail","hentry","category-juazeiro","category-politica"],"jetpack_publicize_connections":[],"jetpack_featured_media_url":"https:\/\/blogopara.com.br\/wp-content\/uploads\/2025\/02\/WhatsApp-Image-2025-02-14-at-10.25.50-300x225-1.jpeg","uagb_featured_image_src":{"full":["https:\/\/blogopara.com.br\/wp-content\/uploads\/2025\/02\/WhatsApp-Image-2025-02-14-at-10.25.50-300x225-1.jpeg",400,300,false],"thumbnail":["https:\/\/blogopara.com.br\/wp-content\/uploads\/2025\/02\/WhatsApp-Image-2025-02-14-at-10.25.50-300x225-1-150x150.jpeg",150,150,true],"medium":["https:\/\/blogopara.com.br\/wp-content\/uploads\/2025\/02\/WhatsApp-Image-2025-02-14-at-10.25.50-300x225-1-300x225.jpeg",300,225,true],"medium_large":["https:\/\/blogopara.com.br\/wp-content\/uploads\/2025\/02\/WhatsApp-Image-2025-02-14-at-10.25.50-300x225-1.jpeg",400,300,false],"large":["https:\/\/blogopara.com.br\/wp-content\/uploads\/2025\/02\/WhatsApp-Image-2025-02-14-at-10.25.50-300x225-1.jpeg",400,300,false],"1536x1536":["https:\/\/blogopara.com.br\/wp-content\/uploads\/2025\/02\/WhatsApp-Image-2025-02-14-at-10.25.50-300x225-1.jpeg",400,300,false],"2048x2048":["https:\/\/blogopara.com.br\/wp-content\/uploads\/2025\/02\/WhatsApp-Image-2025-02-14-at-10.25.50-300x225-1.jpeg",400,300,false],"mantranews-slider-large":["https:\/\/blogopara.com.br\/wp-content\/uploads\/2025\/02\/WhatsApp-Image-2025-02-14-at-10.25.50-300x225-1.jpeg",400,300,false],"mantranews-featured-medium":["https:\/\/blogopara.com.br\/wp-content\/uploads\/2025\/02\/WhatsApp-Image-2025-02-14-at-10.25.50-300x225-1.jpeg",400,300,false],"mantranews-featured-long":["https:\/\/blogopara.com.br\/wp-content\/uploads\/2025\/02\/WhatsApp-Image-2025-02-14-at-10.25.50-300x225-1-300x300.jpeg",300,300,true],"mantranews-block-medium":["https:\/\/blogopara.com.br\/wp-content\/uploads\/2025\/02\/WhatsApp-Image-2025-02-14-at-10.25.50-300x225-1-400x290.jpeg",400,290,true],"mantranews-carousel-image":["https:\/\/blogopara.com.br\/wp-content\/uploads\/2025\/02\/WhatsApp-Image-2025-02-14-at-10.25.50-300x225-1.jpeg",400,300,false],"mantranews-block-thumb":["https:\/\/blogopara.com.br\/wp-content\/uploads\/2025\/02\/WhatsApp-Image-2025-02-14-at-10.25.50-300x225-1-322x230.jpeg",322,230,true],"mantranews-single-large":["https:\/\/blogopara.com.br\/wp-content\/uploads\/2025\/02\/WhatsApp-Image-2025-02-14-at-10.25.50-300x225-1.jpeg",400,300,false]},"uagb_author_info":{"display_name":"Reda\u00e7\u00e3o geral","author_link":"https:\/\/blogopara.com.br\/index.php\/author\/blogopara"},"uagb_comment_info":0,"uagb_excerpt":"O Procon de Juazeiro, representado pelo seu coordenador geral, o advogado Dr. Eg\u00eddio Felizardo, esteve presente no F\u00f3rum dos Procons Baianos, realizado nesta sexta-feira (14), em Salvador. O evento reuniu representantes de \u00f3rg\u00e3os de defesa do consumidor para discutir medidas de combate ao superendividamento e incentivar boas pr\u00e1ticas de educa\u00e7\u00e3o financeira. Organizado pelo Procon-BA, o&hellip;","jetpack_sharing_enabled":true,"jetpack_likes_enabled":true,"_links":{"self":[{"href":"https:\/\/blogopara.com.br\/index.php\/wp-json\/wp\/v2\/posts\/72655","targetHints":{"allow":["GET"]}}],"collection":[{"href":"https:\/\/blogopara.com.br\/index.php\/wp-json\/wp\/v2\/posts"}],"about":[{"href":"https:\/\/blogopara.com.br\/index.php\/wp-json\/wp\/v2\/types\/post"}],"author":[{"embeddable":true,"href":"https:\/\/blogopara.com.br\/index.php\/wp-json\/wp\/v2\/users\/1"}],"replies":[{"embeddable":true,"href":"https:\/\/blogopara.com.br\/index.php\/wp-json\/wp\/v2\/comments?post=72655"}],"version-history":[{"count":1,"href":"https:\/\/blogopara.com.br\/index.php\/wp-json\/wp\/v2\/posts\/72655\/revisions"}],"predecessor-version":[{"id":72657,"href":"https:\/\/blogopara.com.br\/index.php\/wp-json\/wp\/v2\/posts\/72655\/revisions\/72657"}],"wp:featuredmedia":[{"embeddable":true,"href":"https:\/\/blogopara.com.br\/index.php\/wp-json\/wp\/v2\/media\/72656"}],"wp:attachment":[{"href":"https:\/\/blogopara.com.br\/index.php\/wp-json\/wp\/v2\/media?parent=72655"}],"wp:term":[{"taxonomy":"category","embeddable":true,"href":"https:\/\/blogopara.com.br\/index.php\/wp-json\/wp\/v2\/categories?post=72655"},{"taxonomy":"post_tag","embeddable":true,"href":"https:\/\/blogopara.com.br\/index.php\/wp-json\/wp\/v2\/tags?post=72655"}],"curies":[{"name":"wp","href":"https:\/\/api.w.org\/{rel}","templated":true}]}}