{"id":72688,"date":"2025-02-16T18:28:10","date_gmt":"2025-02-16T21:28:10","guid":{"rendered":"https:\/\/blogopara.com.br\/?p=72688"},"modified":"2025-02-16T18:28:10","modified_gmt":"2025-02-16T21:28:10","slug":"cadastro-unico-passara-por-manutencao-e-ficara-indisponivel-de-17-de-fevereiro-a-16-de-marco","status":"publish","type":"post","link":"https:\/\/blogopara.com.br\/index.php\/2025\/02\/16\/cadastro-unico-passara-por-manutencao-e-ficara-indisponivel-de-17-de-fevereiro-a-16-de-marco","title":{"rendered":"Cadastro \u00danico passar\u00e1 por manuten\u00e7\u00e3o e ficar\u00e1 indispon\u00edvel de 17 de fevereiro a 16 de mar\u00e7o"},"content":{"rendered":"<p class=\"x_MsoNormal\">A Prefeitura de Senhor do Bonfim, por meio da Secretaria Municipal de Assist\u00eancia Social, informa que o sistema do Cadastro \u00danico (Cad\u00danico) ficar\u00e1 indispon\u00edvel entre os dias 17 de fevereiro a 16 de mar\u00e7o para manuten\u00e7\u00e3o e atualiza\u00e7\u00e3o. A suspens\u00e3o ser\u00e1 realizada em todo pa\u00eds.<\/p>\n<p class=\"x_MsoNormal\">Durante esse per\u00edodo, as equipes estar\u00e3o em capacita\u00e7\u00e3o at\u00e9 27 de fevereiro, e o sistema permanecer\u00e1 fora do ar de 28 de fevereiro a 16 de mar\u00e7o. A previs\u00e3o \u00e9 que, a partir do dia 17 de mar\u00e7o, o novo sistema j\u00e1 esteja implantado e atualizado, garantindo um melhor atendimento \u00e0 popula\u00e7\u00e3o.<\/p>\n<p class=\"x_MsoNormal\">\u201cAgradecemos a compreens\u00e3o de todos e refor\u00e7amos nosso compromisso em aprimorar os servi\u00e7os para melhor atender os bonfinenses. Para mais informa\u00e7\u00f5es, acompanhe as redes oficiais da Prefeitura de Senhor do Bonfim\u201d, disse o coordenador do Cadastro \u00danico, Rafael Sena da Silva.<\/p>\n<p class=\"x_MsoNormal\">\n<p class=\"x_MsoNormal\">\u2014<\/p>\n<p class=\"x_MsoNormal\">\n<p class=\"x_MsoNormal\">Texto: Ascom PMSB<\/p>\n","protected":false},"excerpt":{"rendered":"<p>A Prefeitura de Senhor do Bonfim, por meio da Secretaria Municipal de Assist\u00eancia Social, informa que o sistema do Cadastro \u00danico (Cad\u00danico) ficar\u00e1 indispon\u00edvel entre os dias 17 de fevereiro a 16 de mar\u00e7o para manuten\u00e7\u00e3o e atualiza\u00e7\u00e3o. A suspens\u00e3o ser\u00e1 realizada em todo pa\u00eds. Durante esse per\u00edodo, as equipes estar\u00e3o em capacita\u00e7\u00e3o at\u00e9 27 [&hellip;]<\/p>\n","protected":false},"author":1,"featured_media":72689,"comment_status":"open","ping_status":"open","sticky":false,"template":"","format":"standard","meta":{"_uag_custom_page_level_css":"","_monsterinsights_skip_tracking":false,"_monsterinsights_sitenote_active":false,"_monsterinsights_sitenote_note":"","_monsterinsights_sitenote_category":0,"jetpack_post_was_ever_published":false,"_jetpack_newsletter_access":"","_jetpack_dont_email_post_to_subs":false,"_jetpack_newsletter_tier_id":0,"_jetpack_memberships_contains_paywalled_content":false,"_jetpack_memberships_contains_paid_content":false,"footnotes":"","jetpack_publicize_message":"","jetpack_publicize_feature_enabled":true,"jetpack_social_post_already_shared":true,"jetpack_social_options":{"image_generator_settings":{"template":"highway","default_image_id":0,"font":"","enabled":false},"version":2}},"categories":[10082,204],"tags":[],"class_list":["post-72688","post","type-post","status-publish","format-standard","has-post-thumbnail","hentry","category-senhor-do-bonfim","category-social"],"jetpack_publicize_connections":[],"jetpack_featured_media_url":"https:\/\/blogopara.com.br\/wp-content\/uploads\/2025\/02\/WhatsApp-Image-2025-02-12-at-09.23.18.jpeg","uagb_featured_image_src":{"full":["https:\/\/blogopara.com.br\/wp-content\/uploads\/2025\/02\/WhatsApp-Image-2025-02-12-at-09.23.18.jpeg",503,501,false],"thumbnail":["https:\/\/blogopara.com.br\/wp-content\/uploads\/2025\/02\/WhatsApp-Image-2025-02-12-at-09.23.18-150x150.jpeg",150,150,true],"medium":["https:\/\/blogopara.com.br\/wp-content\/uploads\/2025\/02\/WhatsApp-Image-2025-02-12-at-09.23.18-300x300.jpeg",300,300,true],"medium_large":["https:\/\/blogopara.com.br\/wp-content\/uploads\/2025\/02\/WhatsApp-Image-2025-02-12-at-09.23.18.jpeg",503,501,false],"large":["https:\/\/blogopara.com.br\/wp-content\/uploads\/2025\/02\/WhatsApp-Image-2025-02-12-at-09.23.18.jpeg",503,501,false],"1536x1536":["https:\/\/blogopara.com.br\/wp-content\/uploads\/2025\/02\/WhatsApp-Image-2025-02-12-at-09.23.18.jpeg",503,501,false],"2048x2048":["https:\/\/blogopara.com.br\/wp-content\/uploads\/2025\/02\/WhatsApp-Image-2025-02-12-at-09.23.18.jpeg",503,501,false],"mantranews-slider-large":["https:\/\/blogopara.com.br\/wp-content\/uploads\/2025\/02\/WhatsApp-Image-2025-02-12-at-09.23.18.jpeg",503,501,false],"mantranews-featured-medium":["https:\/\/blogopara.com.br\/wp-content\/uploads\/2025\/02\/WhatsApp-Image-2025-02-12-at-09.23.18-420x307.jpeg",420,307,true],"mantranews-featured-long":["https:\/\/blogopara.com.br\/wp-content\/uploads\/2025\/02\/WhatsApp-Image-2025-02-12-at-09.23.18-300x443.jpeg",300,443,true],"mantranews-block-medium":["https:\/\/blogopara.com.br\/wp-content\/uploads\/2025\/02\/WhatsApp-Image-2025-02-12-at-09.23.18-464x290.jpeg",464,290,true],"mantranews-carousel-image":["https:\/\/blogopara.com.br\/wp-content\/uploads\/2025\/02\/WhatsApp-Image-2025-02-12-at-09.23.18.jpeg",502,500,false],"mantranews-block-thumb":["https:\/\/blogopara.com.br\/wp-content\/uploads\/2025\/02\/WhatsApp-Image-2025-02-12-at-09.23.18-322x230.jpeg",322,230,true],"mantranews-single-large":["https:\/\/blogopara.com.br\/wp-content\/uploads\/2025\/02\/WhatsApp-Image-2025-02-12-at-09.23.18.jpeg",503,501,false]},"uagb_author_info":{"display_name":"Reda\u00e7\u00e3o geral","author_link":"https:\/\/blogopara.com.br\/index.php\/author\/blogopara"},"uagb_comment_info":0,"uagb_excerpt":"A Prefeitura de Senhor do Bonfim, por meio da Secretaria Municipal de Assist\u00eancia Social, informa que o sistema do Cadastro \u00danico (Cad\u00danico) ficar\u00e1 indispon\u00edvel entre os dias 17 de fevereiro a 16 de mar\u00e7o para manuten\u00e7\u00e3o e atualiza\u00e7\u00e3o. A suspens\u00e3o ser\u00e1 realizada em todo pa\u00eds. Durante esse per\u00edodo, as equipes estar\u00e3o em capacita\u00e7\u00e3o at\u00e9 27&hellip;","jetpack_sharing_enabled":true,"jetpack_likes_enabled":true,"_links":{"self":[{"href":"https:\/\/blogopara.com.br\/index.php\/wp-json\/wp\/v2\/posts\/72688","targetHints":{"allow":["GET"]}}],"collection":[{"href":"https:\/\/blogopara.com.br\/index.php\/wp-json\/wp\/v2\/posts"}],"about":[{"href":"https:\/\/blogopara.com.br\/index.php\/wp-json\/wp\/v2\/types\/post"}],"author":[{"embeddable":true,"href":"https:\/\/blogopara.com.br\/index.php\/wp-json\/wp\/v2\/users\/1"}],"replies":[{"embeddable":true,"href":"https:\/\/blogopara.com.br\/index.php\/wp-json\/wp\/v2\/comments?post=72688"}],"version-history":[{"count":1,"href":"https:\/\/blogopara.com.br\/index.php\/wp-json\/wp\/v2\/posts\/72688\/revisions"}],"predecessor-version":[{"id":72690,"href":"https:\/\/blogopara.com.br\/index.php\/wp-json\/wp\/v2\/posts\/72688\/revisions\/72690"}],"wp:featuredmedia":[{"embeddable":true,"href":"https:\/\/blogopara.com.br\/index.php\/wp-json\/wp\/v2\/media\/72689"}],"wp:attachment":[{"href":"https:\/\/blogopara.com.br\/index.php\/wp-json\/wp\/v2\/media?parent=72688"}],"wp:term":[{"taxonomy":"category","embeddable":true,"href":"https:\/\/blogopara.com.br\/index.php\/wp-json\/wp\/v2\/categories?post=72688"},{"taxonomy":"post_tag","embeddable":true,"href":"https:\/\/blogopara.com.br\/index.php\/wp-json\/wp\/v2\/tags?post=72688"}],"curies":[{"name":"wp","href":"https:\/\/api.w.org\/{rel}","templated":true}]}}