{"id":72691,"date":"2025-02-16T18:29:46","date_gmt":"2025-02-16T21:29:46","guid":{"rendered":"https:\/\/blogopara.com.br\/?p=72691"},"modified":"2025-02-16T18:29:46","modified_gmt":"2025-02-16T21:29:46","slug":"prefeitura-de-senhor-do-bonfim-da-ordem-de-servico-para-a-construcao-do-centro-educacional-de-convivencia-da-escola-antonio-bastos-de-miranda-em-missao-do-sahy","status":"publish","type":"post","link":"https:\/\/blogopara.com.br\/index.php\/2025\/02\/16\/prefeitura-de-senhor-do-bonfim-da-ordem-de-servico-para-a-construcao-do-centro-educacional-de-convivencia-da-escola-antonio-bastos-de-miranda-em-missao-do-sahy","title":{"rendered":"Prefeitura de Senhor do Bonfim d\u00e1 ordem de servi\u00e7o para a constru\u00e7\u00e3o do Centro Educacional de Conviv\u00eancia da Escola Ant\u00f4nio Bastos de Miranda em Miss\u00e3o do Sahy"},"content":{"rendered":"<p class=\"x_MsoNormal\"><span data-olk-copy-source=\"MessageBody\">Nesta sexta-feira (14), a Prefeitura de Senhor do Bonfim deu um passo importante para fortalecer a cultura e o lazer no distrito de Miss\u00e3o do Sahy. O prefeito La\u00e9rcio J\u00fanior e o vice-prefeito Elizeu Rios assinaram a ordem de servi\u00e7o para a constru\u00e7\u00e3o do Centro de Conviv\u00eancia Educacional da Escola Ant\u00f4nio Bastos de Miranda, um espa\u00e7o projetado para incentivar a cultura local e proporcionar momentos de integra\u00e7\u00e3o para a comunidade, no valor de mais de R$ 700 mil em recursos pr\u00f3prios do munic\u00edpio.<\/span><\/p>\n<p class=\"x_MsoNormal\">Mesmo com a ordem de servi\u00e7o rec\u00e9m-assinada, as obras j\u00e1 est\u00e3o avan\u00e7adas. &#8220;Hoje oficializamos mais uma grande conquista para Miss\u00e3o do Sahy. A ordem de servi\u00e7o foi assinada, mas a obra j\u00e1 est\u00e1 em andamento, porque temos pressa em transformar a realidade do nosso munic\u00edpio. Este centro ser\u00e1 um marco para a comunidade, oferecendo um espa\u00e7o digno para atividades culturais e sociais&#8221;, destacou o prefeito La\u00e9rcio J\u00fanior.<\/p>\n<p class=\"x_MsoNormal\">O espa\u00e7o ser\u00e1 voltado para diversas atividades, como teatro, exposi\u00e7\u00f5es, oficinas, brincadeiras, esportes atrav\u00e9s do campo com grama sint\u00e9tica e eventos culturais, proporcionando entretenimento e aprendizado para pessoas de todas as idades. A iniciativa foi comemorada pelos moradores, que veem a constru\u00e7\u00e3o como um avan\u00e7o significativo para o distrito. &#8220;Estou gostando muito da obra. Valorizando o nosso distrito, num espa\u00e7o que era esquecido e, gra\u00e7as \u00e0 atual gest\u00e3o, est\u00e1 se transformando neste Centro de Conviv\u00eancia&#8221;, afirmou Herijan Souza, moradora da comunidade<\/p>\n<p class=\"x_MsoNormal\">A cerim\u00f4nia contou com a presen\u00e7a de vereadores, secret\u00e1rios municipais e outras autoridades, refor\u00e7ando o compromisso da gest\u00e3o em investir na melhoria da qualidade de vida da popula\u00e7\u00e3o de Senhor do Bonfim.<\/p>\n<p class=\"x_MsoNormal\">\n<p class=\"x_MsoNormal\">Texto: Ascom PMSB<\/p>\n","protected":false},"excerpt":{"rendered":"<p>Nesta sexta-feira (14), a Prefeitura de Senhor do Bonfim deu um passo importante para fortalecer a cultura e o lazer no distrito de Miss\u00e3o do Sahy. O prefeito La\u00e9rcio J\u00fanior e o vice-prefeito Elizeu Rios assinaram a ordem de servi\u00e7o para a constru\u00e7\u00e3o do Centro de Conviv\u00eancia Educacional da Escola Ant\u00f4nio Bastos de Miranda, um [&hellip;]<\/p>\n","protected":false},"author":1,"featured_media":72692,"comment_status":"open","ping_status":"open","sticky":false,"template":"","format":"standard","meta":{"_uag_custom_page_level_css":"","_monsterinsights_skip_tracking":false,"_monsterinsights_sitenote_active":false,"_monsterinsights_sitenote_note":"","_monsterinsights_sitenote_category":0,"jetpack_post_was_ever_published":false,"_jetpack_newsletter_access":"","_jetpack_dont_email_post_to_subs":false,"_jetpack_newsletter_tier_id":0,"_jetpack_memberships_contains_paywalled_content":false,"_jetpack_memberships_contains_paid_content":false,"footnotes":"","jetpack_publicize_message":"","jetpack_publicize_feature_enabled":true,"jetpack_social_post_already_shared":true,"jetpack_social_options":{"image_generator_settings":{"template":"highway","default_image_id":0,"font":"","enabled":false},"version":2}},"categories":[197],"tags":[],"class_list":["post-72691","post","type-post","status-publish","format-standard","has-post-thumbnail","hentry","category-politica"],"jetpack_publicize_connections":[],"jetpack_featured_media_url":"https:\/\/blogopara.com.br\/wp-content\/uploads\/2025\/02\/thumbnail_54328215168_fa4d3f4208_k.jpg","uagb_featured_image_src":{"full":["https:\/\/blogopara.com.br\/wp-content\/uploads\/2025\/02\/thumbnail_54328215168_fa4d3f4208_k.jpg",500,331,false],"thumbnail":["https:\/\/blogopara.com.br\/wp-content\/uploads\/2025\/02\/thumbnail_54328215168_fa4d3f4208_k-150x150.jpg",150,150,true],"medium":["https:\/\/blogopara.com.br\/wp-content\/uploads\/2025\/02\/thumbnail_54328215168_fa4d3f4208_k-300x199.jpg",300,199,true],"medium_large":["https:\/\/blogopara.com.br\/wp-content\/uploads\/2025\/02\/thumbnail_54328215168_fa4d3f4208_k.jpg",500,331,false],"large":["https:\/\/blogopara.com.br\/wp-content\/uploads\/2025\/02\/thumbnail_54328215168_fa4d3f4208_k.jpg",500,331,false],"1536x1536":["https:\/\/blogopara.com.br\/wp-content\/uploads\/2025\/02\/thumbnail_54328215168_fa4d3f4208_k.jpg",500,331,false],"2048x2048":["https:\/\/blogopara.com.br\/wp-content\/uploads\/2025\/02\/thumbnail_54328215168_fa4d3f4208_k.jpg",500,331,false],"mantranews-slider-large":["https:\/\/blogopara.com.br\/wp-content\/uploads\/2025\/02\/thumbnail_54328215168_fa4d3f4208_k.jpg",500,331,false],"mantranews-featured-medium":["https:\/\/blogopara.com.br\/wp-content\/uploads\/2025\/02\/thumbnail_54328215168_fa4d3f4208_k-420x307.jpg",420,307,true],"mantranews-featured-long":["https:\/\/blogopara.com.br\/wp-content\/uploads\/2025\/02\/thumbnail_54328215168_fa4d3f4208_k-300x331.jpg",300,331,true],"mantranews-block-medium":["https:\/\/blogopara.com.br\/wp-content\/uploads\/2025\/02\/thumbnail_54328215168_fa4d3f4208_k-464x290.jpg",464,290,true],"mantranews-carousel-image":["https:\/\/blogopara.com.br\/wp-content\/uploads\/2025\/02\/thumbnail_54328215168_fa4d3f4208_k.jpg",500,331,false],"mantranews-block-thumb":["https:\/\/blogopara.com.br\/wp-content\/uploads\/2025\/02\/thumbnail_54328215168_fa4d3f4208_k-322x230.jpg",322,230,true],"mantranews-single-large":["https:\/\/blogopara.com.br\/wp-content\/uploads\/2025\/02\/thumbnail_54328215168_fa4d3f4208_k.jpg",500,331,false]},"uagb_author_info":{"display_name":"Reda\u00e7\u00e3o geral","author_link":"https:\/\/blogopara.com.br\/index.php\/author\/blogopara"},"uagb_comment_info":0,"uagb_excerpt":"Nesta sexta-feira (14), a Prefeitura de Senhor do Bonfim deu um passo importante para fortalecer a cultura e o lazer no distrito de Miss\u00e3o do Sahy. O prefeito La\u00e9rcio J\u00fanior e o vice-prefeito Elizeu Rios assinaram a ordem de servi\u00e7o para a constru\u00e7\u00e3o do Centro de Conviv\u00eancia Educacional da Escola Ant\u00f4nio Bastos de Miranda, um&hellip;","jetpack_sharing_enabled":true,"jetpack_likes_enabled":true,"_links":{"self":[{"href":"https:\/\/blogopara.com.br\/index.php\/wp-json\/wp\/v2\/posts\/72691","targetHints":{"allow":["GET"]}}],"collection":[{"href":"https:\/\/blogopara.com.br\/index.php\/wp-json\/wp\/v2\/posts"}],"about":[{"href":"https:\/\/blogopara.com.br\/index.php\/wp-json\/wp\/v2\/types\/post"}],"author":[{"embeddable":true,"href":"https:\/\/blogopara.com.br\/index.php\/wp-json\/wp\/v2\/users\/1"}],"replies":[{"embeddable":true,"href":"https:\/\/blogopara.com.br\/index.php\/wp-json\/wp\/v2\/comments?post=72691"}],"version-history":[{"count":1,"href":"https:\/\/blogopara.com.br\/index.php\/wp-json\/wp\/v2\/posts\/72691\/revisions"}],"predecessor-version":[{"id":72693,"href":"https:\/\/blogopara.com.br\/index.php\/wp-json\/wp\/v2\/posts\/72691\/revisions\/72693"}],"wp:featuredmedia":[{"embeddable":true,"href":"https:\/\/blogopara.com.br\/index.php\/wp-json\/wp\/v2\/media\/72692"}],"wp:attachment":[{"href":"https:\/\/blogopara.com.br\/index.php\/wp-json\/wp\/v2\/media?parent=72691"}],"wp:term":[{"taxonomy":"category","embeddable":true,"href":"https:\/\/blogopara.com.br\/index.php\/wp-json\/wp\/v2\/categories?post=72691"},{"taxonomy":"post_tag","embeddable":true,"href":"https:\/\/blogopara.com.br\/index.php\/wp-json\/wp\/v2\/tags?post=72691"}],"curies":[{"name":"wp","href":"https:\/\/api.w.org\/{rel}","templated":true}]}}