{"id":72807,"date":"2025-02-19T09:17:15","date_gmt":"2025-02-19T12:17:15","guid":{"rendered":"https:\/\/blogopara.com.br\/?p=72807"},"modified":"2025-02-19T09:17:15","modified_gmt":"2025-02-19T12:17:15","slug":"planejamento-estrategico-seduc-vai-elaborar-documento-com-a-participacao-de-tecnicos-e-comunidade-escolar-2","status":"publish","type":"post","link":"https:\/\/blogopara.com.br\/index.php\/2025\/02\/19\/planejamento-estrategico-seduc-vai-elaborar-documento-com-a-participacao-de-tecnicos-e-comunidade-escolar-2","title":{"rendered":"Planejamento estrat\u00e9gico: Seduc vai elaborar documento com a participa\u00e7\u00e3o de t\u00e9cnicos e comunidade escolar"},"content":{"rendered":"<p>A secret\u00e1ria de Educa\u00e7\u00e3o de Juazeiro, Ma\u00e9ve Melo, a gestora de Pol\u00edticas P\u00fablicas, Mary Adriana Evangelista dos Santos, e as superintendentes, Renata Gouveia, Miranery Amorim, Nilmara M\u00e9rcia, e Ayanne Amorim, se reuniram, nesta segunda-feira (17), para discutir o planejamento estrat\u00e9gico da Secretaria de Educa\u00e7\u00e3o (Seduc). O documento vai reunir as principais metas e estrat\u00e9gias a serem cumpridas no decorrer dos pr\u00f3ximos quatro anos.<\/p>\n<p>De acordo com a secret\u00e1ria Ma\u00e9ve Melo, o planejamento ser\u00e1 constru\u00eddo coletivamente, com a participa\u00e7\u00e3o dos t\u00e9cnicos da Seduc e da comunidade escolar. \u201cEsse \u00e9 o primeiro momento do planejamento estrat\u00e9gico. Posteriormente, levaremos a discuss\u00e3o para toda a Secretaria, porque o nosso planejamento ser\u00e1 feito por todos. A partir das discuss\u00f5es, definiremos as diretrizes da educa\u00e7\u00e3o que desejamos e quais metas queremos atingir nos pr\u00f3ximos quatro anos, para fazer da educa\u00e7\u00e3o de Juazeiro uma refer\u00eancia\u201d, frisou Ma\u00e9ve.<\/p>\n<p>Entre as novidades do planejamento da Secretaria de Educa\u00e7\u00e3o para o ano de 2025 j\u00e1 constam a\u00e7\u00f5es como a realiza\u00e7\u00e3o da Feira Liter\u00e1ria, FliJu\u00e1, a capacita\u00e7\u00e3o cont\u00ednua dos servidores, o incentivo ao esporte e \u00e0 cultura, o investimento na constru\u00e7\u00e3o de novas creches e o fortalecimento da educa\u00e7\u00e3o integral.<\/p>\n<p>\u2014<\/p>\n<p>Ascom Seduc\/PMJ<\/p>\n","protected":false},"excerpt":{"rendered":"<p>A secret\u00e1ria de Educa\u00e7\u00e3o de Juazeiro, Ma\u00e9ve Melo, a gestora de Pol\u00edticas P\u00fablicas, Mary Adriana Evangelista dos Santos, e as superintendentes, Renata Gouveia, Miranery Amorim, Nilmara M\u00e9rcia, e Ayanne Amorim, se reuniram, nesta segunda-feira (17), para discutir o planejamento estrat\u00e9gico da Secretaria de Educa\u00e7\u00e3o (Seduc). O documento vai reunir as principais metas e estrat\u00e9gias a [&hellip;]<\/p>\n","protected":false},"author":1,"featured_media":72808,"comment_status":"open","ping_status":"open","sticky":false,"template":"","format":"standard","meta":{"_uag_custom_page_level_css":"","_monsterinsights_skip_tracking":false,"_monsterinsights_sitenote_active":false,"_monsterinsights_sitenote_note":"","_monsterinsights_sitenote_category":0,"jetpack_post_was_ever_published":false,"_jetpack_newsletter_access":"","_jetpack_dont_email_post_to_subs":false,"_jetpack_newsletter_tier_id":0,"_jetpack_memberships_contains_paywalled_content":false,"_jetpack_memberships_contains_paid_content":false,"footnotes":"","jetpack_publicize_message":"","jetpack_publicize_feature_enabled":true,"jetpack_social_post_already_shared":true,"jetpack_social_options":{"image_generator_settings":{"template":"highway","default_image_id":0,"font":"","enabled":false},"version":2}},"categories":[209,203],"tags":[],"class_list":["post-72807","post","type-post","status-publish","format-standard","has-post-thumbnail","hentry","category-educacao","category-juazeiro"],"jetpack_publicize_connections":[],"jetpack_featured_media_url":"https:\/\/blogopara.com.br\/wp-content\/uploads\/2025\/02\/Planejamento-Estrategico03-1024x576-1.jpeg","uagb_featured_image_src":{"full":["https:\/\/blogopara.com.br\/wp-content\/uploads\/2025\/02\/Planejamento-Estrategico03-1024x576-1.jpeg",500,281,false],"thumbnail":["https:\/\/blogopara.com.br\/wp-content\/uploads\/2025\/02\/Planejamento-Estrategico03-1024x576-1-150x150.jpeg",150,150,true],"medium":["https:\/\/blogopara.com.br\/wp-content\/uploads\/2025\/02\/Planejamento-Estrategico03-1024x576-1-300x169.jpeg",300,169,true],"medium_large":["https:\/\/blogopara.com.br\/wp-content\/uploads\/2025\/02\/Planejamento-Estrategico03-1024x576-1.jpeg",500,281,false],"large":["https:\/\/blogopara.com.br\/wp-content\/uploads\/2025\/02\/Planejamento-Estrategico03-1024x576-1.jpeg",500,281,false],"1536x1536":["https:\/\/blogopara.com.br\/wp-content\/uploads\/2025\/02\/Planejamento-Estrategico03-1024x576-1.jpeg",500,281,false],"2048x2048":["https:\/\/blogopara.com.br\/wp-content\/uploads\/2025\/02\/Planejamento-Estrategico03-1024x576-1.jpeg",500,281,false],"mantranews-slider-large":["https:\/\/blogopara.com.br\/wp-content\/uploads\/2025\/02\/Planejamento-Estrategico03-1024x576-1.jpeg",500,281,false],"mantranews-featured-medium":["https:\/\/blogopara.com.br\/wp-content\/uploads\/2025\/02\/Planejamento-Estrategico03-1024x576-1-420x281.jpeg",420,281,true],"mantranews-featured-long":["https:\/\/blogopara.com.br\/wp-content\/uploads\/2025\/02\/Planejamento-Estrategico03-1024x576-1-300x281.jpeg",300,281,true],"mantranews-block-medium":["https:\/\/blogopara.com.br\/wp-content\/uploads\/2025\/02\/Planejamento-Estrategico03-1024x576-1-464x281.jpeg",464,281,true],"mantranews-carousel-image":["https:\/\/blogopara.com.br\/wp-content\/uploads\/2025\/02\/Planejamento-Estrategico03-1024x576-1.jpeg",500,281,false],"mantranews-block-thumb":["https:\/\/blogopara.com.br\/wp-content\/uploads\/2025\/02\/Planejamento-Estrategico03-1024x576-1-322x230.jpeg",322,230,true],"mantranews-single-large":["https:\/\/blogopara.com.br\/wp-content\/uploads\/2025\/02\/Planejamento-Estrategico03-1024x576-1.jpeg",500,281,false]},"uagb_author_info":{"display_name":"Reda\u00e7\u00e3o geral","author_link":"https:\/\/blogopara.com.br\/index.php\/author\/blogopara"},"uagb_comment_info":0,"uagb_excerpt":"A secret\u00e1ria de Educa\u00e7\u00e3o de Juazeiro, Ma\u00e9ve Melo, a gestora de Pol\u00edticas P\u00fablicas, Mary Adriana Evangelista dos Santos, e as superintendentes, Renata Gouveia, Miranery Amorim, Nilmara M\u00e9rcia, e Ayanne Amorim, se reuniram, nesta segunda-feira (17), para discutir o planejamento estrat\u00e9gico da Secretaria de Educa\u00e7\u00e3o (Seduc). O documento vai reunir as principais metas e estrat\u00e9gias a&hellip;","jetpack_sharing_enabled":true,"jetpack_likes_enabled":true,"_links":{"self":[{"href":"https:\/\/blogopara.com.br\/index.php\/wp-json\/wp\/v2\/posts\/72807","targetHints":{"allow":["GET"]}}],"collection":[{"href":"https:\/\/blogopara.com.br\/index.php\/wp-json\/wp\/v2\/posts"}],"about":[{"href":"https:\/\/blogopara.com.br\/index.php\/wp-json\/wp\/v2\/types\/post"}],"author":[{"embeddable":true,"href":"https:\/\/blogopara.com.br\/index.php\/wp-json\/wp\/v2\/users\/1"}],"replies":[{"embeddable":true,"href":"https:\/\/blogopara.com.br\/index.php\/wp-json\/wp\/v2\/comments?post=72807"}],"version-history":[{"count":1,"href":"https:\/\/blogopara.com.br\/index.php\/wp-json\/wp\/v2\/posts\/72807\/revisions"}],"predecessor-version":[{"id":72809,"href":"https:\/\/blogopara.com.br\/index.php\/wp-json\/wp\/v2\/posts\/72807\/revisions\/72809"}],"wp:featuredmedia":[{"embeddable":true,"href":"https:\/\/blogopara.com.br\/index.php\/wp-json\/wp\/v2\/media\/72808"}],"wp:attachment":[{"href":"https:\/\/blogopara.com.br\/index.php\/wp-json\/wp\/v2\/media?parent=72807"}],"wp:term":[{"taxonomy":"category","embeddable":true,"href":"https:\/\/blogopara.com.br\/index.php\/wp-json\/wp\/v2\/categories?post=72807"},{"taxonomy":"post_tag","embeddable":true,"href":"https:\/\/blogopara.com.br\/index.php\/wp-json\/wp\/v2\/tags?post=72807"}],"curies":[{"name":"wp","href":"https:\/\/api.w.org\/{rel}","templated":true}]}}