{"id":72876,"date":"2025-02-21T07:48:45","date_gmt":"2025-02-21T10:48:45","guid":{"rendered":"https:\/\/blogopara.com.br\/?p=72876"},"modified":"2025-02-21T07:48:45","modified_gmt":"2025-02-21T10:48:45","slug":"sintraf-petrolina-e-comsea-participam-da-i-oficina-estrategia-alimenta-cidades","status":"publish","type":"post","link":"https:\/\/blogopara.com.br\/index.php\/2025\/02\/21\/sintraf-petrolina-e-comsea-participam-da-i-oficina-estrategia-alimenta-cidades","title":{"rendered":"Sintraf-Petrolina e Comsea participam da I Oficina Estrat\u00e9gia Alimenta Cidades"},"content":{"rendered":"<p>A presidente do Sintraf-Petrolina, Is\u00e1lia Damaceno, que tamb\u00e9m integra outras entidades em defesa da agricultura familiar, e a presidente do Comsea, que tamb\u00e9m \u00e9 secret\u00e1ria geral do Sintraf-Petrolina, Eliete Ferreira, participam da Oficina Presencial da Estrat\u00e9gia Alimenta Cidades, em Petrolina. A cidade \u00e9 a \u00fanica localizada \u00e0s margens do Rio S\u00e3o Francisco a integrar este espa\u00e7o de di\u00e1logo e co-cria\u00e7\u00e3o do diagn\u00f3stico situacional da agenda alimentar urbana, das pol\u00edticas, programas e a\u00e7\u00f5es voltadas para a seguran\u00e7a alimentar e o combate \u00e0 fome no pa\u00eds. O programa \u00e9 desenvolvido pelo Governo Federal em parceria com Estados e munic\u00edpios.<\/p>\n<p>Nesta quinta-feira (20), as oficinas aconteceram na sede da Uninassau, e na sexta-feira, a programa\u00e7\u00e3o ser\u00e1 realizada no campo.<\/p>\n<p>Essa \u00e9 uma oportunidade para aprofundar conhecimentos sobre pol\u00edticas p\u00fablicas mais eficazes e equitativas, al\u00e9m de permitir a troca de experi\u00eancias bem-sucedidas entre os munic\u00edpios participantes. Durante o evento, ser\u00e1 realizado um diagn\u00f3stico da seguran\u00e7a alimentar e nutricional em Petrolina, cujas experi\u00eancias ser\u00e3o compartilhadas com as 60 cidades envolvidas no projeto, a fim de identificar a\u00e7\u00f5es estrat\u00e9gicas para garantir a oferta de alimenta\u00e7\u00e3o saud\u00e1vel.<\/p>\n<p>\u201cA din\u00e2mica das pol\u00edticas alimentares exige um acompanhamento cont\u00ednuo para identificar novas oportunidades de a\u00e7\u00e3o na garantia de uma alimenta\u00e7\u00e3o saud\u00e1vel para nosso munic\u00edpio\u201d, destaca Is\u00e1lia Damaceno.<\/p>\n<p>Um dos principais eixos da estrat\u00e9gia \u00e9 ampliar a oferta e a disponibilidade de alimentos saud\u00e1veis nos equipamentos p\u00fablicos. Sobre isso, a presidente do Comsea, Eliete Ferreira, refor\u00e7a: \u201c\u00c9 essencial incentivar a introdu\u00e7\u00e3o de alimentos saud\u00e1veis nas iniciativas p\u00fablicas, como restaurantes populares, cozinhas solid\u00e1rias, CRAS, CREAS, Unidades de Acolhimento, Centros de Conviv\u00eancia, Centro Dia, Centro Pop e, principalmente, nas escolas e demais unidades educacionais. Al\u00e9m disso, precisamos fortalecer iniciativas como hortas comunit\u00e1rias e feiras livres, garantindo o aproveitamento da produ\u00e7\u00e3o local\u201d.<\/p>\n<p>As a\u00e7\u00f5es espec\u00edficas para Petrolina ser\u00e3o apresentadas dentro da proposta de mapeamento dos principais programas da rede assistencial do munic\u00edpio e das potencialidades da conex\u00e3o entre campo e cidade, visando a implementa\u00e7\u00e3o de estrat\u00e9gias eficazes de combate \u00e0 fome no \u00e2mbito municipal.<\/p>\n<p>A proposta de Is\u00e1lia e Eliete inclui a atualiza\u00e7\u00e3o dos dados cadastrais do munic\u00edpio, com isso aumentaria a compra de produtos da agricultura familiar no PNAE e no PAA e a implementa\u00e7\u00e3o de mais pol\u00edticas p\u00fablicas voltadas \u00e0 aquisi\u00e7\u00e3o da produ\u00e7\u00e3o dos agricultores de Petrolina.<\/p>\n<p>M\u00f4nia Ramos- Jornalista<br \/>\nAscom<\/p>\n","protected":false},"excerpt":{"rendered":"<p>A presidente do Sintraf-Petrolina, Is\u00e1lia Damaceno, que tamb\u00e9m integra outras entidades em defesa da agricultura familiar, e a presidente do Comsea, que tamb\u00e9m \u00e9 secret\u00e1ria geral do Sintraf-Petrolina, Eliete Ferreira, participam da Oficina Presencial da Estrat\u00e9gia Alimenta Cidades, em Petrolina. A cidade \u00e9 a \u00fanica localizada \u00e0s margens do Rio S\u00e3o Francisco a integrar este [&hellip;]<\/p>\n","protected":false},"author":1,"featured_media":72877,"comment_status":"open","ping_status":"open","sticky":false,"template":"","format":"standard","meta":{"_uag_custom_page_level_css":"","_monsterinsights_skip_tracking":false,"_monsterinsights_sitenote_active":false,"_monsterinsights_sitenote_note":"","_monsterinsights_sitenote_category":0,"jetpack_post_was_ever_published":false,"_jetpack_newsletter_access":"","_jetpack_dont_email_post_to_subs":false,"_jetpack_newsletter_tier_id":0,"_jetpack_memberships_contains_paywalled_content":false,"_jetpack_memberships_contains_paid_content":false,"footnotes":"","jetpack_publicize_message":"","jetpack_publicize_feature_enabled":true,"jetpack_social_post_already_shared":true,"jetpack_social_options":{"image_generator_settings":{"template":"highway","default_image_id":0,"font":"","enabled":false},"version":2}},"categories":[851],"tags":[],"class_list":["post-72876","post","type-post","status-publish","format-standard","has-post-thumbnail","hentry","category-petrolina"],"jetpack_publicize_connections":[],"jetpack_featured_media_url":"https:\/\/blogopara.com.br\/wp-content\/uploads\/2025\/02\/8281ad38-80bc-480f-aa0e-b042202b1e92.jpg","uagb_featured_image_src":{"full":["https:\/\/blogopara.com.br\/wp-content\/uploads\/2025\/02\/8281ad38-80bc-480f-aa0e-b042202b1e92.jpg",500,375,false],"thumbnail":["https:\/\/blogopara.com.br\/wp-content\/uploads\/2025\/02\/8281ad38-80bc-480f-aa0e-b042202b1e92-150x150.jpg",150,150,true],"medium":["https:\/\/blogopara.com.br\/wp-content\/uploads\/2025\/02\/8281ad38-80bc-480f-aa0e-b042202b1e92-300x225.jpg",300,225,true],"medium_large":["https:\/\/blogopara.com.br\/wp-content\/uploads\/2025\/02\/8281ad38-80bc-480f-aa0e-b042202b1e92.jpg",500,375,false],"large":["https:\/\/blogopara.com.br\/wp-content\/uploads\/2025\/02\/8281ad38-80bc-480f-aa0e-b042202b1e92.jpg",500,375,false],"1536x1536":["https:\/\/blogopara.com.br\/wp-content\/uploads\/2025\/02\/8281ad38-80bc-480f-aa0e-b042202b1e92.jpg",500,375,false],"2048x2048":["https:\/\/blogopara.com.br\/wp-content\/uploads\/2025\/02\/8281ad38-80bc-480f-aa0e-b042202b1e92.jpg",500,375,false],"mantranews-slider-large":["https:\/\/blogopara.com.br\/wp-content\/uploads\/2025\/02\/8281ad38-80bc-480f-aa0e-b042202b1e92.jpg",500,375,false],"mantranews-featured-medium":["https:\/\/blogopara.com.br\/wp-content\/uploads\/2025\/02\/8281ad38-80bc-480f-aa0e-b042202b1e92-420x307.jpg",420,307,true],"mantranews-featured-long":["https:\/\/blogopara.com.br\/wp-content\/uploads\/2025\/02\/8281ad38-80bc-480f-aa0e-b042202b1e92-300x375.jpg",300,375,true],"mantranews-block-medium":["https:\/\/blogopara.com.br\/wp-content\/uploads\/2025\/02\/8281ad38-80bc-480f-aa0e-b042202b1e92-464x290.jpg",464,290,true],"mantranews-carousel-image":["https:\/\/blogopara.com.br\/wp-content\/uploads\/2025\/02\/8281ad38-80bc-480f-aa0e-b042202b1e92.jpg",500,375,false],"mantranews-block-thumb":["https:\/\/blogopara.com.br\/wp-content\/uploads\/2025\/02\/8281ad38-80bc-480f-aa0e-b042202b1e92-322x230.jpg",322,230,true],"mantranews-single-large":["https:\/\/blogopara.com.br\/wp-content\/uploads\/2025\/02\/8281ad38-80bc-480f-aa0e-b042202b1e92.jpg",500,375,false]},"uagb_author_info":{"display_name":"Reda\u00e7\u00e3o geral","author_link":"https:\/\/blogopara.com.br\/index.php\/author\/blogopara"},"uagb_comment_info":0,"uagb_excerpt":"A presidente do Sintraf-Petrolina, Is\u00e1lia Damaceno, que tamb\u00e9m integra outras entidades em defesa da agricultura familiar, e a presidente do Comsea, que tamb\u00e9m \u00e9 secret\u00e1ria geral do Sintraf-Petrolina, Eliete Ferreira, participam da Oficina Presencial da Estrat\u00e9gia Alimenta Cidades, em Petrolina. A cidade \u00e9 a \u00fanica localizada \u00e0s margens do Rio S\u00e3o Francisco a integrar este&hellip;","jetpack_sharing_enabled":true,"jetpack_likes_enabled":true,"_links":{"self":[{"href":"https:\/\/blogopara.com.br\/index.php\/wp-json\/wp\/v2\/posts\/72876","targetHints":{"allow":["GET"]}}],"collection":[{"href":"https:\/\/blogopara.com.br\/index.php\/wp-json\/wp\/v2\/posts"}],"about":[{"href":"https:\/\/blogopara.com.br\/index.php\/wp-json\/wp\/v2\/types\/post"}],"author":[{"embeddable":true,"href":"https:\/\/blogopara.com.br\/index.php\/wp-json\/wp\/v2\/users\/1"}],"replies":[{"embeddable":true,"href":"https:\/\/blogopara.com.br\/index.php\/wp-json\/wp\/v2\/comments?post=72876"}],"version-history":[{"count":1,"href":"https:\/\/blogopara.com.br\/index.php\/wp-json\/wp\/v2\/posts\/72876\/revisions"}],"predecessor-version":[{"id":72878,"href":"https:\/\/blogopara.com.br\/index.php\/wp-json\/wp\/v2\/posts\/72876\/revisions\/72878"}],"wp:featuredmedia":[{"embeddable":true,"href":"https:\/\/blogopara.com.br\/index.php\/wp-json\/wp\/v2\/media\/72877"}],"wp:attachment":[{"href":"https:\/\/blogopara.com.br\/index.php\/wp-json\/wp\/v2\/media?parent=72876"}],"wp:term":[{"taxonomy":"category","embeddable":true,"href":"https:\/\/blogopara.com.br\/index.php\/wp-json\/wp\/v2\/categories?post=72876"},{"taxonomy":"post_tag","embeddable":true,"href":"https:\/\/blogopara.com.br\/index.php\/wp-json\/wp\/v2\/tags?post=72876"}],"curies":[{"name":"wp","href":"https:\/\/api.w.org\/{rel}","templated":true}]}}