{"id":72954,"date":"2025-02-23T13:29:19","date_gmt":"2025-02-23T16:29:19","guid":{"rendered":"https:\/\/blogopara.com.br\/?p=72954"},"modified":"2025-02-23T09:32:14","modified_gmt":"2025-02-23T12:32:14","slug":"secretaria-de-educacao-de-juazeiro-garante-ampliacao-de-carga-horaria-de-professores-da-rede-municipal-de-ensino","status":"publish","type":"post","link":"https:\/\/blogopara.com.br\/index.php\/2025\/02\/23\/secretaria-de-educacao-de-juazeiro-garante-ampliacao-de-carga-horaria-de-professores-da-rede-municipal-de-ensino","title":{"rendered":"Secretaria de Educa\u00e7\u00e3o de Juazeiro garante amplia\u00e7\u00e3o de carga hor\u00e1ria de professores da rede municipal de ensino"},"content":{"rendered":"<p>Em reuni\u00e3o com os professores da rede municipal de ensino de Juazeiro, novos concursados, nesta sexta-feira (21), a secret\u00e1ria de Educa\u00e7\u00e3o, Ma\u00e9ve Melo, anunciou o resultado do parecer jur\u00eddico que garante a amplia\u00e7\u00e3o da carga hor\u00e1ria dos educadores, de 20h para 40 horas. A conquista \u00e9 resultado de uma luta antiga da categoria.<\/p>\n<p>\u201cAssim que assumimos a gest\u00e3o da Secretaria de Educa\u00e7\u00e3o (Seduc), ainda no m\u00eas de janeiro, nos reunimos com os professores, escutamos as suas demandas, escutamos as demandas da APLB Sindicato, e prometemos encaminhar a solicita\u00e7\u00e3o para avalia\u00e7\u00e3o da Procuradoria Jur\u00eddica do Munic\u00edpio, que encontrou o caminho jur\u00eddico para garantir essa conquista\u201d, frisou a secret\u00e1ria Ma\u00e9ve Melo.<\/p>\n<p>A professora Maria de Lourdes da Silva revela que a luta valeu a pena. \u201cSou servidora da rede Municipal de Ensino de Juazeiro desde 2021 e desde ent\u00e3o eu tento ampliar o meu regime de carga hor\u00e1ria. Esse pedido sempre foi negado, mas n\u00f3s n\u00e3o paramos de lutar, pois sabemos que \u00e9 um direito nosso. Agora, em 2025, n\u00f3s conseguimos uma reuni\u00e3o com o novo governo, e eu expresso a minha gratid\u00e3o, porque fomos bem recebidos, fomos acolhidos e eu, particularmente, me senti importante, me senti fazendo parte da rede\u201d.<\/p>\n<p>O professor Adriano Germanota tamb\u00e9m fez quest\u00e3o de agradecer \u00e0 gest\u00e3o municipal de Juazeiro pela conquista. \u201cEu quero agradecer ao prefeito Andrei, \u00e0 secret\u00e1ria Ma\u00e9ve e a todos os novos concursados, que correram atr\u00e1s desse direito com muito empenho para o nosso sucesso. Coisa que na gest\u00e3o passada n\u00f3s n\u00e3o conseguimos, o prefeito Andrei e sua equipe fizeram a diferen\u00e7a\u201d.<\/p>\n<p>Representante da comiss\u00e3o dos novos concursados, a professora Emile Suene Dias Brand\u00e3o ressaltou a sua satisfa\u00e7\u00e3o com a conquista. \u201cH\u00e1 quase tr\u00eas anos, estamos solicitando a amplia\u00e7\u00e3o de carga hor\u00e1ria, que \u00e9 direito nosso, e sempre tivemos negativas. Mas desde janeiro tudo mudou, fomos acolhidos e nos sentimos parte da rede. Estamos muito felizes com essa conquista\u201d.<\/p>\n<p>Ascom Seduc\/PMJ<\/p>\n<p>&nbsp;<\/p>\n","protected":false},"excerpt":{"rendered":"<p>Em reuni\u00e3o com os professores da rede municipal de ensino de Juazeiro, novos concursados, nesta sexta-feira (21), a secret\u00e1ria de Educa\u00e7\u00e3o, Ma\u00e9ve Melo, anunciou o resultado do parecer jur\u00eddico que garante a amplia\u00e7\u00e3o da carga hor\u00e1ria dos educadores, de 20h para 40 horas. A conquista \u00e9 resultado de uma luta antiga da categoria. \u201cAssim que [&hellip;]<\/p>\n","protected":false},"author":1,"featured_media":72957,"comment_status":"open","ping_status":"open","sticky":false,"template":"","format":"standard","meta":{"_uag_custom_page_level_css":"","_monsterinsights_skip_tracking":false,"_monsterinsights_sitenote_active":false,"_monsterinsights_sitenote_note":"","_monsterinsights_sitenote_category":0,"jetpack_post_was_ever_published":false,"_jetpack_newsletter_access":"","_jetpack_dont_email_post_to_subs":false,"_jetpack_newsletter_tier_id":0,"_jetpack_memberships_contains_paywalled_content":false,"_jetpack_memberships_contains_paid_content":false,"footnotes":"","jetpack_publicize_message":"","jetpack_publicize_feature_enabled":true,"jetpack_social_post_already_shared":true,"jetpack_social_options":{"image_generator_settings":{"template":"highway","default_image_id":0,"font":"","enabled":false},"version":2}},"categories":[209,203],"tags":[],"class_list":["post-72954","post","type-post","status-publish","format-standard","has-post-thumbnail","hentry","category-educacao","category-juazeiro"],"jetpack_publicize_connections":[],"jetpack_featured_media_url":"https:\/\/blogopara.com.br\/wp-content\/uploads\/2025\/02\/Reuniao-novos-concursados.jpeg","uagb_featured_image_src":{"full":["https:\/\/blogopara.com.br\/wp-content\/uploads\/2025\/02\/Reuniao-novos-concursados.jpeg",500,282,false],"thumbnail":["https:\/\/blogopara.com.br\/wp-content\/uploads\/2025\/02\/Reuniao-novos-concursados-150x150.jpeg",150,150,true],"medium":["https:\/\/blogopara.com.br\/wp-content\/uploads\/2025\/02\/Reuniao-novos-concursados-300x169.jpeg",300,169,true],"medium_large":["https:\/\/blogopara.com.br\/wp-content\/uploads\/2025\/02\/Reuniao-novos-concursados.jpeg",500,282,false],"large":["https:\/\/blogopara.com.br\/wp-content\/uploads\/2025\/02\/Reuniao-novos-concursados.jpeg",500,282,false],"1536x1536":["https:\/\/blogopara.com.br\/wp-content\/uploads\/2025\/02\/Reuniao-novos-concursados.jpeg",500,282,false],"2048x2048":["https:\/\/blogopara.com.br\/wp-content\/uploads\/2025\/02\/Reuniao-novos-concursados.jpeg",500,282,false],"mantranews-slider-large":["https:\/\/blogopara.com.br\/wp-content\/uploads\/2025\/02\/Reuniao-novos-concursados.jpeg",500,282,false],"mantranews-featured-medium":["https:\/\/blogopara.com.br\/wp-content\/uploads\/2025\/02\/Reuniao-novos-concursados-420x282.jpeg",420,282,true],"mantranews-featured-long":["https:\/\/blogopara.com.br\/wp-content\/uploads\/2025\/02\/Reuniao-novos-concursados-300x282.jpeg",300,282,true],"mantranews-block-medium":["https:\/\/blogopara.com.br\/wp-content\/uploads\/2025\/02\/Reuniao-novos-concursados-464x282.jpeg",464,282,true],"mantranews-carousel-image":["https:\/\/blogopara.com.br\/wp-content\/uploads\/2025\/02\/Reuniao-novos-concursados.jpeg",500,282,false],"mantranews-block-thumb":["https:\/\/blogopara.com.br\/wp-content\/uploads\/2025\/02\/Reuniao-novos-concursados-322x230.jpeg",322,230,true],"mantranews-single-large":["https:\/\/blogopara.com.br\/wp-content\/uploads\/2025\/02\/Reuniao-novos-concursados.jpeg",500,282,false]},"uagb_author_info":{"display_name":"Reda\u00e7\u00e3o geral","author_link":"https:\/\/blogopara.com.br\/index.php\/author\/blogopara"},"uagb_comment_info":0,"uagb_excerpt":"Em reuni\u00e3o com os professores da rede municipal de ensino de Juazeiro, novos concursados, nesta sexta-feira (21), a secret\u00e1ria de Educa\u00e7\u00e3o, Ma\u00e9ve Melo, anunciou o resultado do parecer jur\u00eddico que garante a amplia\u00e7\u00e3o da carga hor\u00e1ria dos educadores, de 20h para 40 horas. A conquista \u00e9 resultado de uma luta antiga da categoria. \u201cAssim que&hellip;","jetpack_sharing_enabled":true,"jetpack_likes_enabled":true,"_links":{"self":[{"href":"https:\/\/blogopara.com.br\/index.php\/wp-json\/wp\/v2\/posts\/72954","targetHints":{"allow":["GET"]}}],"collection":[{"href":"https:\/\/blogopara.com.br\/index.php\/wp-json\/wp\/v2\/posts"}],"about":[{"href":"https:\/\/blogopara.com.br\/index.php\/wp-json\/wp\/v2\/types\/post"}],"author":[{"embeddable":true,"href":"https:\/\/blogopara.com.br\/index.php\/wp-json\/wp\/v2\/users\/1"}],"replies":[{"embeddable":true,"href":"https:\/\/blogopara.com.br\/index.php\/wp-json\/wp\/v2\/comments?post=72954"}],"version-history":[{"count":1,"href":"https:\/\/blogopara.com.br\/index.php\/wp-json\/wp\/v2\/posts\/72954\/revisions"}],"predecessor-version":[{"id":72958,"href":"https:\/\/blogopara.com.br\/index.php\/wp-json\/wp\/v2\/posts\/72954\/revisions\/72958"}],"wp:featuredmedia":[{"embeddable":true,"href":"https:\/\/blogopara.com.br\/index.php\/wp-json\/wp\/v2\/media\/72957"}],"wp:attachment":[{"href":"https:\/\/blogopara.com.br\/index.php\/wp-json\/wp\/v2\/media?parent=72954"}],"wp:term":[{"taxonomy":"category","embeddable":true,"href":"https:\/\/blogopara.com.br\/index.php\/wp-json\/wp\/v2\/categories?post=72954"},{"taxonomy":"post_tag","embeddable":true,"href":"https:\/\/blogopara.com.br\/index.php\/wp-json\/wp\/v2\/tags?post=72954"}],"curies":[{"name":"wp","href":"https:\/\/api.w.org\/{rel}","templated":true}]}}