{"id":72993,"date":"2025-02-24T11:43:09","date_gmt":"2025-02-24T14:43:09","guid":{"rendered":"https:\/\/blogopara.com.br\/?p=72993"},"modified":"2025-02-24T11:43:09","modified_gmt":"2025-02-24T14:43:09","slug":"alimentacao-saudavel-refeicao-oferecida-nas-unidades-de-ensino-estimula-os-alunos-a-cultivarem-bons-habitos-alimentares","status":"publish","type":"post","link":"https:\/\/blogopara.com.br\/index.php\/2025\/02\/24\/alimentacao-saudavel-refeicao-oferecida-nas-unidades-de-ensino-estimula-os-alunos-a-cultivarem-bons-habitos-alimentares","title":{"rendered":"Alimenta\u00e7\u00e3o saud\u00e1vel: refei\u00e7\u00e3o oferecida nas unidades de ensino estimula os alunos a cultivarem bons h\u00e1bitos alimentares"},"content":{"rendered":"<p>O colorido chama a aten\u00e7\u00e3o. Na fila, as cabe\u00e7as se esticam com curiosidade, ansiosas para descobrir o card\u00e1pio do dia. Ao encontrar o pratinho recheado, os olhos brilham e as bocas se abrem em um sorriso largo. Aos poucos cada estudante toma o seu lugar no refeit\u00f3rio. Assim, \u00e9 a hora da refei\u00e7\u00e3o nas escolas da rede municipal de Juazeiro, com crian\u00e7as satisfeitas, alimentos saborosos e nutritivos.<\/p>\n<p>A Lei de Diretrizes e Bases da Educa\u00e7\u00e3o Nacional (LDB) e o Programa Nacional de Alimenta\u00e7\u00e3o Escolar (PNAE) garantem que todos os alunos da educa\u00e7\u00e3o b\u00e1sica tenham acesso a uma alimenta\u00e7\u00e3o adequada e de qualidade. Em Juazeiro, a Secretaria de Educa\u00e7\u00e3o (Seduc) trabalha com um card\u00e1pio de alimentos saud\u00e1veis e variados, respeitando as necessidades dos estudantes, como preconiza o Fundo Nacional de Desenvolvimento da Educa\u00e7\u00e3o (FNDE).<\/p>\n<p>Os card\u00e1pios s\u00e3o elaborados pela equipe de nutricionistas da Seduc, respeitando a faixa et\u00e1ria dos estudantes e a modalidade de ensino: escolas de tempo integral e parcial, creches, pr\u00e9-escola, ensino fundamental, Educa\u00e7\u00e3o de Jovens e Adultos (EJA) e Educa\u00e7\u00e3o Quilombola. Al\u00e9m disso, tamb\u00e9m levam em considera\u00e7\u00e3o as restri\u00e7\u00f5es alimentares, como a intoler\u00e2ncia ao gl\u00faten ou lactose e a diabetes.<\/p>\n<p>A nutricionista Ana Paula Santos Barros explica que a alimenta\u00e7\u00e3o escolar contribui\u00a0 tamb\u00e9m para o aprendizado dos estudantes. \u201cOferecemos uma variedade de alimentos ao longo da semana para garantir uma dieta equilibrada, com alimentos de qualidade e em quantidade suficiente, tendo como base pr\u00e1ticas alimentares promotoras de sa\u00fade e respeitando a diversidade cultural. \u00c9 percept\u00edvel que o estudante que consome alimentos nutritivos tem mais chances de melhorar o foco, o bem-estar e o humor. Uma alimenta\u00e7\u00e3o balanceada contribui para um bom aprendizado\u201d, pontua Ana Paula, que comp\u00f5e a equipe de nutricionistas da Seduc.<\/p>\n<p><strong>Merenda aprovada<\/strong><\/p>\n<p>Seja o almo\u00e7o colorido, o cuscuz com ovo tradicional na regi\u00e3o ou o famoso cachorro-quente com carne mo\u00edda, os estudantes aprovam o card\u00e1pio da alimenta\u00e7\u00e3o escolar em Juazeiro. \u201cEu gosto muito da comida da escola. Quando eu estou em casa tem coisa que eu n\u00e3o como, mas na escola eu como tudo. O que eu mais gosto \u00e9 o strogonoff\u201d, revela Ester Vit\u00f3ria Santos Silva, 9 anos, aluna do 5\u00ba ano na Escola Municipal Leopoldina Leal Professora Leopoldina Leal.<\/p>\n<p>J\u00e1 a pequena Maria Julia Alves dos Santos, 7 anos, aluna do 2\u00ba ano, na Escola Municipal Professor Jos\u00e9 Pereira da Silva, conta que enquanto aguarda a merenda, a sua expectativa \u00e9 adivinhar o que ser\u00e1 servido. \u201cQuando chega a hora do lanche eu fico na fila s\u00f3 imaginando o que vai ser e torcendo para ser cuscuz ou cachorro quente, que s\u00e3o os meus favoritos\u201d.<\/p>\n<p>&nbsp;<\/p>\n<p>Ascom Seduc\/PMJ<\/p>\n","protected":false},"excerpt":{"rendered":"<p>O colorido chama a aten\u00e7\u00e3o. Na fila, as cabe\u00e7as se esticam com curiosidade, ansiosas para descobrir o card\u00e1pio do dia. Ao encontrar o pratinho recheado, os olhos brilham e as bocas se abrem em um sorriso largo. Aos poucos cada estudante toma o seu lugar no refeit\u00f3rio. Assim, \u00e9 a hora da refei\u00e7\u00e3o nas escolas [&hellip;]<\/p>\n","protected":false},"author":1,"featured_media":72994,"comment_status":"open","ping_status":"open","sticky":false,"template":"","format":"standard","meta":{"_uag_custom_page_level_css":"","_monsterinsights_skip_tracking":false,"_monsterinsights_sitenote_active":false,"_monsterinsights_sitenote_note":"","_monsterinsights_sitenote_category":0,"jetpack_post_was_ever_published":false,"_jetpack_newsletter_access":"","_jetpack_dont_email_post_to_subs":false,"_jetpack_newsletter_tier_id":0,"_jetpack_memberships_contains_paywalled_content":false,"_jetpack_memberships_contains_paid_content":false,"footnotes":"","jetpack_publicize_message":"","jetpack_publicize_feature_enabled":true,"jetpack_social_post_already_shared":true,"jetpack_social_options":{"image_generator_settings":{"template":"highway","default_image_id":0,"font":"","enabled":false},"version":2}},"categories":[203,197],"tags":[],"class_list":["post-72993","post","type-post","status-publish","format-standard","has-post-thumbnail","hentry","category-juazeiro","category-politica"],"jetpack_publicize_connections":[],"jetpack_featured_media_url":"https:\/\/blogopara.com.br\/wp-content\/uploads\/2025\/02\/Alimentacao-Escolar.jpeg","uagb_featured_image_src":{"full":["https:\/\/blogopara.com.br\/wp-content\/uploads\/2025\/02\/Alimentacao-Escolar.jpeg",500,373,false],"thumbnail":["https:\/\/blogopara.com.br\/wp-content\/uploads\/2025\/02\/Alimentacao-Escolar-150x150.jpeg",150,150,true],"medium":["https:\/\/blogopara.com.br\/wp-content\/uploads\/2025\/02\/Alimentacao-Escolar-300x224.jpeg",300,224,true],"medium_large":["https:\/\/blogopara.com.br\/wp-content\/uploads\/2025\/02\/Alimentacao-Escolar.jpeg",500,373,false],"large":["https:\/\/blogopara.com.br\/wp-content\/uploads\/2025\/02\/Alimentacao-Escolar.jpeg",500,373,false],"1536x1536":["https:\/\/blogopara.com.br\/wp-content\/uploads\/2025\/02\/Alimentacao-Escolar.jpeg",500,373,false],"2048x2048":["https:\/\/blogopara.com.br\/wp-content\/uploads\/2025\/02\/Alimentacao-Escolar.jpeg",500,373,false],"mantranews-slider-large":["https:\/\/blogopara.com.br\/wp-content\/uploads\/2025\/02\/Alimentacao-Escolar.jpeg",500,373,false],"mantranews-featured-medium":["https:\/\/blogopara.com.br\/wp-content\/uploads\/2025\/02\/Alimentacao-Escolar-420x307.jpeg",420,307,true],"mantranews-featured-long":["https:\/\/blogopara.com.br\/wp-content\/uploads\/2025\/02\/Alimentacao-Escolar-300x373.jpeg",300,373,true],"mantranews-block-medium":["https:\/\/blogopara.com.br\/wp-content\/uploads\/2025\/02\/Alimentacao-Escolar-464x290.jpeg",464,290,true],"mantranews-carousel-image":["https:\/\/blogopara.com.br\/wp-content\/uploads\/2025\/02\/Alimentacao-Escolar.jpeg",500,373,false],"mantranews-block-thumb":["https:\/\/blogopara.com.br\/wp-content\/uploads\/2025\/02\/Alimentacao-Escolar-322x230.jpeg",322,230,true],"mantranews-single-large":["https:\/\/blogopara.com.br\/wp-content\/uploads\/2025\/02\/Alimentacao-Escolar.jpeg",500,373,false]},"uagb_author_info":{"display_name":"Reda\u00e7\u00e3o geral","author_link":"https:\/\/blogopara.com.br\/index.php\/author\/blogopara"},"uagb_comment_info":0,"uagb_excerpt":"O colorido chama a aten\u00e7\u00e3o. Na fila, as cabe\u00e7as se esticam com curiosidade, ansiosas para descobrir o card\u00e1pio do dia. Ao encontrar o pratinho recheado, os olhos brilham e as bocas se abrem em um sorriso largo. Aos poucos cada estudante toma o seu lugar no refeit\u00f3rio. Assim, \u00e9 a hora da refei\u00e7\u00e3o nas escolas&hellip;","jetpack_sharing_enabled":true,"jetpack_likes_enabled":true,"_links":{"self":[{"href":"https:\/\/blogopara.com.br\/index.php\/wp-json\/wp\/v2\/posts\/72993","targetHints":{"allow":["GET"]}}],"collection":[{"href":"https:\/\/blogopara.com.br\/index.php\/wp-json\/wp\/v2\/posts"}],"about":[{"href":"https:\/\/blogopara.com.br\/index.php\/wp-json\/wp\/v2\/types\/post"}],"author":[{"embeddable":true,"href":"https:\/\/blogopara.com.br\/index.php\/wp-json\/wp\/v2\/users\/1"}],"replies":[{"embeddable":true,"href":"https:\/\/blogopara.com.br\/index.php\/wp-json\/wp\/v2\/comments?post=72993"}],"version-history":[{"count":1,"href":"https:\/\/blogopara.com.br\/index.php\/wp-json\/wp\/v2\/posts\/72993\/revisions"}],"predecessor-version":[{"id":72995,"href":"https:\/\/blogopara.com.br\/index.php\/wp-json\/wp\/v2\/posts\/72993\/revisions\/72995"}],"wp:featuredmedia":[{"embeddable":true,"href":"https:\/\/blogopara.com.br\/index.php\/wp-json\/wp\/v2\/media\/72994"}],"wp:attachment":[{"href":"https:\/\/blogopara.com.br\/index.php\/wp-json\/wp\/v2\/media?parent=72993"}],"wp:term":[{"taxonomy":"category","embeddable":true,"href":"https:\/\/blogopara.com.br\/index.php\/wp-json\/wp\/v2\/categories?post=72993"},{"taxonomy":"post_tag","embeddable":true,"href":"https:\/\/blogopara.com.br\/index.php\/wp-json\/wp\/v2\/tags?post=72993"}],"curies":[{"name":"wp","href":"https:\/\/api.w.org\/{rel}","templated":true}]}}