{"id":73005,"date":"2025-02-24T11:59:46","date_gmt":"2025-02-24T14:59:46","guid":{"rendered":"https:\/\/blogopara.com.br\/?p=73005"},"modified":"2025-02-24T11:59:46","modified_gmt":"2025-02-24T14:59:46","slug":"lula-e-rui-costa-selam-acordo-para-as-eleicoes-de-2026","status":"publish","type":"post","link":"https:\/\/blogopara.com.br\/index.php\/2025\/02\/24\/lula-e-rui-costa-selam-acordo-para-as-eleicoes-de-2026","title":{"rendered":"Lula e Rui Costa selam acordo para as elei\u00e7\u00f5es de 2026"},"content":{"rendered":"<p>O presidente Lula e o chefe da Casa Civil, Rui Costa, acertaram um acordo sobre as elei\u00e7\u00f5es de 2026. O ministro colocou seu nome \u00e0 disposi\u00e7\u00e3o para concorrer ao Senado pela Bahia, e Lula deu sinal verde, mas determinou que a decis\u00e3o final s\u00f3 ser\u00e1 tomada no in\u00edcio de 2026.<\/p>\n<p>Em entrevista \u00e0 coluna de Igor Gadelha, do \u201cMetr\u00f3poles\u201d, Rui afirmou que Lula autorizou a movimenta\u00e7\u00e3o, mas orientou que o debate sobre a candidatura ocorra apenas no pr\u00f3ximo ano.<\/p>\n<p>\u201cA princ\u00edpio, eu coloquei meu nome dispon\u00edvel ao PT da Bahia para concorrer a uma vaga ao Senado. E eu conversei com o presidente, ele disse: \u2018Pode colocar o nome para discuss\u00e3o, mas n\u00f3s vamos conversar no in\u00edcio do ano que vem sobre isso\u2019. E eu assim fiz, coloquei meu nome em discuss\u00e3o e, ano que vem, antes de abril, irei conversar com o presidente sobre o momento, naquele momento qual \u00e9 a posi\u00e7\u00e3o que n\u00f3s vamos tomar\u201d, declarou o ministro.<\/p>\n<p>Rui Costa, que integra o n\u00facleo central do governo, tamb\u00e9m foi questionado sobre as elei\u00e7\u00f5es presidenciais de 2030. Ele reafirmou que Lula continua sendo o principal nome do PT para 2026 e destacou o trabalho do presidente na reconstru\u00e7\u00e3o do pa\u00eds.<\/p>\n","protected":false},"excerpt":{"rendered":"<p>O presidente Lula e o chefe da Casa Civil, Rui Costa, acertaram um acordo sobre as elei\u00e7\u00f5es de 2026. O ministro colocou seu nome \u00e0 disposi\u00e7\u00e3o para concorrer ao Senado pela Bahia, e Lula deu sinal verde, mas determinou que a decis\u00e3o final s\u00f3 ser\u00e1 tomada no in\u00edcio de 2026. Em entrevista \u00e0 coluna de [&hellip;]<\/p>\n","protected":false},"author":1,"featured_media":52489,"comment_status":"open","ping_status":"open","sticky":false,"template":"","format":"standard","meta":{"_uag_custom_page_level_css":"","_monsterinsights_skip_tracking":false,"_monsterinsights_sitenote_active":false,"_monsterinsights_sitenote_note":"","_monsterinsights_sitenote_category":0,"jetpack_post_was_ever_published":false,"_jetpack_newsletter_access":"","_jetpack_dont_email_post_to_subs":false,"_jetpack_newsletter_tier_id":0,"_jetpack_memberships_contains_paywalled_content":false,"_jetpack_memberships_contains_paid_content":false,"footnotes":"","jetpack_publicize_message":"","jetpack_publicize_feature_enabled":true,"jetpack_social_post_already_shared":true,"jetpack_social_options":{"image_generator_settings":{"template":"highway","default_image_id":0,"font":"","enabled":false},"version":2}},"categories":[199,197],"tags":[],"class_list":["post-73005","post","type-post","status-publish","format-standard","has-post-thumbnail","hentry","category-bahia","category-politica"],"jetpack_publicize_connections":[],"jetpack_featured_media_url":"https:\/\/blogopara.com.br\/wp-content\/uploads\/2023\/05\/Lula_Rui_Costa_Divulgacao.jpg","uagb_featured_image_src":{"full":["https:\/\/blogopara.com.br\/wp-content\/uploads\/2023\/05\/Lula_Rui_Costa_Divulgacao.jpg",500,333,false],"thumbnail":["https:\/\/blogopara.com.br\/wp-content\/uploads\/2023\/05\/Lula_Rui_Costa_Divulgacao-150x150.jpg",150,150,true],"medium":["https:\/\/blogopara.com.br\/wp-content\/uploads\/2023\/05\/Lula_Rui_Costa_Divulgacao-300x200.jpg",300,200,true],"medium_large":["https:\/\/blogopara.com.br\/wp-content\/uploads\/2023\/05\/Lula_Rui_Costa_Divulgacao.jpg",500,333,false],"large":["https:\/\/blogopara.com.br\/wp-content\/uploads\/2023\/05\/Lula_Rui_Costa_Divulgacao.jpg",500,333,false],"1536x1536":["https:\/\/blogopara.com.br\/wp-content\/uploads\/2023\/05\/Lula_Rui_Costa_Divulgacao.jpg",500,333,false],"2048x2048":["https:\/\/blogopara.com.br\/wp-content\/uploads\/2023\/05\/Lula_Rui_Costa_Divulgacao.jpg",500,333,false],"mantranews-slider-large":["https:\/\/blogopara.com.br\/wp-content\/uploads\/2023\/05\/Lula_Rui_Costa_Divulgacao.jpg",500,333,false],"mantranews-featured-medium":["https:\/\/blogopara.com.br\/wp-content\/uploads\/2023\/05\/Lula_Rui_Costa_Divulgacao-420x307.jpg",420,307,true],"mantranews-featured-long":["https:\/\/blogopara.com.br\/wp-content\/uploads\/2023\/05\/Lula_Rui_Costa_Divulgacao-300x333.jpg",300,333,true],"mantranews-block-medium":["https:\/\/blogopara.com.br\/wp-content\/uploads\/2023\/05\/Lula_Rui_Costa_Divulgacao-464x290.jpg",464,290,true],"mantranews-carousel-image":["https:\/\/blogopara.com.br\/wp-content\/uploads\/2023\/05\/Lula_Rui_Costa_Divulgacao.jpg",500,333,false],"mantranews-block-thumb":["https:\/\/blogopara.com.br\/wp-content\/uploads\/2023\/05\/Lula_Rui_Costa_Divulgacao-322x230.jpg",322,230,true],"mantranews-single-large":["https:\/\/blogopara.com.br\/wp-content\/uploads\/2023\/05\/Lula_Rui_Costa_Divulgacao.jpg",500,333,false]},"uagb_author_info":{"display_name":"Reda\u00e7\u00e3o geral","author_link":"https:\/\/blogopara.com.br\/index.php\/author\/blogopara"},"uagb_comment_info":0,"uagb_excerpt":"O presidente Lula e o chefe da Casa Civil, Rui Costa, acertaram um acordo sobre as elei\u00e7\u00f5es de 2026. O ministro colocou seu nome \u00e0 disposi\u00e7\u00e3o para concorrer ao Senado pela Bahia, e Lula deu sinal verde, mas determinou que a decis\u00e3o final s\u00f3 ser\u00e1 tomada no in\u00edcio de 2026. Em entrevista \u00e0 coluna de&hellip;","jetpack_sharing_enabled":true,"jetpack_likes_enabled":true,"_links":{"self":[{"href":"https:\/\/blogopara.com.br\/index.php\/wp-json\/wp\/v2\/posts\/73005","targetHints":{"allow":["GET"]}}],"collection":[{"href":"https:\/\/blogopara.com.br\/index.php\/wp-json\/wp\/v2\/posts"}],"about":[{"href":"https:\/\/blogopara.com.br\/index.php\/wp-json\/wp\/v2\/types\/post"}],"author":[{"embeddable":true,"href":"https:\/\/blogopara.com.br\/index.php\/wp-json\/wp\/v2\/users\/1"}],"replies":[{"embeddable":true,"href":"https:\/\/blogopara.com.br\/index.php\/wp-json\/wp\/v2\/comments?post=73005"}],"version-history":[{"count":1,"href":"https:\/\/blogopara.com.br\/index.php\/wp-json\/wp\/v2\/posts\/73005\/revisions"}],"predecessor-version":[{"id":73006,"href":"https:\/\/blogopara.com.br\/index.php\/wp-json\/wp\/v2\/posts\/73005\/revisions\/73006"}],"wp:featuredmedia":[{"embeddable":true,"href":"https:\/\/blogopara.com.br\/index.php\/wp-json\/wp\/v2\/media\/52489"}],"wp:attachment":[{"href":"https:\/\/blogopara.com.br\/index.php\/wp-json\/wp\/v2\/media?parent=73005"}],"wp:term":[{"taxonomy":"category","embeddable":true,"href":"https:\/\/blogopara.com.br\/index.php\/wp-json\/wp\/v2\/categories?post=73005"},{"taxonomy":"post_tag","embeddable":true,"href":"https:\/\/blogopara.com.br\/index.php\/wp-json\/wp\/v2\/tags?post=73005"}],"curies":[{"name":"wp","href":"https:\/\/api.w.org\/{rel}","templated":true}]}}