{"id":7301,"date":"2020-02-17T19:31:21","date_gmt":"2020-02-17T22:31:21","guid":{"rendered":"http:\/\/blogopara.com.br\/?p=7301"},"modified":"2020-09-09T12:44:36","modified_gmt":"2020-09-09T15:44:36","slug":"nao-ha-bipolarizacao-na-eleicao-para-prefeito-em-juazeiro","status":"publish","type":"post","link":"https:\/\/blogopara.com.br\/index.php\/2020\/02\/17\/nao-ha-bipolarizacao-na-eleicao-para-prefeito-em-juazeiro","title":{"rendered":"N\u00e3o h\u00e1 bipolariza\u00e7\u00e3o na elei\u00e7\u00e3o para Prefeito em Juazeiro."},"content":{"rendered":"<p style=\"text-align: justify;\">Um jornalista, que \u00e9 colunista em um site de Pol\u00edtica, publicou que s\u00f3 h\u00e1 dois nomes na disputa em Juazeiro. Ele est\u00e1 absolutamente equivocado ao afirmar que h\u00e1 apenas dois candidatos com chances. Sua mat\u00e9ria chegou a ser desrespeitosa com os demais Pre-candidatos existentes.<\/p>\n<p style=\"text-align: justify;\">Ele sequer cita os nomes dos demais. N\u00e3o existe pesquisa oficial. O que h\u00e1 s\u00e3o meras especula\u00e7\u00f5es. E s\u00f3! Pergunto: E os demais Pre-candidatos, n\u00e3o existem? Foram ouvidos? H\u00e1 alguma pesquisa registrada que aponte que n\u00e3o foram citados ou nao pontuaram percentualmente? O que h\u00e1 s\u00e3o enquetes, sem valor cient\u00edfico e s\u00e3o manipul\u00e1veis.<\/p>\n<p style=\"text-align: justify;\">Ocorre que n\u00e3o se ganha elei\u00e7\u00e3o no grito e nem na for\u00e7a de uma coluna Pol\u00edtica, seja ela virtual ou impressa. Ignorar o quadro inteiro \u00e9 algo que \u00e9 bastante lament\u00e1vel!<\/p>\n<p style=\"text-align: justify;\">Penso que a maneira como parte da oposi\u00e7\u00e3o reage respaldando a tal equ\u00edvoco, somente contribuir\u00e1 para refor\u00e7ar a um crescente distanciamento das oposi\u00e7\u00f5es na tentativa de se criar di\u00e1logos. A estes digo que ter humildade e respeito aos demais \u00e9 algo bom, necess\u00e1rio e fundamental.<\/p>\n<p style=\"text-align: justify;\">Pastor Teobaldo Pedro<br \/>\nPr\u00e9-candidato a Prefeito de Juazeiro-BA em 2020.<\/p>\n","protected":false},"excerpt":{"rendered":"<p>Um jornalista, que \u00e9 colunista em um site de Pol\u00edtica, publicou que s\u00f3 h\u00e1 dois nomes na disputa em Juazeiro. Ele est\u00e1 absolutamente equivocado ao afirmar que h\u00e1 apenas dois candidatos com chances. Sua mat\u00e9ria chegou a ser desrespeitosa com os demais Pre-candidatos existentes. Ele sequer cita os nomes dos demais. N\u00e3o existe pesquisa oficial. [&hellip;]<\/p>\n","protected":false},"author":1,"featured_media":7318,"comment_status":"open","ping_status":"open","sticky":false,"template":"","format":"standard","meta":{"_uag_custom_page_level_css":"","_monsterinsights_skip_tracking":false,"_monsterinsights_sitenote_active":false,"_monsterinsights_sitenote_note":"","_monsterinsights_sitenote_category":0,"jetpack_post_was_ever_published":false,"_jetpack_newsletter_access":"","_jetpack_dont_email_post_to_subs":false,"_jetpack_newsletter_tier_id":0,"_jetpack_memberships_contains_paywalled_content":false,"_jetpack_memberships_contains_paid_content":false,"footnotes":"","jetpack_publicize_message":"","jetpack_publicize_feature_enabled":true,"jetpack_social_post_already_shared":true,"jetpack_social_options":{"image_generator_settings":{"template":"highway","default_image_id":0,"font":"","enabled":false},"version":2}},"categories":[203],"tags":[],"class_list":["post-7301","post","type-post","status-publish","format-standard","has-post-thumbnail","hentry","category-juazeiro"],"jetpack_publicize_connections":[],"jetpack_featured_media_url":"https:\/\/blogopara.com.br\/wp-content\/uploads\/2020\/02\/jbosco6-polariza\u00e7\u00e3o-768x506-2.jpg","uagb_featured_image_src":{"full":["https:\/\/blogopara.com.br\/wp-content\/uploads\/2020\/02\/jbosco6-polariza\u00e7\u00e3o-768x506-2.jpg",550,362,false],"thumbnail":["https:\/\/blogopara.com.br\/wp-content\/uploads\/2020\/02\/jbosco6-polariza\u00e7\u00e3o-768x506-2-150x150.jpg",150,150,true],"medium":["https:\/\/blogopara.com.br\/wp-content\/uploads\/2020\/02\/jbosco6-polariza\u00e7\u00e3o-768x506-2-300x197.jpg",300,197,true],"medium_large":["https:\/\/blogopara.com.br\/wp-content\/uploads\/2020\/02\/jbosco6-polariza\u00e7\u00e3o-768x506-2.jpg",550,362,false],"large":["https:\/\/blogopara.com.br\/wp-content\/uploads\/2020\/02\/jbosco6-polariza\u00e7\u00e3o-768x506-2.jpg",550,362,false],"1536x1536":["https:\/\/blogopara.com.br\/wp-content\/uploads\/2020\/02\/jbosco6-polariza\u00e7\u00e3o-768x506-2.jpg",550,362,false],"2048x2048":["https:\/\/blogopara.com.br\/wp-content\/uploads\/2020\/02\/jbosco6-polariza\u00e7\u00e3o-768x506-2.jpg",550,362,false],"mantranews-slider-large":["https:\/\/blogopara.com.br\/wp-content\/uploads\/2020\/02\/jbosco6-polariza\u00e7\u00e3o-768x506-2.jpg",550,362,false],"mantranews-featured-medium":["https:\/\/blogopara.com.br\/wp-content\/uploads\/2020\/02\/jbosco6-polariza\u00e7\u00e3o-768x506-2.jpg",420,276,false],"mantranews-featured-long":["https:\/\/blogopara.com.br\/wp-content\/uploads\/2020\/02\/jbosco6-polariza\u00e7\u00e3o-768x506-2.jpg",300,197,false],"mantranews-block-medium":["https:\/\/blogopara.com.br\/wp-content\/uploads\/2020\/02\/jbosco6-polariza\u00e7\u00e3o-768x506-2.jpg",441,290,false],"mantranews-carousel-image":["https:\/\/blogopara.com.br\/wp-content\/uploads\/2020\/02\/jbosco6-polariza\u00e7\u00e3o-768x506-2.jpg",550,362,false],"mantranews-block-thumb":["https:\/\/blogopara.com.br\/wp-content\/uploads\/2020\/02\/jbosco6-polariza\u00e7\u00e3o-768x506-2.jpg",322,212,false],"mantranews-single-large":["https:\/\/blogopara.com.br\/wp-content\/uploads\/2020\/02\/jbosco6-polariza\u00e7\u00e3o-768x506-2.jpg",550,362,false]},"uagb_author_info":{"display_name":"Reda\u00e7\u00e3o geral","author_link":"https:\/\/blogopara.com.br\/index.php\/author\/blogopara"},"uagb_comment_info":2,"uagb_excerpt":"Um jornalista, que \u00e9 colunista em um site de Pol\u00edtica, publicou que s\u00f3 h\u00e1 dois nomes na disputa em Juazeiro. Ele est\u00e1 absolutamente equivocado ao afirmar que h\u00e1 apenas dois candidatos com chances. Sua mat\u00e9ria chegou a ser desrespeitosa com os demais Pre-candidatos existentes. Ele sequer cita os nomes dos demais. N\u00e3o existe pesquisa oficial.&hellip;","jetpack_sharing_enabled":true,"jetpack_likes_enabled":true,"_links":{"self":[{"href":"https:\/\/blogopara.com.br\/index.php\/wp-json\/wp\/v2\/posts\/7301","targetHints":{"allow":["GET"]}}],"collection":[{"href":"https:\/\/blogopara.com.br\/index.php\/wp-json\/wp\/v2\/posts"}],"about":[{"href":"https:\/\/blogopara.com.br\/index.php\/wp-json\/wp\/v2\/types\/post"}],"author":[{"embeddable":true,"href":"https:\/\/blogopara.com.br\/index.php\/wp-json\/wp\/v2\/users\/1"}],"replies":[{"embeddable":true,"href":"https:\/\/blogopara.com.br\/index.php\/wp-json\/wp\/v2\/comments?post=7301"}],"version-history":[{"count":1,"href":"https:\/\/blogopara.com.br\/index.php\/wp-json\/wp\/v2\/posts\/7301\/revisions"}],"predecessor-version":[{"id":7303,"href":"https:\/\/blogopara.com.br\/index.php\/wp-json\/wp\/v2\/posts\/7301\/revisions\/7303"}],"wp:featuredmedia":[{"embeddable":true,"href":"https:\/\/blogopara.com.br\/index.php\/wp-json\/wp\/v2\/media\/7318"}],"wp:attachment":[{"href":"https:\/\/blogopara.com.br\/index.php\/wp-json\/wp\/v2\/media?parent=7301"}],"wp:term":[{"taxonomy":"category","embeddable":true,"href":"https:\/\/blogopara.com.br\/index.php\/wp-json\/wp\/v2\/categories?post=7301"},{"taxonomy":"post_tag","embeddable":true,"href":"https:\/\/blogopara.com.br\/index.php\/wp-json\/wp\/v2\/tags?post=7301"}],"curies":[{"name":"wp","href":"https:\/\/api.w.org\/{rel}","templated":true}]}}