{"id":73015,"date":"2025-02-24T17:46:35","date_gmt":"2025-02-24T20:46:35","guid":{"rendered":"https:\/\/blogopara.com.br\/?p=73015"},"modified":"2025-02-24T17:46:35","modified_gmt":"2025-02-24T20:46:35","slug":"prefeitura-de-senhor-do-bonfim-celebra-crescimento-expressivo-nas-matriculas-da-educacao-de-pessoas-jovens-adultas-e-idosas-epjai","status":"publish","type":"post","link":"https:\/\/blogopara.com.br\/index.php\/2025\/02\/24\/prefeitura-de-senhor-do-bonfim-celebra-crescimento-expressivo-nas-matriculas-da-educacao-de-pessoas-jovens-adultas-e-idosas-epjai","title":{"rendered":"Prefeitura de Senhor do Bonfim celebra crescimento expressivo nas matr\u00edculas da Educa\u00e7\u00e3o de Pessoas Jovens, Adultas e Idosas (EPJAI)"},"content":{"rendered":"<p>A Educa\u00e7\u00e3o de Pessoas Jovens, Adultas e Idosas (EPJAI) em Senhor do Bonfim registrou um avan\u00e7o significativo em 2025. O n\u00famero de matriculados na modalidade mais que dobrou em rela\u00e7\u00e3o ao ano anterior, saltando de 1.471, em 2024, para 3.108 estudantes este ano.<\/p>\n<p>Esse crescimento reflete o compromisso da gest\u00e3o municipal com a amplia\u00e7\u00e3o do acesso e perman\u00eancia \u00e0 educa\u00e7\u00e3o, garantindo que aqueles que n\u00e3o puderam concluir os estudos na idade regular tenham a oportunidade de retomar sua trajet\u00f3ria escolar. A EPJAI \u00e9 uma modalidade essencial para transformar vidas, oferecendo conhecimento, qualifica\u00e7\u00e3o e novas perspectivas para os bonfinenses.<\/p>\n<p>Aos 65 anos, Josefa Edite Miranda \u00e9 aluna da EPJAI e destacou a import\u00e2ncia dos estudos, ressaltando que para estudar, n\u00e3o existe impasse na idade. \u201cEu n\u00e3o tive a oportunidade de terminar os estudos, antes era tudo muito dif\u00edcil, mas hoje \u00e9 diferente e gra\u00e7as a gest\u00e3o municipal, eu tenho a oportunidade de estudar para terminar os meus estudos. Eu estava numa crise de ansiedade, e gra\u00e7as a escola isso \u00e9 coisa do passado, aqui fiz amigos, j\u00e1 aprendi muita coisa e me sinto em casa\u201d, disse a estudante.<\/p>\n<p>A gest\u00e3o municipal segue investindo no fortalecimento da modalidade , incentivando cada vez mais pessoas a retornarem \u00e0 sala de aula e constru\u00edrem um futuro com mais oportunidades. \u201cTivemos um salto significativo na procura de vagas da EPJAI, o que significa que estamos no caminho certo na oferta de uma educa\u00e7\u00e3o de qualidade que assegure acesso e perman\u00eancia aos bonfinenses. Na EPJAI n\u00f3s ofertamos o ensino gratuito considerando as caracter\u00edsticas dos alunos, seus interesses, condi\u00e7\u00f5es de vida e de trabalho, disse a secret\u00e1ria de educa\u00e7\u00e3o do munic\u00edpio, Eline Sobreira.<\/p>\n<p>&#8211;<\/p>\n<p>Texto: Ascom PMSB<\/p>\n","protected":false},"excerpt":{"rendered":"<p>A Educa\u00e7\u00e3o de Pessoas Jovens, Adultas e Idosas (EPJAI) em Senhor do Bonfim registrou um avan\u00e7o significativo em 2025. O n\u00famero de matriculados na modalidade mais que dobrou em rela\u00e7\u00e3o ao ano anterior, saltando de 1.471, em 2024, para 3.108 estudantes este ano. Esse crescimento reflete o compromisso da gest\u00e3o municipal com a amplia\u00e7\u00e3o do [&hellip;]<\/p>\n","protected":false},"author":1,"featured_media":73016,"comment_status":"open","ping_status":"open","sticky":false,"template":"","format":"standard","meta":{"_uag_custom_page_level_css":"","_monsterinsights_skip_tracking":false,"_monsterinsights_sitenote_active":false,"_monsterinsights_sitenote_note":"","_monsterinsights_sitenote_category":0,"jetpack_post_was_ever_published":false,"_jetpack_newsletter_access":"","_jetpack_dont_email_post_to_subs":false,"_jetpack_newsletter_tier_id":0,"_jetpack_memberships_contains_paywalled_content":false,"_jetpack_memberships_contains_paid_content":false,"footnotes":"","jetpack_publicize_message":"","jetpack_publicize_feature_enabled":true,"jetpack_social_post_already_shared":true,"jetpack_social_options":{"image_generator_settings":{"template":"highway","default_image_id":0,"font":"","enabled":false},"version":2}},"categories":[209],"tags":[],"class_list":["post-73015","post","type-post","status-publish","format-standard","has-post-thumbnail","hentry","category-educacao"],"jetpack_publicize_connections":[],"jetpack_featured_media_url":"https:\/\/blogopara.com.br\/wp-content\/uploads\/2025\/02\/thumbnail_54187033843_8cc5addc7b_k.jpg","uagb_featured_image_src":{"full":["https:\/\/blogopara.com.br\/wp-content\/uploads\/2025\/02\/thumbnail_54187033843_8cc5addc7b_k.jpg",500,333,false],"thumbnail":["https:\/\/blogopara.com.br\/wp-content\/uploads\/2025\/02\/thumbnail_54187033843_8cc5addc7b_k-150x150.jpg",150,150,true],"medium":["https:\/\/blogopara.com.br\/wp-content\/uploads\/2025\/02\/thumbnail_54187033843_8cc5addc7b_k-300x200.jpg",300,200,true],"medium_large":["https:\/\/blogopara.com.br\/wp-content\/uploads\/2025\/02\/thumbnail_54187033843_8cc5addc7b_k.jpg",500,333,false],"large":["https:\/\/blogopara.com.br\/wp-content\/uploads\/2025\/02\/thumbnail_54187033843_8cc5addc7b_k.jpg",500,333,false],"1536x1536":["https:\/\/blogopara.com.br\/wp-content\/uploads\/2025\/02\/thumbnail_54187033843_8cc5addc7b_k.jpg",500,333,false],"2048x2048":["https:\/\/blogopara.com.br\/wp-content\/uploads\/2025\/02\/thumbnail_54187033843_8cc5addc7b_k.jpg",500,333,false],"mantranews-slider-large":["https:\/\/blogopara.com.br\/wp-content\/uploads\/2025\/02\/thumbnail_54187033843_8cc5addc7b_k.jpg",500,333,false],"mantranews-featured-medium":["https:\/\/blogopara.com.br\/wp-content\/uploads\/2025\/02\/thumbnail_54187033843_8cc5addc7b_k-420x307.jpg",420,307,true],"mantranews-featured-long":["https:\/\/blogopara.com.br\/wp-content\/uploads\/2025\/02\/thumbnail_54187033843_8cc5addc7b_k-300x333.jpg",300,333,true],"mantranews-block-medium":["https:\/\/blogopara.com.br\/wp-content\/uploads\/2025\/02\/thumbnail_54187033843_8cc5addc7b_k-464x290.jpg",464,290,true],"mantranews-carousel-image":["https:\/\/blogopara.com.br\/wp-content\/uploads\/2025\/02\/thumbnail_54187033843_8cc5addc7b_k.jpg",500,333,false],"mantranews-block-thumb":["https:\/\/blogopara.com.br\/wp-content\/uploads\/2025\/02\/thumbnail_54187033843_8cc5addc7b_k-322x230.jpg",322,230,true],"mantranews-single-large":["https:\/\/blogopara.com.br\/wp-content\/uploads\/2025\/02\/thumbnail_54187033843_8cc5addc7b_k.jpg",500,333,false]},"uagb_author_info":{"display_name":"Reda\u00e7\u00e3o geral","author_link":"https:\/\/blogopara.com.br\/index.php\/author\/blogopara"},"uagb_comment_info":0,"uagb_excerpt":"A Educa\u00e7\u00e3o de Pessoas Jovens, Adultas e Idosas (EPJAI) em Senhor do Bonfim registrou um avan\u00e7o significativo em 2025. O n\u00famero de matriculados na modalidade mais que dobrou em rela\u00e7\u00e3o ao ano anterior, saltando de 1.471, em 2024, para 3.108 estudantes este ano. Esse crescimento reflete o compromisso da gest\u00e3o municipal com a amplia\u00e7\u00e3o do&hellip;","jetpack_sharing_enabled":true,"jetpack_likes_enabled":true,"_links":{"self":[{"href":"https:\/\/blogopara.com.br\/index.php\/wp-json\/wp\/v2\/posts\/73015","targetHints":{"allow":["GET"]}}],"collection":[{"href":"https:\/\/blogopara.com.br\/index.php\/wp-json\/wp\/v2\/posts"}],"about":[{"href":"https:\/\/blogopara.com.br\/index.php\/wp-json\/wp\/v2\/types\/post"}],"author":[{"embeddable":true,"href":"https:\/\/blogopara.com.br\/index.php\/wp-json\/wp\/v2\/users\/1"}],"replies":[{"embeddable":true,"href":"https:\/\/blogopara.com.br\/index.php\/wp-json\/wp\/v2\/comments?post=73015"}],"version-history":[{"count":1,"href":"https:\/\/blogopara.com.br\/index.php\/wp-json\/wp\/v2\/posts\/73015\/revisions"}],"predecessor-version":[{"id":73017,"href":"https:\/\/blogopara.com.br\/index.php\/wp-json\/wp\/v2\/posts\/73015\/revisions\/73017"}],"wp:featuredmedia":[{"embeddable":true,"href":"https:\/\/blogopara.com.br\/index.php\/wp-json\/wp\/v2\/media\/73016"}],"wp:attachment":[{"href":"https:\/\/blogopara.com.br\/index.php\/wp-json\/wp\/v2\/media?parent=73015"}],"wp:term":[{"taxonomy":"category","embeddable":true,"href":"https:\/\/blogopara.com.br\/index.php\/wp-json\/wp\/v2\/categories?post=73015"},{"taxonomy":"post_tag","embeddable":true,"href":"https:\/\/blogopara.com.br\/index.php\/wp-json\/wp\/v2\/tags?post=73015"}],"curies":[{"name":"wp","href":"https:\/\/api.w.org\/{rel}","templated":true}]}}