{"id":73022,"date":"2025-02-25T08:01:16","date_gmt":"2025-02-25T11:01:16","guid":{"rendered":"https:\/\/blogopara.com.br\/?p=73022"},"modified":"2025-02-25T08:01:16","modified_gmt":"2025-02-25T11:01:16","slug":"colegios-na-mira-faccoes-vigiam-ronda-escolar-e-instituem-tribunal-para-alunos-em-salvador","status":"publish","type":"post","link":"https:\/\/blogopara.com.br\/index.php\/2025\/02\/25\/colegios-na-mira-faccoes-vigiam-ronda-escolar-e-instituem-tribunal-para-alunos-em-salvador","title":{"rendered":"Col\u00e9gios na mira: fac\u00e7\u00f5es vigiam ronda escolar e instituem tribunal para alunos em Salvador"},"content":{"rendered":"<div class=\"flex flex-col p-2 px-0 w-full font-normal text-[18px] leading-[30px] text-tw-theme-text-default\">\n<p id=\"paragrafo-estqsmgqzs\">Quando a Ronda Escolar est\u00e1 nos p\u00e1tios, o telefone de um gestor de uma escola localizada em uma \u00e1rea do Comando Vermelho (CV) sempre toca. \u201cQual foi o caso a\u00ed, professor? O que est\u00e1 acontecendo?\u201d, questiona um traficante antes de ouvir do educador que a visita da unidade especializada \u00e9 uma pr\u00e1tica de rotina que n\u00e3o implica em uma a\u00e7\u00e3o contra a fac\u00e7\u00e3o. Apesar de n\u00e3o estar dentro do col\u00e9gio, lideran\u00e7as do crime organizado vigiam a chegada da Ronda Escolar e instituem at\u00e9 um tribunal para julgar alunos que se envolvam em confus\u00e3o dentro da institui\u00e7\u00e3o.<\/p>\n<\/div>\n<div class=\"flex flex-col p-2 px-0 w-full font-normal text-[18px] leading-[30px] text-tw-theme-text-default\">\n<p id=\"paragrafo-lfssoj150n\">\u201cA visita da Ronda na escola n\u00e3o \u00e9 muito agrad\u00e1vel por parte do pessoal das fac\u00e7\u00f5es porque eles n\u00e3o gostam de pol\u00edcia no bairro. No entanto, \u00e9 l\u00f3gico que a pol\u00edcia tem que vir. [&#8230;] Por n\u00e3o gostarem, at\u00e9 fazem um tribunal. Recentemente, duas alunas se envolveram em uma briga que uma das duas feriu a outra. Desceram as duas com as m\u00e3es para o tribunal do crime para explicar. L\u00e1, decidiram que a menina que bateu na outra ia pagar os medicamentos\u201d, explica o gestor, que n\u00e3o se identifica por medo de repres\u00e1lias, destacando que o CV faz de tudo para n\u00e3o chamar a aten\u00e7\u00e3o da PM.<\/p>\n<\/div>\n<div class=\"flex flex-col p-2 px-0 w-full font-normal text-[18px] leading-[30px] text-tw-theme-text-default\">\n<p id=\"paragrafo-fsj1gc29qd\">Por conta do relato, a reportagem procurou a Ronda Escolar em tr\u00eas momentos diferentes para ouvir uma fonte da Pol\u00edcia Militar que pudesse falar sobre a a\u00e7\u00e3o do CV contra a unidade. Em \u00e1reas do Bonde do Maluco (BDM), o olhar vigilante do tr\u00e1fico n\u00e3o \u00e9 diferente. Um policial que atua na regi\u00e3o do Sub\u00farbio Ferrovi\u00e1rio de Salvador conta que, quando o assunto \u00e9 a comunica\u00e7\u00e3o com gestores, tudo acontece pelas redes sociais para preservar a seguran\u00e7a dos educadores.<\/p>\n<\/div>\n<div class=\"flex flex-col p-2 px-0 w-full font-normal text-[18px] leading-[30px] text-tw-theme-text-default\">\n<p id=\"paragrafo-asmk08azy2\">\u201cTem muito professor que prefere n\u00e3o ser visto conversando com a pol\u00edcia na rua. Eu converso com um que s\u00f3 fala comigo pelo aplicativo de mensagens. N\u00e3o quer ser visto com a gente para n\u00e3o levantar suspeita e nem aumentar a press\u00e3o que j\u00e1 existe na escola dele, que est\u00e1 dentro de uma \u00e1rea onde s\u00f3 h\u00e1 o BDM\u201d, fala o PM, que ter\u00e1 nome e o cargo preservado. Uma diretora ouvida pela reportagem explica que, na regi\u00e3o do Sub\u00farbio onde h\u00e1 dom\u00ednio do BDM, existe uma postura de evitar ocorr\u00eancias que aproximem a pol\u00edcia do bairro, mas estudantes j\u00e1 envolvidos complicam a situa\u00e7\u00e3o.<\/p>\n<\/div>\n<div class=\"flex flex-col p-2 px-0 w-full font-normal text-[18px] leading-[30px] text-tw-theme-text-default\">\n<p id=\"paragrafo-vq1hiyv5re\">\u201cVeja, as fac\u00e7\u00f5es n\u00e3o querem nada que chame a aten\u00e7\u00e3o, seja nas ruas ou aqui dentro das escolas. No entanto, isso \u00e9 uma vis\u00e3o das lideran\u00e7as que t\u00eam o que a gente pode chamar estrat\u00e9gia. Agora, os jovens que acabam se envolvendo com o tr\u00e1fico e ainda est\u00e3o aqui, que o pessoal costuma chamar de \u2018empolgados\u2019, se envolvem em brigas porque querem exercer um poder sobre os outros alunos atrav\u00e9s de intimida\u00e7\u00e3o. Eles, pelo menos, n\u00e3o duram muito tempo aqui depois de entrarem para o crime. Se ficassem, ia ser ainda pior\u201d, aponta a diretora, que pede para n\u00e3o ser identificada.<\/p>\n<\/div>\n<div class=\"flex flex-col p-2 px-0 w-full font-normal text-[18px] leading-[30px] text-tw-theme-text-default\">\n<p id=\"paragrafo-2pxwv4mx65\">O primeiro gestor ouvido pela reportagem indica o mesmo problema. Segundo eles, os jovens que s\u00e3o cooptados pelo tr\u00e1fico, sempre largam a escola, j\u00e1 que n\u00e3o conseguem lidar com o paralelo de estar na escola e ser um integrante de fac\u00e7\u00e3o. Nestes casos, meninos e meninas de apenas 14 anos at\u00e9 v\u00e3o para a escola no come\u00e7o, mas n\u00e3o conseguem ficar para todas as aulas.<\/p>\n<\/div>\n<div class=\"flex flex-col p-2 px-0 w-full font-normal text-[18px] leading-[30px] text-tw-theme-text-default\">\n<p id=\"paragrafo-jpxuwbzvc9\">\u201cN\u00f3s perdemos agora em janeiro tr\u00eas alunos que estavam vindo esporadicamente na escola, se envolveram para ser um soldado, um olheiro, um avi\u00e3o ou outra coisa e acabaram morrendo. Eles ficam envaidecidos pelas coisas que o tr\u00e1fico oferta. Meninos de 14 anos que s\u00e3o muito pobres, dependem de aux\u00edlio para sobreviver s\u00e3o facilmente atra\u00eddos pelo dinheiro e o poder que o tr\u00e1fico supostamente coloca nas m\u00e3os deles\u201d, afirma o diretor.<\/p>\n<\/div>\n<div class=\"flex flex-col p-2 px-0 w-full font-normal text-[18px] leading-[30px] text-tw-theme-text-default\">\n<p id=\"paragrafo-ueep5qjdhz\">O policial da \u00e1rea onde o diretor atua confirma a situa\u00e7\u00e3o. \u201cS\u00e3o esses adolescentes que a gente encontra nas ruas, s\u00e3o eles entram em confronto com as nossas equipes. Eles, geralmente, viram olheiros e est\u00e3o na linha de frente pelas fac\u00e7\u00f5es. A verdade \u00e9 que as fac\u00e7\u00f5es se aproveitam da condi\u00e7\u00e3o de pobreza e a falta de perspectiva para vender uma realidade que, para esses adolescentes, n\u00e3o dura quase nada\u201d, destaca.<\/p>\n<\/div>\n<div class=\"flex flex-col p-2 px-0 w-full font-normal text-[18px] leading-[30px] text-tw-theme-text-default\">\n<p id=\"paragrafo-annsvrlgib\">A identidade dos professores, bem como o nome e a localiza\u00e7\u00e3o das institui\u00e7\u00f5es onde eles trabalham, foram preservados para evitar repres\u00e1lias do crime organizado contra educadores.<\/p>\n<\/div>\n","protected":false},"excerpt":{"rendered":"<p>Quando a Ronda Escolar est\u00e1 nos p\u00e1tios, o telefone de um gestor de uma escola localizada em uma \u00e1rea do Comando Vermelho (CV) sempre toca. \u201cQual foi o caso a\u00ed, professor? O que est\u00e1 acontecendo?\u201d, questiona um traficante antes de ouvir do educador que a visita da unidade especializada \u00e9 uma pr\u00e1tica de rotina que [&hellip;]<\/p>\n","protected":false},"author":1,"featured_media":73023,"comment_status":"open","ping_status":"open","sticky":false,"template":"","format":"standard","meta":{"_uag_custom_page_level_css":"","_monsterinsights_skip_tracking":false,"_monsterinsights_sitenote_active":false,"_monsterinsights_sitenote_note":"","_monsterinsights_sitenote_category":0,"jetpack_post_was_ever_published":false,"_jetpack_newsletter_access":"","_jetpack_dont_email_post_to_subs":false,"_jetpack_newsletter_tier_id":0,"_jetpack_memberships_contains_paywalled_content":false,"_jetpack_memberships_contains_paid_content":false,"footnotes":"","jetpack_publicize_message":"","jetpack_publicize_feature_enabled":true,"jetpack_social_post_already_shared":true,"jetpack_social_options":{"image_generator_settings":{"template":"highway","default_image_id":0,"font":"","enabled":false},"version":2}},"categories":[199,202],"tags":[],"class_list":["post-73022","post","type-post","status-publish","format-standard","has-post-thumbnail","hentry","category-bahia","category-policia"],"jetpack_publicize_connections":[],"jetpack_featured_media_url":"https:\/\/blogopara.com.br\/wp-content\/uploads\/2025\/02\/Capturar-7.jpg","uagb_featured_image_src":{"full":["https:\/\/blogopara.com.br\/wp-content\/uploads\/2025\/02\/Capturar-7.jpg",500,330,false],"thumbnail":["https:\/\/blogopara.com.br\/wp-content\/uploads\/2025\/02\/Capturar-7-150x150.jpg",150,150,true],"medium":["https:\/\/blogopara.com.br\/wp-content\/uploads\/2025\/02\/Capturar-7-300x198.jpg",300,198,true],"medium_large":["https:\/\/blogopara.com.br\/wp-content\/uploads\/2025\/02\/Capturar-7.jpg",500,330,false],"large":["https:\/\/blogopara.com.br\/wp-content\/uploads\/2025\/02\/Capturar-7.jpg",500,330,false],"1536x1536":["https:\/\/blogopara.com.br\/wp-content\/uploads\/2025\/02\/Capturar-7.jpg",500,330,false],"2048x2048":["https:\/\/blogopara.com.br\/wp-content\/uploads\/2025\/02\/Capturar-7.jpg",500,330,false],"mantranews-slider-large":["https:\/\/blogopara.com.br\/wp-content\/uploads\/2025\/02\/Capturar-7.jpg",500,330,false],"mantranews-featured-medium":["https:\/\/blogopara.com.br\/wp-content\/uploads\/2025\/02\/Capturar-7-420x307.jpg",420,307,true],"mantranews-featured-long":["https:\/\/blogopara.com.br\/wp-content\/uploads\/2025\/02\/Capturar-7-300x330.jpg",300,330,true],"mantranews-block-medium":["https:\/\/blogopara.com.br\/wp-content\/uploads\/2025\/02\/Capturar-7-464x290.jpg",464,290,true],"mantranews-carousel-image":["https:\/\/blogopara.com.br\/wp-content\/uploads\/2025\/02\/Capturar-7.jpg",500,330,false],"mantranews-block-thumb":["https:\/\/blogopara.com.br\/wp-content\/uploads\/2025\/02\/Capturar-7-322x230.jpg",322,230,true],"mantranews-single-large":["https:\/\/blogopara.com.br\/wp-content\/uploads\/2025\/02\/Capturar-7.jpg",500,330,false]},"uagb_author_info":{"display_name":"Reda\u00e7\u00e3o geral","author_link":"https:\/\/blogopara.com.br\/index.php\/author\/blogopara"},"uagb_comment_info":0,"uagb_excerpt":"Quando a Ronda Escolar est\u00e1 nos p\u00e1tios, o telefone de um gestor de uma escola localizada em uma \u00e1rea do Comando Vermelho (CV) sempre toca. \u201cQual foi o caso a\u00ed, professor? O que est\u00e1 acontecendo?\u201d, questiona um traficante antes de ouvir do educador que a visita da unidade especializada \u00e9 uma pr\u00e1tica de rotina que&hellip;","jetpack_sharing_enabled":true,"jetpack_likes_enabled":true,"_links":{"self":[{"href":"https:\/\/blogopara.com.br\/index.php\/wp-json\/wp\/v2\/posts\/73022","targetHints":{"allow":["GET"]}}],"collection":[{"href":"https:\/\/blogopara.com.br\/index.php\/wp-json\/wp\/v2\/posts"}],"about":[{"href":"https:\/\/blogopara.com.br\/index.php\/wp-json\/wp\/v2\/types\/post"}],"author":[{"embeddable":true,"href":"https:\/\/blogopara.com.br\/index.php\/wp-json\/wp\/v2\/users\/1"}],"replies":[{"embeddable":true,"href":"https:\/\/blogopara.com.br\/index.php\/wp-json\/wp\/v2\/comments?post=73022"}],"version-history":[{"count":1,"href":"https:\/\/blogopara.com.br\/index.php\/wp-json\/wp\/v2\/posts\/73022\/revisions"}],"predecessor-version":[{"id":73024,"href":"https:\/\/blogopara.com.br\/index.php\/wp-json\/wp\/v2\/posts\/73022\/revisions\/73024"}],"wp:featuredmedia":[{"embeddable":true,"href":"https:\/\/blogopara.com.br\/index.php\/wp-json\/wp\/v2\/media\/73023"}],"wp:attachment":[{"href":"https:\/\/blogopara.com.br\/index.php\/wp-json\/wp\/v2\/media?parent=73022"}],"wp:term":[{"taxonomy":"category","embeddable":true,"href":"https:\/\/blogopara.com.br\/index.php\/wp-json\/wp\/v2\/categories?post=73022"},{"taxonomy":"post_tag","embeddable":true,"href":"https:\/\/blogopara.com.br\/index.php\/wp-json\/wp\/v2\/tags?post=73022"}],"curies":[{"name":"wp","href":"https:\/\/api.w.org\/{rel}","templated":true}]}}