{"id":7304,"date":"2020-02-17T22:36:55","date_gmt":"2020-02-18T01:36:55","guid":{"rendered":"http:\/\/blogopara.com.br\/?p=7304"},"modified":"2020-02-18T07:50:24","modified_gmt":"2020-02-18T10:50:24","slug":"juazeiro-prefeito-abre-a-sessao-legislativa-falando-da-inauguracao-de-um-bar","status":"publish","type":"post","link":"https:\/\/blogopara.com.br\/index.php\/2020\/02\/17\/juazeiro-prefeito-abre-a-sessao-legislativa-falando-da-inauguracao-de-um-bar","title":{"rendered":"Juazeiro: Prefeito abre a Sess\u00e3o Legislativa falando da inaugura\u00e7\u00e3o de um bar"},"content":{"rendered":"<p style=\"text-align: justify;\">O prefeito Paulo Bomfim (sem partido)\u00a0 fez na tarde desta segunda-feira (17) a Abertura da Sess\u00e3o Legislativa da C\u00e2mara Municipal de Juazeiro. Sem muitas novidades para apresentar e com mesma disposi\u00e7\u00e3o de fazer ilusionismo com uma gest\u00e3o canhestra e com altos \u00edndices de rejei\u00e7\u00e3o. O prefeito falou para uma plateia na sua grande maioria de servidores p\u00fablicos com cargos comissionados ou contratados.<\/p>\n<p style=\"text-align: justify;\">Destacou um empr\u00e9stimo de R$ 50 milh\u00f5es junto ao DesenBahia para obras de infraestrutura, mas n\u00e3o disse onde seriam essa obras. E discorreu sobre obras do governo do estado sem participa\u00e7\u00e3o do munic\u00edpio.<\/p>\n<p style=\"text-align: justify;\">O prefeito esqueceu de falar da crise na sa\u00fade, do beb\u00ea rec\u00e9m-nascido que morreu no domingo (16), o lixo que toma conta da cidade; do caloteiro em hospitais, fornecedores diversos e servidores; da lama nos bairros Barranqueiro, Monte Castelo e Sol Levante, enfim, faltou a Paulo Bomfim humildade em reconhecer que a sua gest\u00e3o \u00e9 a pior que j\u00e1 houve em Juazeiro.<\/p>\n<p style=\"text-align: justify;\">Acanhado e ressabiado da \u00faltima apari\u00e7\u00e3o p\u00fablica na comunidade de Itamotinga, quando foi vaiado e achincalhado por um grupo de moradores, Paulo Bomfim n\u00e3o teve o cuidado nas palavras (ainda que decorada) para falar do seu grandioso projeto: a inaugura\u00e7\u00e3o do Centro Gastron\u00f4mico, feito as pressas para fazer marketing pol\u00edtico. Esqueceu o prefeito que essa obra \u00e9 inteiramente privada, sem nenhuma contrapartida do munic\u00edpio, ainda que este tenha uma receita de 530 milh\u00f5es anual.<\/p>\n<div style=\"width: 480px;\" class=\"wp-video\"><!--[if lt IE 9]><script>document.createElement('video');<\/script><![endif]-->\n<video class=\"wp-video-shortcode\" id=\"video-7304-1\" width=\"480\" height=\"848\" preload=\"metadata\" controls=\"controls\"><source type=\"video\/mp4\" src=\"https:\/\/blogopara.com.br\/wp-content\/uploads\/2020\/02\/pb.mp4?_=1\" \/><a href=\"https:\/\/blogopara.com.br\/wp-content\/uploads\/2020\/02\/pb.mp4\">https:\/\/blogopara.com.br\/wp-content\/uploads\/2020\/02\/pb.mp4<\/a><\/video><\/div>\n<p style=\"text-align: justify;\">N\u00e3o diferente da Jornada Pedag\u00f3gica, o prefeito voltou apelar, pediu aos vereadores que o ajudem na reelei\u00e7\u00e3o. O vereadores est\u00e3o na mesma situa\u00e7\u00e3o apelativa, mas, se depender dos professores com certeza Paulo Bomfin ser\u00e1 o candidato dos docentes, para ser o ex-prefeito de Juazeiro.<\/p>\n<p style=\"text-align: justify;\">Como tem acontecido em alguns eventos, essa Sess\u00e3o Legislativa teve clima de despedida para o prefeito e grande parte de vereadores, que sem muita cerim\u00f4nia fizeram a foto para a posteridade, para ser guardada ou escondida nos anais da C\u00e2mara, como o dia mais vergonhoso de Juazeiro.<\/p>\n<p style=\"text-align: justify;\">\n","protected":false},"excerpt":{"rendered":"<p>&#8220;Fui abordado por um popular e me perguntou quando a escola da comunidade dele ser\u00e1 reformada. Eu disse que em breve&#8221;, esse tem sido o discurso de sempre.<\/p>\n","protected":false},"author":1,"featured_media":7306,"comment_status":"open","ping_status":"open","sticky":false,"template":"","format":"standard","meta":{"_uag_custom_page_level_css":"","_monsterinsights_skip_tracking":false,"_monsterinsights_sitenote_active":false,"_monsterinsights_sitenote_note":"","_monsterinsights_sitenote_category":0,"jetpack_post_was_ever_published":false,"_jetpack_newsletter_access":"","_jetpack_dont_email_post_to_subs":false,"_jetpack_newsletter_tier_id":0,"_jetpack_memberships_contains_paywalled_content":false,"_jetpack_memberships_contains_paid_content":false,"footnotes":"","jetpack_publicize_message":"","jetpack_publicize_feature_enabled":true,"jetpack_social_post_already_shared":true,"jetpack_social_options":{"image_generator_settings":{"template":"highway","default_image_id":0,"font":"","enabled":false},"version":2}},"categories":[203],"tags":[338,15],"class_list":["post-7304","post","type-post","status-publish","format-standard","has-post-thumbnail","hentry","category-juazeiro","tag-camara-de-vereadores","tag-paulo-bomfim"],"jetpack_publicize_connections":[],"jetpack_featured_media_url":"https:\/\/blogopara.com.br\/wp-content\/uploads\/2020\/02\/vererado.jpeg","uagb_featured_image_src":{"full":["https:\/\/blogopara.com.br\/wp-content\/uploads\/2020\/02\/vererado.jpeg",960,640,false],"thumbnail":["https:\/\/blogopara.com.br\/wp-content\/uploads\/2020\/02\/vererado-150x150.jpeg",150,150,true],"medium":["https:\/\/blogopara.com.br\/wp-content\/uploads\/2020\/02\/vererado-300x200.jpeg",300,200,true],"medium_large":["https:\/\/blogopara.com.br\/wp-content\/uploads\/2020\/02\/vererado-768x512.jpeg",640,427,true],"large":["https:\/\/blogopara.com.br\/wp-content\/uploads\/2020\/02\/vererado.jpeg",640,427,false],"1536x1536":["https:\/\/blogopara.com.br\/wp-content\/uploads\/2020\/02\/vererado.jpeg",960,640,false],"2048x2048":["https:\/\/blogopara.com.br\/wp-content\/uploads\/2020\/02\/vererado.jpeg",960,640,false],"mantranews-slider-large":["https:\/\/blogopara.com.br\/wp-content\/uploads\/2020\/02\/vererado.jpeg",960,640,false],"mantranews-featured-medium":["https:\/\/blogopara.com.br\/wp-content\/uploads\/2020\/02\/vererado.jpeg",420,280,false],"mantranews-featured-long":["https:\/\/blogopara.com.br\/wp-content\/uploads\/2020\/02\/vererado.jpeg",300,200,false],"mantranews-block-medium":["https:\/\/blogopara.com.br\/wp-content\/uploads\/2020\/02\/vererado.jpeg",435,290,false],"mantranews-carousel-image":["https:\/\/blogopara.com.br\/wp-content\/uploads\/2020\/02\/vererado.jpeg",600,400,false],"mantranews-block-thumb":["https:\/\/blogopara.com.br\/wp-content\/uploads\/2020\/02\/vererado.jpeg",322,215,false],"mantranews-single-large":["https:\/\/blogopara.com.br\/wp-content\/uploads\/2020\/02\/vererado.jpeg",960,640,false]},"uagb_author_info":{"display_name":"Reda\u00e7\u00e3o geral","author_link":"https:\/\/blogopara.com.br\/index.php\/author\/blogopara"},"uagb_comment_info":1,"uagb_excerpt":"\"Fui abordado por um popular e me perguntou quando a escola da comunidade dele ser\u00e1 reformada. Eu disse que em breve\", esse tem sido o discurso de sempre.","jetpack_sharing_enabled":true,"jetpack_likes_enabled":true,"_links":{"self":[{"href":"https:\/\/blogopara.com.br\/index.php\/wp-json\/wp\/v2\/posts\/7304","targetHints":{"allow":["GET"]}}],"collection":[{"href":"https:\/\/blogopara.com.br\/index.php\/wp-json\/wp\/v2\/posts"}],"about":[{"href":"https:\/\/blogopara.com.br\/index.php\/wp-json\/wp\/v2\/types\/post"}],"author":[{"embeddable":true,"href":"https:\/\/blogopara.com.br\/index.php\/wp-json\/wp\/v2\/users\/1"}],"replies":[{"embeddable":true,"href":"https:\/\/blogopara.com.br\/index.php\/wp-json\/wp\/v2\/comments?post=7304"}],"version-history":[{"count":4,"href":"https:\/\/blogopara.com.br\/index.php\/wp-json\/wp\/v2\/posts\/7304\/revisions"}],"predecessor-version":[{"id":7316,"href":"https:\/\/blogopara.com.br\/index.php\/wp-json\/wp\/v2\/posts\/7304\/revisions\/7316"}],"wp:featuredmedia":[{"embeddable":true,"href":"https:\/\/blogopara.com.br\/index.php\/wp-json\/wp\/v2\/media\/7306"}],"wp:attachment":[{"href":"https:\/\/blogopara.com.br\/index.php\/wp-json\/wp\/v2\/media?parent=7304"}],"wp:term":[{"taxonomy":"category","embeddable":true,"href":"https:\/\/blogopara.com.br\/index.php\/wp-json\/wp\/v2\/categories?post=7304"},{"taxonomy":"post_tag","embeddable":true,"href":"https:\/\/blogopara.com.br\/index.php\/wp-json\/wp\/v2\/tags?post=7304"}],"curies":[{"name":"wp","href":"https:\/\/api.w.org\/{rel}","templated":true}]}}