{"id":73060,"date":"2025-02-26T08:21:37","date_gmt":"2025-02-26T11:21:37","guid":{"rendered":"https:\/\/blogopara.com.br\/?p=73060"},"modified":"2025-02-25T20:26:55","modified_gmt":"2025-02-25T23:26:55","slug":"prefeitura-de-casa-nova-promove-encontro-pedagogico-2025-para-fortalecer-compromisso-com-a-educacao-nesta-quinta-feira-27","status":"publish","type":"post","link":"https:\/\/blogopara.com.br\/index.php\/2025\/02\/26\/prefeitura-de-casa-nova-promove-encontro-pedagogico-2025-para-fortalecer-compromisso-com-a-educacao-nesta-quinta-feira-27","title":{"rendered":"Prefeitura de Casa Nova promove Encontro Pedag\u00f3gico 2025 para fortalecer compromisso com a educa\u00e7\u00e3o nesta quinta-feira (27)"},"content":{"rendered":"<p>A Prefeitura de Casa Nova, por meio da Secretaria Municipal de Educa\u00e7\u00e3o, realiza no pr\u00f3ximo dia 27 de fevereiro o Encontro Pedag\u00f3gico 2025, um momento de reflex\u00e3o, aprendizado e troca de experi\u00eancias entre os profissionais da rede municipal de ensino. O evento acontecer\u00e1 a partir das 13h, na Quadra Poliesportiva da Escola Alano Viana, e ter\u00e1 como tema: &#8220;Aprendizagem: Compromisso de todos e de cada um.&#8221;<\/p>\n<p>Os educadores presentes contar\u00e3o com palestras enriquecedoras ministradas por Gina Vieira Pontes e Maviael Melo, que trar\u00e3o importantes reflex\u00f5es sobre o papel coletivo e individual na constru\u00e7\u00e3o do aprendizado. Al\u00e9m disso, a programa\u00e7\u00e3o contar\u00e1 com a atra\u00e7\u00e3o musical da Banda Voa Voa, garantindo um encerramento especial para o evento.<\/p>\n<p>O secret\u00e1rio de Educa\u00e7\u00e3o, Daniel Ribeiro, destacou a import\u00e2ncia do encontro para fortalecer o compromisso com a qualidade do ensino no munic\u00edpio. &#8220;Esse \u00e9 um momento de alinhamento, motiva\u00e7\u00e3o e valoriza\u00e7\u00e3o dos nossos profissionais. A educa\u00e7\u00e3o \u00e9 um compromisso de todos, e esse encontro refor\u00e7a a nossa dedica\u00e7\u00e3o em oferecer um ensino cada vez melhor para nossos alunos&#8221;, afirmou.<\/p>\n<p>&#8211;<\/p>\n<p>Texto: Ascom PMCN<\/p>\n","protected":false},"excerpt":{"rendered":"<p>A Prefeitura de Casa Nova, por meio da Secretaria Municipal de Educa\u00e7\u00e3o, realiza no pr\u00f3ximo dia 27 de fevereiro o Encontro Pedag\u00f3gico 2025, um momento de reflex\u00e3o, aprendizado e troca de experi\u00eancias entre os profissionais da rede municipal de ensino. O evento acontecer\u00e1 a partir das 13h, na Quadra Poliesportiva da Escola Alano Viana, e [&hellip;]<\/p>\n","protected":false},"author":1,"featured_media":73061,"comment_status":"open","ping_status":"open","sticky":false,"template":"","format":"standard","meta":{"_uag_custom_page_level_css":"","_monsterinsights_skip_tracking":false,"_monsterinsights_sitenote_active":false,"_monsterinsights_sitenote_note":"","_monsterinsights_sitenote_category":0,"jetpack_post_was_ever_published":false,"_jetpack_newsletter_access":"","_jetpack_dont_email_post_to_subs":false,"_jetpack_newsletter_tier_id":0,"_jetpack_memberships_contains_paywalled_content":false,"_jetpack_memberships_contains_paid_content":false,"footnotes":"","jetpack_publicize_message":"","jetpack_publicize_feature_enabled":true,"jetpack_social_post_already_shared":true,"jetpack_social_options":{"image_generator_settings":{"template":"highway","default_image_id":0,"font":"","enabled":false},"version":2}},"categories":[209],"tags":[],"class_list":["post-73060","post","type-post","status-publish","format-standard","has-post-thumbnail","hentry","category-educacao"],"jetpack_publicize_connections":[],"jetpack_featured_media_url":"https:\/\/blogopara.com.br\/wp-content\/uploads\/2025\/02\/WhatsApp-Image-2025-02-25-at-11.42.25.jpeg","uagb_featured_image_src":{"full":["https:\/\/blogopara.com.br\/wp-content\/uploads\/2025\/02\/WhatsApp-Image-2025-02-25-at-11.42.25.jpeg",502,484,false],"thumbnail":["https:\/\/blogopara.com.br\/wp-content\/uploads\/2025\/02\/WhatsApp-Image-2025-02-25-at-11.42.25-150x150.jpeg",150,150,true],"medium":["https:\/\/blogopara.com.br\/wp-content\/uploads\/2025\/02\/WhatsApp-Image-2025-02-25-at-11.42.25-300x289.jpeg",300,289,true],"medium_large":["https:\/\/blogopara.com.br\/wp-content\/uploads\/2025\/02\/WhatsApp-Image-2025-02-25-at-11.42.25.jpeg",502,484,false],"large":["https:\/\/blogopara.com.br\/wp-content\/uploads\/2025\/02\/WhatsApp-Image-2025-02-25-at-11.42.25.jpeg",502,484,false],"1536x1536":["https:\/\/blogopara.com.br\/wp-content\/uploads\/2025\/02\/WhatsApp-Image-2025-02-25-at-11.42.25.jpeg",502,484,false],"2048x2048":["https:\/\/blogopara.com.br\/wp-content\/uploads\/2025\/02\/WhatsApp-Image-2025-02-25-at-11.42.25.jpeg",502,484,false],"mantranews-slider-large":["https:\/\/blogopara.com.br\/wp-content\/uploads\/2025\/02\/WhatsApp-Image-2025-02-25-at-11.42.25.jpeg",502,484,false],"mantranews-featured-medium":["https:\/\/blogopara.com.br\/wp-content\/uploads\/2025\/02\/WhatsApp-Image-2025-02-25-at-11.42.25-420x307.jpeg",420,307,true],"mantranews-featured-long":["https:\/\/blogopara.com.br\/wp-content\/uploads\/2025\/02\/WhatsApp-Image-2025-02-25-at-11.42.25-300x443.jpeg",300,443,true],"mantranews-block-medium":["https:\/\/blogopara.com.br\/wp-content\/uploads\/2025\/02\/WhatsApp-Image-2025-02-25-at-11.42.25-464x290.jpeg",464,290,true],"mantranews-carousel-image":["https:\/\/blogopara.com.br\/wp-content\/uploads\/2025\/02\/WhatsApp-Image-2025-02-25-at-11.42.25.jpeg",502,484,false],"mantranews-block-thumb":["https:\/\/blogopara.com.br\/wp-content\/uploads\/2025\/02\/WhatsApp-Image-2025-02-25-at-11.42.25-322x230.jpeg",322,230,true],"mantranews-single-large":["https:\/\/blogopara.com.br\/wp-content\/uploads\/2025\/02\/WhatsApp-Image-2025-02-25-at-11.42.25.jpeg",502,484,false]},"uagb_author_info":{"display_name":"Reda\u00e7\u00e3o geral","author_link":"https:\/\/blogopara.com.br\/index.php\/author\/blogopara"},"uagb_comment_info":0,"uagb_excerpt":"A Prefeitura de Casa Nova, por meio da Secretaria Municipal de Educa\u00e7\u00e3o, realiza no pr\u00f3ximo dia 27 de fevereiro o Encontro Pedag\u00f3gico 2025, um momento de reflex\u00e3o, aprendizado e troca de experi\u00eancias entre os profissionais da rede municipal de ensino. O evento acontecer\u00e1 a partir das 13h, na Quadra Poliesportiva da Escola Alano Viana, e&hellip;","jetpack_sharing_enabled":true,"jetpack_likes_enabled":true,"_links":{"self":[{"href":"https:\/\/blogopara.com.br\/index.php\/wp-json\/wp\/v2\/posts\/73060","targetHints":{"allow":["GET"]}}],"collection":[{"href":"https:\/\/blogopara.com.br\/index.php\/wp-json\/wp\/v2\/posts"}],"about":[{"href":"https:\/\/blogopara.com.br\/index.php\/wp-json\/wp\/v2\/types\/post"}],"author":[{"embeddable":true,"href":"https:\/\/blogopara.com.br\/index.php\/wp-json\/wp\/v2\/users\/1"}],"replies":[{"embeddable":true,"href":"https:\/\/blogopara.com.br\/index.php\/wp-json\/wp\/v2\/comments?post=73060"}],"version-history":[{"count":1,"href":"https:\/\/blogopara.com.br\/index.php\/wp-json\/wp\/v2\/posts\/73060\/revisions"}],"predecessor-version":[{"id":73062,"href":"https:\/\/blogopara.com.br\/index.php\/wp-json\/wp\/v2\/posts\/73060\/revisions\/73062"}],"wp:featuredmedia":[{"embeddable":true,"href":"https:\/\/blogopara.com.br\/index.php\/wp-json\/wp\/v2\/media\/73061"}],"wp:attachment":[{"href":"https:\/\/blogopara.com.br\/index.php\/wp-json\/wp\/v2\/media?parent=73060"}],"wp:term":[{"taxonomy":"category","embeddable":true,"href":"https:\/\/blogopara.com.br\/index.php\/wp-json\/wp\/v2\/categories?post=73060"},{"taxonomy":"post_tag","embeddable":true,"href":"https:\/\/blogopara.com.br\/index.php\/wp-json\/wp\/v2\/tags?post=73060"}],"curies":[{"name":"wp","href":"https:\/\/api.w.org\/{rel}","templated":true}]}}