{"id":73138,"date":"2025-02-27T10:50:51","date_gmt":"2025-02-27T13:50:51","guid":{"rendered":"https:\/\/blogopara.com.br\/?p=73138"},"modified":"2025-02-27T10:50:51","modified_gmt":"2025-02-27T13:50:51","slug":"jeronimo-diz-que-paulo-coutinho-fica-no-comando-geral-da-pm-e-que-sabe-o-que-fazer-para-conter-avanco-do-crime-organizado","status":"publish","type":"post","link":"https:\/\/blogopara.com.br\/index.php\/2025\/02\/27\/jeronimo-diz-que-paulo-coutinho-fica-no-comando-geral-da-pm-e-que-sabe-o-que-fazer-para-conter-avanco-do-crime-organizado","title":{"rendered":"Jer\u00f4nimo diz que Paulo Coutinho fica no comando-geral da PM e que \u201csabe o que fazer\u201d para conter avan\u00e7o do crime organizado"},"content":{"rendered":"<p>O governador Jer\u00f4nimo Rodrigues (PT) p\u00f4s fim \u00e0s especula\u00e7\u00f5es acerca de uma poss\u00edvel troca no comando da Pol\u00edcia Militar da Bahia (PM-BA) na reforma administrativa que, confirmou ele mesmo \u00e0 imprensa, segue em andamento \u201csem pressa para conclus\u00e3o\u201d.<\/p>\n<p>Esta semana, durante agenda da Secretaria da Seguran\u00e7a P\u00fablica (SSP), em Salvador, Jer\u00f4nimo n\u00e3o s\u00f3 confirmou a perman\u00eancia do coronel Paulo Coutinho no comando-geral da PM como, tamb\u00e9m, subiu o tom sobre as a\u00e7\u00f5es do governo para conter o avan\u00e7o do crime organizado na Bahia. \u201cN\u00e3o temerei, eu n\u00e3o vou baixar a guarda. N\u00f3s estamos falando da inseguran\u00e7a em alguns lugares do Brasil, e a Bahia tem comando\u201d, cravou. De acordo com o chefe do Pal\u00e1cio de Ondina, ele \u201csabe o que fazer, e sabe a hora de fazer as mudan\u00e7as devidas\u201d.<\/p>\n<p>No m\u00eas de janeiro, a reportagem do Pol\u00edtica Livre\u00a0conversou informalmente com o coronel Paulo Coutinho sobre a sua poss\u00edvel sa\u00edda do comando-geral da Pol\u00edcia Militar durante a apresenta\u00e7\u00e3o do Carnaval Ouro Negro 2025 \u00e0 imprensa, no Pelourinho, em Salvador. Na ocasi\u00e3o, ele sinalizou que ainda n\u00e3o havia tratado sobre o tema com o governador e que qualquer novidade acerca do assunto seria anunciada pelo pr\u00f3prio chefe do Executivo estadual e que, portanto, n\u00e3o daria entrevistas a respeito.<\/p>\n<p>Pacificada a quest\u00e3o, o secret\u00e1rio de Rela\u00e7\u00f5es Institucionais, Adolfo Loyola, deu uma declara\u00e7\u00e3o na mesma linha de Jer\u00f4nimo Rodrigues, esta semana, confirmando que n\u00e3o \u00e9 inten\u00e7\u00e3o do governador mexer nos comandos da Pol\u00edcia Militar, do Corpo de Bombeiros e da Pol\u00edcia Civil. Ele ainda citou desconhecer de onde partiu essa informa\u00e7\u00e3o.<\/p>\n<p>\u201cIsso n\u00e3o \u00e9 verdade. O governo desmente essa informa\u00e7\u00e3o, na verdade n\u00e3o foi \u2018fake news\u2019, foi uma mat\u00e9ria que surgiu, n\u00e3o sei de onde. O que estou falando \u00e9 que ficam nessa ebuli\u00e7\u00e3o, mas n\u00e3o h\u00e1 plano nenhum do governo do Estado, do governador, de troca\u201d, frisou Loyola.<\/p>\n<p>&nbsp;<\/p>\n<p><span class=\"assinatura_exclusiva\">Carine Andrade\/Pol\u00edtica Livre<\/span><\/p>\n<div class=\"carregar-mais\"><\/div>\n","protected":false},"excerpt":{"rendered":"<p>O governador Jer\u00f4nimo Rodrigues (PT) p\u00f4s fim \u00e0s especula\u00e7\u00f5es acerca de uma poss\u00edvel troca no comando da Pol\u00edcia Militar da Bahia (PM-BA) na reforma administrativa que, confirmou ele mesmo \u00e0 imprensa, segue em andamento \u201csem pressa para conclus\u00e3o\u201d. Esta semana, durante agenda da Secretaria da Seguran\u00e7a P\u00fablica (SSP), em Salvador, Jer\u00f4nimo n\u00e3o s\u00f3 confirmou a [&hellip;]<\/p>\n","protected":false},"author":1,"featured_media":73139,"comment_status":"open","ping_status":"open","sticky":false,"template":"","format":"standard","meta":{"_uag_custom_page_level_css":"","_monsterinsights_skip_tracking":false,"_monsterinsights_sitenote_active":false,"_monsterinsights_sitenote_note":"","_monsterinsights_sitenote_category":0,"jetpack_post_was_ever_published":false,"_jetpack_newsletter_access":"","_jetpack_dont_email_post_to_subs":false,"_jetpack_newsletter_tier_id":0,"_jetpack_memberships_contains_paywalled_content":false,"_jetpack_memberships_contains_paid_content":false,"footnotes":"","jetpack_publicize_message":"","jetpack_publicize_feature_enabled":true,"jetpack_social_post_already_shared":true,"jetpack_social_options":{"image_generator_settings":{"template":"highway","default_image_id":0,"font":"","enabled":false},"version":2}},"categories":[199,202],"tags":[],"class_list":["post-73138","post","type-post","status-publish","format-standard","has-post-thumbnail","hentry","category-bahia","category-policia"],"jetpack_publicize_connections":[],"jetpack_featured_media_url":"https:\/\/blogopara.com.br\/wp-content\/uploads\/2025\/02\/coronel-policia-militar-da-bahia-comandante-geral-paulo-coutinho.jpg","uagb_featured_image_src":{"full":["https:\/\/blogopara.com.br\/wp-content\/uploads\/2025\/02\/coronel-policia-militar-da-bahia-comandante-geral-paulo-coutinho.jpg",500,332,false],"thumbnail":["https:\/\/blogopara.com.br\/wp-content\/uploads\/2025\/02\/coronel-policia-militar-da-bahia-comandante-geral-paulo-coutinho-150x150.jpg",150,150,true],"medium":["https:\/\/blogopara.com.br\/wp-content\/uploads\/2025\/02\/coronel-policia-militar-da-bahia-comandante-geral-paulo-coutinho-300x199.jpg",300,199,true],"medium_large":["https:\/\/blogopara.com.br\/wp-content\/uploads\/2025\/02\/coronel-policia-militar-da-bahia-comandante-geral-paulo-coutinho.jpg",500,332,false],"large":["https:\/\/blogopara.com.br\/wp-content\/uploads\/2025\/02\/coronel-policia-militar-da-bahia-comandante-geral-paulo-coutinho.jpg",500,332,false],"1536x1536":["https:\/\/blogopara.com.br\/wp-content\/uploads\/2025\/02\/coronel-policia-militar-da-bahia-comandante-geral-paulo-coutinho.jpg",500,332,false],"2048x2048":["https:\/\/blogopara.com.br\/wp-content\/uploads\/2025\/02\/coronel-policia-militar-da-bahia-comandante-geral-paulo-coutinho.jpg",500,332,false],"mantranews-slider-large":["https:\/\/blogopara.com.br\/wp-content\/uploads\/2025\/02\/coronel-policia-militar-da-bahia-comandante-geral-paulo-coutinho.jpg",500,332,false],"mantranews-featured-medium":["https:\/\/blogopara.com.br\/wp-content\/uploads\/2025\/02\/coronel-policia-militar-da-bahia-comandante-geral-paulo-coutinho-420x307.jpg",420,307,true],"mantranews-featured-long":["https:\/\/blogopara.com.br\/wp-content\/uploads\/2025\/02\/coronel-policia-militar-da-bahia-comandante-geral-paulo-coutinho-300x332.jpg",300,332,true],"mantranews-block-medium":["https:\/\/blogopara.com.br\/wp-content\/uploads\/2025\/02\/coronel-policia-militar-da-bahia-comandante-geral-paulo-coutinho-464x290.jpg",464,290,true],"mantranews-carousel-image":["https:\/\/blogopara.com.br\/wp-content\/uploads\/2025\/02\/coronel-policia-militar-da-bahia-comandante-geral-paulo-coutinho.jpg",500,332,false],"mantranews-block-thumb":["https:\/\/blogopara.com.br\/wp-content\/uploads\/2025\/02\/coronel-policia-militar-da-bahia-comandante-geral-paulo-coutinho-322x230.jpg",322,230,true],"mantranews-single-large":["https:\/\/blogopara.com.br\/wp-content\/uploads\/2025\/02\/coronel-policia-militar-da-bahia-comandante-geral-paulo-coutinho.jpg",500,332,false]},"uagb_author_info":{"display_name":"Reda\u00e7\u00e3o geral","author_link":"https:\/\/blogopara.com.br\/index.php\/author\/blogopara"},"uagb_comment_info":0,"uagb_excerpt":"O governador Jer\u00f4nimo Rodrigues (PT) p\u00f4s fim \u00e0s especula\u00e7\u00f5es acerca de uma poss\u00edvel troca no comando da Pol\u00edcia Militar da Bahia (PM-BA) na reforma administrativa que, confirmou ele mesmo \u00e0 imprensa, segue em andamento \u201csem pressa para conclus\u00e3o\u201d. Esta semana, durante agenda da Secretaria da Seguran\u00e7a P\u00fablica (SSP), em Salvador, Jer\u00f4nimo n\u00e3o s\u00f3 confirmou a&hellip;","jetpack_sharing_enabled":true,"jetpack_likes_enabled":true,"_links":{"self":[{"href":"https:\/\/blogopara.com.br\/index.php\/wp-json\/wp\/v2\/posts\/73138","targetHints":{"allow":["GET"]}}],"collection":[{"href":"https:\/\/blogopara.com.br\/index.php\/wp-json\/wp\/v2\/posts"}],"about":[{"href":"https:\/\/blogopara.com.br\/index.php\/wp-json\/wp\/v2\/types\/post"}],"author":[{"embeddable":true,"href":"https:\/\/blogopara.com.br\/index.php\/wp-json\/wp\/v2\/users\/1"}],"replies":[{"embeddable":true,"href":"https:\/\/blogopara.com.br\/index.php\/wp-json\/wp\/v2\/comments?post=73138"}],"version-history":[{"count":1,"href":"https:\/\/blogopara.com.br\/index.php\/wp-json\/wp\/v2\/posts\/73138\/revisions"}],"predecessor-version":[{"id":73140,"href":"https:\/\/blogopara.com.br\/index.php\/wp-json\/wp\/v2\/posts\/73138\/revisions\/73140"}],"wp:featuredmedia":[{"embeddable":true,"href":"https:\/\/blogopara.com.br\/index.php\/wp-json\/wp\/v2\/media\/73139"}],"wp:attachment":[{"href":"https:\/\/blogopara.com.br\/index.php\/wp-json\/wp\/v2\/media?parent=73138"}],"wp:term":[{"taxonomy":"category","embeddable":true,"href":"https:\/\/blogopara.com.br\/index.php\/wp-json\/wp\/v2\/categories?post=73138"},{"taxonomy":"post_tag","embeddable":true,"href":"https:\/\/blogopara.com.br\/index.php\/wp-json\/wp\/v2\/tags?post=73138"}],"curies":[{"name":"wp","href":"https:\/\/api.w.org\/{rel}","templated":true}]}}