{"id":73158,"date":"2025-02-28T09:13:46","date_gmt":"2025-02-28T12:13:46","guid":{"rendered":"https:\/\/blogopara.com.br\/?p=73158"},"modified":"2025-02-27T16:15:21","modified_gmt":"2025-02-27T19:15:21","slug":"prefeitura-de-casa-nova-convoca-professores-aprovados-no-concurso-publico","status":"publish","type":"post","link":"https:\/\/blogopara.com.br\/index.php\/2025\/02\/28\/prefeitura-de-casa-nova-convoca-professores-aprovados-no-concurso-publico","title":{"rendered":"Prefeitura de Casa Nova convoca professores aprovados no concurso p\u00fablico"},"content":{"rendered":"<p>O prefeito de Casa Nova Anisio Viana em seu pronunciamento nesta quinta-feira, 27 de fevereiro, durante o Encontro Pedag\u00f3gico, na quadra do Col\u00e9gio Municipal Alano Viana, anunciou a convoca\u00e7\u00e3o dos professores aprovados no concurso p\u00fablico n\u00ba 001\/2022. A medida refor\u00e7a o compromisso da gest\u00e3o em valorizar os profissionais e fortalecer os servi\u00e7os prestados \u00e0 popula\u00e7\u00e3o.<\/p>\n<p>Os convocados, devem comparecer ao Departamento de Recursos Humanos, localizado na Rua do Hospital, n\u00ba 82, Centro, no prazo improrrog\u00e1vel de 15 dias para a entrega da documenta\u00e7\u00e3o exigida.<\/p>\n<p>\u201cEssa convoca\u00e7\u00e3o representa o refor\u00e7o ao corpo t\u00e9cnico da nossa educa\u00e7\u00e3o e mais oportunidades para os profissionais que se dedicaram e foram aprovados. Seguimos trabalhando para construir uma Casa Nova melhor para todos\u201d, destacou o prefeito Anisio Viana.<\/p>\n<p>A lista completa dos convocados e os documentos necess\u00e1rios estar\u00e3o dispon\u00edveis ainda hoje no Di\u00e1rio Oficial do Munic\u00edpio.<\/p>\n<p>&#8211;<br \/>\nTexto: Ascom PMCN<\/p>\n","protected":false},"excerpt":{"rendered":"<p>O prefeito de Casa Nova Anisio Viana em seu pronunciamento nesta quinta-feira, 27 de fevereiro, durante o Encontro Pedag\u00f3gico, na quadra do Col\u00e9gio Municipal Alano Viana, anunciou a convoca\u00e7\u00e3o dos professores aprovados no concurso p\u00fablico n\u00ba 001\/2022. A medida refor\u00e7a o compromisso da gest\u00e3o em valorizar os profissionais e fortalecer os servi\u00e7os prestados \u00e0 popula\u00e7\u00e3o. [&hellip;]<\/p>\n","protected":false},"author":1,"featured_media":73159,"comment_status":"open","ping_status":"open","sticky":false,"template":"","format":"standard","meta":{"_uag_custom_page_level_css":"","_monsterinsights_skip_tracking":false,"_monsterinsights_sitenote_active":false,"_monsterinsights_sitenote_note":"","_monsterinsights_sitenote_category":0,"jetpack_post_was_ever_published":false,"_jetpack_newsletter_access":"","_jetpack_dont_email_post_to_subs":false,"_jetpack_newsletter_tier_id":0,"_jetpack_memberships_contains_paywalled_content":false,"_jetpack_memberships_contains_paid_content":false,"footnotes":"","jetpack_publicize_message":"","jetpack_publicize_feature_enabled":true,"jetpack_social_post_already_shared":true,"jetpack_social_options":{"image_generator_settings":{"template":"highway","default_image_id":0,"font":"","enabled":false},"version":2}},"categories":[209],"tags":[],"class_list":["post-73158","post","type-post","status-publish","format-standard","has-post-thumbnail","hentry","category-educacao"],"jetpack_publicize_connections":[],"jetpack_featured_media_url":"https:\/\/blogopara.com.br\/wp-content\/uploads\/2025\/02\/WhatsApp-Image-2025-02-27-at-16.05.19.jpeg","uagb_featured_image_src":{"full":["https:\/\/blogopara.com.br\/wp-content\/uploads\/2025\/02\/WhatsApp-Image-2025-02-27-at-16.05.19.jpeg",500,333,false],"thumbnail":["https:\/\/blogopara.com.br\/wp-content\/uploads\/2025\/02\/WhatsApp-Image-2025-02-27-at-16.05.19-150x150.jpeg",150,150,true],"medium":["https:\/\/blogopara.com.br\/wp-content\/uploads\/2025\/02\/WhatsApp-Image-2025-02-27-at-16.05.19-300x200.jpeg",300,200,true],"medium_large":["https:\/\/blogopara.com.br\/wp-content\/uploads\/2025\/02\/WhatsApp-Image-2025-02-27-at-16.05.19.jpeg",500,333,false],"large":["https:\/\/blogopara.com.br\/wp-content\/uploads\/2025\/02\/WhatsApp-Image-2025-02-27-at-16.05.19.jpeg",500,333,false],"1536x1536":["https:\/\/blogopara.com.br\/wp-content\/uploads\/2025\/02\/WhatsApp-Image-2025-02-27-at-16.05.19.jpeg",500,333,false],"2048x2048":["https:\/\/blogopara.com.br\/wp-content\/uploads\/2025\/02\/WhatsApp-Image-2025-02-27-at-16.05.19.jpeg",500,333,false],"mantranews-slider-large":["https:\/\/blogopara.com.br\/wp-content\/uploads\/2025\/02\/WhatsApp-Image-2025-02-27-at-16.05.19.jpeg",500,333,false],"mantranews-featured-medium":["https:\/\/blogopara.com.br\/wp-content\/uploads\/2025\/02\/WhatsApp-Image-2025-02-27-at-16.05.19-420x307.jpeg",420,307,true],"mantranews-featured-long":["https:\/\/blogopara.com.br\/wp-content\/uploads\/2025\/02\/WhatsApp-Image-2025-02-27-at-16.05.19-300x333.jpeg",300,333,true],"mantranews-block-medium":["https:\/\/blogopara.com.br\/wp-content\/uploads\/2025\/02\/WhatsApp-Image-2025-02-27-at-16.05.19-464x290.jpeg",464,290,true],"mantranews-carousel-image":["https:\/\/blogopara.com.br\/wp-content\/uploads\/2025\/02\/WhatsApp-Image-2025-02-27-at-16.05.19.jpeg",500,333,false],"mantranews-block-thumb":["https:\/\/blogopara.com.br\/wp-content\/uploads\/2025\/02\/WhatsApp-Image-2025-02-27-at-16.05.19-322x230.jpeg",322,230,true],"mantranews-single-large":["https:\/\/blogopara.com.br\/wp-content\/uploads\/2025\/02\/WhatsApp-Image-2025-02-27-at-16.05.19.jpeg",500,333,false]},"uagb_author_info":{"display_name":"Reda\u00e7\u00e3o geral","author_link":"https:\/\/blogopara.com.br\/index.php\/author\/blogopara"},"uagb_comment_info":0,"uagb_excerpt":"O prefeito de Casa Nova Anisio Viana em seu pronunciamento nesta quinta-feira, 27 de fevereiro, durante o Encontro Pedag\u00f3gico, na quadra do Col\u00e9gio Municipal Alano Viana, anunciou a convoca\u00e7\u00e3o dos professores aprovados no concurso p\u00fablico n\u00ba 001\/2022. A medida refor\u00e7a o compromisso da gest\u00e3o em valorizar os profissionais e fortalecer os servi\u00e7os prestados \u00e0 popula\u00e7\u00e3o.&hellip;","jetpack_sharing_enabled":true,"jetpack_likes_enabled":true,"_links":{"self":[{"href":"https:\/\/blogopara.com.br\/index.php\/wp-json\/wp\/v2\/posts\/73158","targetHints":{"allow":["GET"]}}],"collection":[{"href":"https:\/\/blogopara.com.br\/index.php\/wp-json\/wp\/v2\/posts"}],"about":[{"href":"https:\/\/blogopara.com.br\/index.php\/wp-json\/wp\/v2\/types\/post"}],"author":[{"embeddable":true,"href":"https:\/\/blogopara.com.br\/index.php\/wp-json\/wp\/v2\/users\/1"}],"replies":[{"embeddable":true,"href":"https:\/\/blogopara.com.br\/index.php\/wp-json\/wp\/v2\/comments?post=73158"}],"version-history":[{"count":1,"href":"https:\/\/blogopara.com.br\/index.php\/wp-json\/wp\/v2\/posts\/73158\/revisions"}],"predecessor-version":[{"id":73160,"href":"https:\/\/blogopara.com.br\/index.php\/wp-json\/wp\/v2\/posts\/73158\/revisions\/73160"}],"wp:featuredmedia":[{"embeddable":true,"href":"https:\/\/blogopara.com.br\/index.php\/wp-json\/wp\/v2\/media\/73159"}],"wp:attachment":[{"href":"https:\/\/blogopara.com.br\/index.php\/wp-json\/wp\/v2\/media?parent=73158"}],"wp:term":[{"taxonomy":"category","embeddable":true,"href":"https:\/\/blogopara.com.br\/index.php\/wp-json\/wp\/v2\/categories?post=73158"},{"taxonomy":"post_tag","embeddable":true,"href":"https:\/\/blogopara.com.br\/index.php\/wp-json\/wp\/v2\/tags?post=73158"}],"curies":[{"name":"wp","href":"https:\/\/api.w.org\/{rel}","templated":true}]}}