{"id":73231,"date":"2025-03-01T09:40:26","date_gmt":"2025-03-01T12:40:26","guid":{"rendered":"https:\/\/blogopara.com.br\/?p=73231"},"modified":"2025-03-01T09:40:26","modified_gmt":"2025-03-01T12:40:26","slug":"homem-desaparece-apos-ser-obrigado-a-pular-no-dique-do-tororo","status":"publish","type":"post","link":"https:\/\/blogopara.com.br\/index.php\/2025\/03\/01\/homem-desaparece-apos-ser-obrigado-a-pular-no-dique-do-tororo","title":{"rendered":"Homem desaparece ap\u00f3s ser obrigado a pular no Dique do Toror\u00f3"},"content":{"rendered":"<div class=\"flex flex-col p-2 px-0 w-full font-normal text-[18px] leading-[30px] text-tw-theme-text-default\">\n<p id=\"paragrafo-issqf1xifd\">Um homem est\u00e1 desaparecido ap\u00f3s ter sido obrigado a pular no Dique do Toror\u00f3, na noite desta sexta-feira (28). Neste momento, o Corpo de Bombeiros faz buscas no local.<\/p>\n<\/div>\n<div class=\"flex flex-col p-2 px-0 w-full font-normal text-[18px] leading-[30px] text-tw-theme-text-default\">\n<p id=\"paragrafo-3p3zg46j7p\">De acordo com moradores, ele estava com outras duas pessoas, que tamb\u00e9m teriam sido obrigadas a entrarem na \u00e1gua por um grupo de rapazes.<\/p>\n<\/div>\n<div class=\"flex flex-col p-2 px-0 w-full font-normal text-[18px] leading-[30px] text-tw-theme-text-default\">\n<p id=\"paragrafo-jkl2foshle\">A v\u00edtima nadou por alguns metros e depois afundou. J\u00e1 o segundo rapaz, que tamb\u00e9m pulou, teria conseguido sair da \u00e1gua e o terceiro teria corrido logo ap\u00f3s as amea\u00e7as.<\/p>\n<\/div>\n<div class=\"flex flex-col p-2 px-0 w-full font-normal text-[18px] leading-[30px] text-tw-theme-text-default\">\n<div>\n<div>\n<div class=\"trv-player-container\">\n<div class=\"trv-wrapper\">\n<div id=\"br_video_player_f8539cbb9d35a9567ac04ebbb09247a0eeb14140\" class=\"trvd_video_player trvdfloater trv-right\">\n<div id=\"br_video_player_f8539cbb9d35a9567ac04ebbb09247a0eeb14140_close\" class=\"trv-close-container\">\n<div class=\"trv-close\"><\/div>\n<\/div>\n<\/div>\n<\/div>\n<\/div>\n<\/div>\n<\/div>\n<p id=\"paragrafo-eyzqgahxmz\"><b>Buscas<\/b><\/p>\n<\/div>\n<div class=\"flex flex-col p-2 px-0 w-full font-normal text-[18px] leading-[30px] text-tw-theme-text-default\">\n<p id=\"paragrafo-7dhmy58p97\">Desde a noite de ontem, o Corpo de Bombeiros vem fazendo buscas no local onde o fato aconteceu, nas imedia\u00e7\u00f5es do Viaduto R\u00f4mulo Almeida. O trabalho \u00e9 inicialmente feito por meio de um barco.<\/p>\n<\/div>\n<div class=\"flex flex-col p-2 px-0 w-full font-normal text-[18px] leading-[30px] text-tw-theme-text-default\">\n<p id=\"paragrafo-z5mp8edx5l\">&#8220;A gente est\u00e1 aguardando um equipamento, uma roupa seca, espec\u00edfica para o militar mergulhar com seguran\u00e7a. Como tem lama e lixo acumulado e, como tamb\u00e9m \u00e9 sa\u00edda de esgoto, o traje vai proteger a equipe de uma contamina\u00e7\u00e3o&#8221;, declara o major Andr\u00e9 Matos, subcomandante do Batalh\u00e3o Mar\u00edtima do Corpo de Bombeiros.<\/p>\n<\/div>\n","protected":false},"excerpt":{"rendered":"<p>Um homem est\u00e1 desaparecido ap\u00f3s ter sido obrigado a pular no Dique do Toror\u00f3, na noite desta sexta-feira (28). Neste momento, o Corpo de Bombeiros faz buscas no local. De acordo com moradores, ele estava com outras duas pessoas, que tamb\u00e9m teriam sido obrigadas a entrarem na \u00e1gua por um grupo de rapazes. A v\u00edtima [&hellip;]<\/p>\n","protected":false},"author":1,"featured_media":73232,"comment_status":"open","ping_status":"open","sticky":false,"template":"","format":"standard","meta":{"_uag_custom_page_level_css":"","_monsterinsights_skip_tracking":false,"_monsterinsights_sitenote_active":false,"_monsterinsights_sitenote_note":"","_monsterinsights_sitenote_category":0,"jetpack_post_was_ever_published":false,"_jetpack_newsletter_access":"","_jetpack_dont_email_post_to_subs":false,"_jetpack_newsletter_tier_id":0,"_jetpack_memberships_contains_paywalled_content":false,"_jetpack_memberships_contains_paid_content":false,"footnotes":"","jetpack_publicize_message":"","jetpack_publicize_feature_enabled":true,"jetpack_social_post_already_shared":true,"jetpack_social_options":{"image_generator_settings":{"template":"highway","default_image_id":0,"font":"","enabled":false},"version":2}},"categories":[199,201],"tags":[],"class_list":["post-73231","post","type-post","status-publish","format-standard","has-post-thumbnail","hentry","category-bahia","category-bombeiro"],"jetpack_publicize_connections":[],"jetpack_featured_media_url":"https:\/\/blogopara.com.br\/wp-content\/uploads\/2025\/03\/Captura-de-tela-2025-03-01-093846.png","uagb_featured_image_src":{"full":["https:\/\/blogopara.com.br\/wp-content\/uploads\/2025\/03\/Captura-de-tela-2025-03-01-093846.png",500,269,false],"thumbnail":["https:\/\/blogopara.com.br\/wp-content\/uploads\/2025\/03\/Captura-de-tela-2025-03-01-093846-150x150.png",150,150,true],"medium":["https:\/\/blogopara.com.br\/wp-content\/uploads\/2025\/03\/Captura-de-tela-2025-03-01-093846-300x161.png",300,161,true],"medium_large":["https:\/\/blogopara.com.br\/wp-content\/uploads\/2025\/03\/Captura-de-tela-2025-03-01-093846.png",500,269,false],"large":["https:\/\/blogopara.com.br\/wp-content\/uploads\/2025\/03\/Captura-de-tela-2025-03-01-093846.png",500,269,false],"1536x1536":["https:\/\/blogopara.com.br\/wp-content\/uploads\/2025\/03\/Captura-de-tela-2025-03-01-093846.png",500,269,false],"2048x2048":["https:\/\/blogopara.com.br\/wp-content\/uploads\/2025\/03\/Captura-de-tela-2025-03-01-093846.png",500,269,false],"mantranews-slider-large":["https:\/\/blogopara.com.br\/wp-content\/uploads\/2025\/03\/Captura-de-tela-2025-03-01-093846.png",500,269,false],"mantranews-featured-medium":["https:\/\/blogopara.com.br\/wp-content\/uploads\/2025\/03\/Captura-de-tela-2025-03-01-093846-420x269.png",420,269,true],"mantranews-featured-long":["https:\/\/blogopara.com.br\/wp-content\/uploads\/2025\/03\/Captura-de-tela-2025-03-01-093846-300x269.png",300,269,true],"mantranews-block-medium":["https:\/\/blogopara.com.br\/wp-content\/uploads\/2025\/03\/Captura-de-tela-2025-03-01-093846-464x269.png",464,269,true],"mantranews-carousel-image":["https:\/\/blogopara.com.br\/wp-content\/uploads\/2025\/03\/Captura-de-tela-2025-03-01-093846.png",500,269,false],"mantranews-block-thumb":["https:\/\/blogopara.com.br\/wp-content\/uploads\/2025\/03\/Captura-de-tela-2025-03-01-093846-322x230.png",322,230,true],"mantranews-single-large":["https:\/\/blogopara.com.br\/wp-content\/uploads\/2025\/03\/Captura-de-tela-2025-03-01-093846.png",500,269,false]},"uagb_author_info":{"display_name":"Reda\u00e7\u00e3o geral","author_link":"https:\/\/blogopara.com.br\/index.php\/author\/blogopara"},"uagb_comment_info":0,"uagb_excerpt":"Um homem est\u00e1 desaparecido ap\u00f3s ter sido obrigado a pular no Dique do Toror\u00f3, na noite desta sexta-feira (28). Neste momento, o Corpo de Bombeiros faz buscas no local. De acordo com moradores, ele estava com outras duas pessoas, que tamb\u00e9m teriam sido obrigadas a entrarem na \u00e1gua por um grupo de rapazes. A v\u00edtima&hellip;","jetpack_sharing_enabled":true,"jetpack_likes_enabled":true,"_links":{"self":[{"href":"https:\/\/blogopara.com.br\/index.php\/wp-json\/wp\/v2\/posts\/73231","targetHints":{"allow":["GET"]}}],"collection":[{"href":"https:\/\/blogopara.com.br\/index.php\/wp-json\/wp\/v2\/posts"}],"about":[{"href":"https:\/\/blogopara.com.br\/index.php\/wp-json\/wp\/v2\/types\/post"}],"author":[{"embeddable":true,"href":"https:\/\/blogopara.com.br\/index.php\/wp-json\/wp\/v2\/users\/1"}],"replies":[{"embeddable":true,"href":"https:\/\/blogopara.com.br\/index.php\/wp-json\/wp\/v2\/comments?post=73231"}],"version-history":[{"count":1,"href":"https:\/\/blogopara.com.br\/index.php\/wp-json\/wp\/v2\/posts\/73231\/revisions"}],"predecessor-version":[{"id":73233,"href":"https:\/\/blogopara.com.br\/index.php\/wp-json\/wp\/v2\/posts\/73231\/revisions\/73233"}],"wp:featuredmedia":[{"embeddable":true,"href":"https:\/\/blogopara.com.br\/index.php\/wp-json\/wp\/v2\/media\/73232"}],"wp:attachment":[{"href":"https:\/\/blogopara.com.br\/index.php\/wp-json\/wp\/v2\/media?parent=73231"}],"wp:term":[{"taxonomy":"category","embeddable":true,"href":"https:\/\/blogopara.com.br\/index.php\/wp-json\/wp\/v2\/categories?post=73231"},{"taxonomy":"post_tag","embeddable":true,"href":"https:\/\/blogopara.com.br\/index.php\/wp-json\/wp\/v2\/tags?post=73231"}],"curies":[{"name":"wp","href":"https:\/\/api.w.org\/{rel}","templated":true}]}}