{"id":73242,"date":"2025-03-02T09:51:52","date_gmt":"2025-03-02T12:51:52","guid":{"rendered":"https:\/\/blogopara.com.br\/?p=73242"},"modified":"2025-03-01T09:53:05","modified_gmt":"2025-03-01T12:53:05","slug":"prefeitura-de-senhor-do-bonfim-propoe-reajuste-salarial-para-servidores-acima-da-inflacao","status":"publish","type":"post","link":"https:\/\/blogopara.com.br\/index.php\/2025\/03\/02\/prefeitura-de-senhor-do-bonfim-propoe-reajuste-salarial-para-servidores-acima-da-inflacao","title":{"rendered":"Prefeitura de Senhor do Bonfim prop\u00f5e reajuste salarial para servidores acima da infla\u00e7\u00e3o"},"content":{"rendered":"<p class=\"x_MsoNormal\">Em reuni\u00e3o com os representantes de sindicatos e associa\u00e7\u00f5es M.D., SISMUSB, SINTESB, ABENF, AMACS e AACE, realizada nesta quarta-feira (26) no Multicentro, a Prefeitura de Senhor do Bonfim apresentou a proposta de reajuste salarial para os servidores municipais, reafirmando o compromisso com a valoriza\u00e7\u00e3o dos profissionais que atuam no munic\u00edpio.<\/p>\n<p class=\"x_MsoNormal\">A proposta prev\u00ea um reajuste de 6,27% para os professores da rede municipal, conforme determinado por Lei Federal. Al\u00e9m disso, a gest\u00e3o se comprometeu a, a partir de abril, abrir di\u00e1logo com a categoria para discutir outros benef\u00edcios que possam ser incorporados ao longo do ano, levando em considera\u00e7\u00e3o o aumento do n\u00famero de matr\u00edculas e a necessidade de novos profissionais na educa\u00e7\u00e3o.<\/p>\n<p class=\"x_MsoNormal\">O prefeito La\u00e9rcio J\u00fanior destacou a import\u00e2ncia desse reajuste e a preocupa\u00e7\u00e3o da gest\u00e3o em garantir melhores condi\u00e7\u00f5es para os servidores. &#8220;Nosso compromisso \u00e9 valorizar aqueles que trabalham diariamente para fazer nossa cidade avan\u00e7ar. Para os agentes comunit\u00e1rios de sa\u00fade e agentes de combate \u00e0s endemias, al\u00e9m do piso garantido, propomos um acr\u00e9scimo de 2%. Para os demais servidores, estamos sugerindo um reajuste de 5%, um percentual acima da infla\u00e7\u00e3o, que foi de 4,83%\u201d, afirmou.<\/p>\n<p class=\"x_MsoNormal\">A proposta da Prefeitura tamb\u00e9m inclui 7% de recomposi\u00e7\u00e3o salarial para os servidores que recebem o piso municipal, refor\u00e7ando a inten\u00e7\u00e3o de garantir um aumento real para todos os profissionais. &#8220;A gest\u00e3o tem buscado manter o equil\u00edbrio financeiro do munic\u00edpio, sem deixar de reconhecer e valorizar o trabalho dos nossos servidores. Acreditamos que essa proposta ser\u00e1 bem recebida pelas categorias, pois demonstra nosso compromisso com a valoriza\u00e7\u00e3o dos profissionais e com a responsabilidade fiscal&#8221;, finalizou La\u00e9rcio J\u00fanior.<\/p>\n<p class=\"x_MsoNormal\">\n<p class=\"x_MsoNormal\">Texto: Ascom PMSB<\/p>\n","protected":false},"excerpt":{"rendered":"<p>Em reuni\u00e3o com os representantes de sindicatos e associa\u00e7\u00f5es M.D., SISMUSB, SINTESB, ABENF, AMACS e AACE, realizada nesta quarta-feira (26) no Multicentro, a Prefeitura de Senhor do Bonfim apresentou a proposta de reajuste salarial para os servidores municipais, reafirmando o compromisso com a valoriza\u00e7\u00e3o dos profissionais que atuam no munic\u00edpio. A proposta prev\u00ea um reajuste [&hellip;]<\/p>\n","protected":false},"author":1,"featured_media":73243,"comment_status":"open","ping_status":"open","sticky":false,"template":"","format":"standard","meta":{"_uag_custom_page_level_css":"","_monsterinsights_skip_tracking":false,"_monsterinsights_sitenote_active":false,"_monsterinsights_sitenote_note":"","_monsterinsights_sitenote_category":0,"jetpack_post_was_ever_published":false,"_jetpack_newsletter_access":"","_jetpack_dont_email_post_to_subs":false,"_jetpack_newsletter_tier_id":0,"_jetpack_memberships_contains_paywalled_content":false,"_jetpack_memberships_contains_paid_content":false,"footnotes":"","jetpack_publicize_message":"","jetpack_publicize_feature_enabled":true,"jetpack_social_post_already_shared":true,"jetpack_social_options":{"image_generator_settings":{"template":"highway","default_image_id":0,"font":"","enabled":false},"version":2}},"categories":[197],"tags":[],"class_list":["post-73242","post","type-post","status-publish","format-standard","has-post-thumbnail","hentry","category-politica"],"jetpack_publicize_connections":[],"jetpack_featured_media_url":"https:\/\/blogopara.com.br\/wp-content\/uploads\/2025\/03\/thumbnail_54352814785_49d89cdf7a_k.jpg","uagb_featured_image_src":{"full":["https:\/\/blogopara.com.br\/wp-content\/uploads\/2025\/03\/thumbnail_54352814785_49d89cdf7a_k.jpg",500,372,false],"thumbnail":["https:\/\/blogopara.com.br\/wp-content\/uploads\/2025\/03\/thumbnail_54352814785_49d89cdf7a_k-150x150.jpg",150,150,true],"medium":["https:\/\/blogopara.com.br\/wp-content\/uploads\/2025\/03\/thumbnail_54352814785_49d89cdf7a_k-300x223.jpg",300,223,true],"medium_large":["https:\/\/blogopara.com.br\/wp-content\/uploads\/2025\/03\/thumbnail_54352814785_49d89cdf7a_k.jpg",500,372,false],"large":["https:\/\/blogopara.com.br\/wp-content\/uploads\/2025\/03\/thumbnail_54352814785_49d89cdf7a_k.jpg",500,372,false],"1536x1536":["https:\/\/blogopara.com.br\/wp-content\/uploads\/2025\/03\/thumbnail_54352814785_49d89cdf7a_k.jpg",500,372,false],"2048x2048":["https:\/\/blogopara.com.br\/wp-content\/uploads\/2025\/03\/thumbnail_54352814785_49d89cdf7a_k.jpg",500,372,false],"mantranews-slider-large":["https:\/\/blogopara.com.br\/wp-content\/uploads\/2025\/03\/thumbnail_54352814785_49d89cdf7a_k.jpg",500,372,false],"mantranews-featured-medium":["https:\/\/blogopara.com.br\/wp-content\/uploads\/2025\/03\/thumbnail_54352814785_49d89cdf7a_k-420x307.jpg",420,307,true],"mantranews-featured-long":["https:\/\/blogopara.com.br\/wp-content\/uploads\/2025\/03\/thumbnail_54352814785_49d89cdf7a_k-300x372.jpg",300,372,true],"mantranews-block-medium":["https:\/\/blogopara.com.br\/wp-content\/uploads\/2025\/03\/thumbnail_54352814785_49d89cdf7a_k-464x290.jpg",464,290,true],"mantranews-carousel-image":["https:\/\/blogopara.com.br\/wp-content\/uploads\/2025\/03\/thumbnail_54352814785_49d89cdf7a_k.jpg",500,372,false],"mantranews-block-thumb":["https:\/\/blogopara.com.br\/wp-content\/uploads\/2025\/03\/thumbnail_54352814785_49d89cdf7a_k-322x230.jpg",322,230,true],"mantranews-single-large":["https:\/\/blogopara.com.br\/wp-content\/uploads\/2025\/03\/thumbnail_54352814785_49d89cdf7a_k.jpg",500,372,false]},"uagb_author_info":{"display_name":"Reda\u00e7\u00e3o geral","author_link":"https:\/\/blogopara.com.br\/index.php\/author\/blogopara"},"uagb_comment_info":0,"uagb_excerpt":"Em reuni\u00e3o com os representantes de sindicatos e associa\u00e7\u00f5es M.D., SISMUSB, SINTESB, ABENF, AMACS e AACE, realizada nesta quarta-feira (26) no Multicentro, a Prefeitura de Senhor do Bonfim apresentou a proposta de reajuste salarial para os servidores municipais, reafirmando o compromisso com a valoriza\u00e7\u00e3o dos profissionais que atuam no munic\u00edpio. A proposta prev\u00ea um reajuste&hellip;","jetpack_sharing_enabled":true,"jetpack_likes_enabled":true,"_links":{"self":[{"href":"https:\/\/blogopara.com.br\/index.php\/wp-json\/wp\/v2\/posts\/73242","targetHints":{"allow":["GET"]}}],"collection":[{"href":"https:\/\/blogopara.com.br\/index.php\/wp-json\/wp\/v2\/posts"}],"about":[{"href":"https:\/\/blogopara.com.br\/index.php\/wp-json\/wp\/v2\/types\/post"}],"author":[{"embeddable":true,"href":"https:\/\/blogopara.com.br\/index.php\/wp-json\/wp\/v2\/users\/1"}],"replies":[{"embeddable":true,"href":"https:\/\/blogopara.com.br\/index.php\/wp-json\/wp\/v2\/comments?post=73242"}],"version-history":[{"count":1,"href":"https:\/\/blogopara.com.br\/index.php\/wp-json\/wp\/v2\/posts\/73242\/revisions"}],"predecessor-version":[{"id":73244,"href":"https:\/\/blogopara.com.br\/index.php\/wp-json\/wp\/v2\/posts\/73242\/revisions\/73244"}],"wp:featuredmedia":[{"embeddable":true,"href":"https:\/\/blogopara.com.br\/index.php\/wp-json\/wp\/v2\/media\/73243"}],"wp:attachment":[{"href":"https:\/\/blogopara.com.br\/index.php\/wp-json\/wp\/v2\/media?parent=73242"}],"wp:term":[{"taxonomy":"category","embeddable":true,"href":"https:\/\/blogopara.com.br\/index.php\/wp-json\/wp\/v2\/categories?post=73242"},{"taxonomy":"post_tag","embeddable":true,"href":"https:\/\/blogopara.com.br\/index.php\/wp-json\/wp\/v2\/tags?post=73242"}],"curies":[{"name":"wp","href":"https:\/\/api.w.org\/{rel}","templated":true}]}}