{"id":73258,"date":"2025-03-01T11:08:55","date_gmt":"2025-03-01T14:08:55","guid":{"rendered":"https:\/\/blogopara.com.br\/?p=73258"},"modified":"2025-03-01T11:08:55","modified_gmt":"2025-03-01T14:08:55","slug":"juazeiro-ba-direcao-do-bloco-cultural-recordar-e-viver-comunica-cancelamento-de-puxada-de-carnaval","status":"publish","type":"post","link":"https:\/\/blogopara.com.br\/index.php\/2025\/03\/01\/juazeiro-ba-direcao-do-bloco-cultural-recordar-e-viver-comunica-cancelamento-de-puxada-de-carnaval","title":{"rendered":"Juazeiro (BA): Dire\u00e7\u00e3o do Bloco Cultural Recordar \u00e9 Viver comunica cancelamento de puxada de Carnaval"},"content":{"rendered":"<p>A dire\u00e7\u00e3o do tradicional Bloco Cultural Recordar \u00e9 Viver comunicou por meio de nota o cancelamento da puxada de Carnaval neste ano em Juazeiro (BA).<\/p>\n<p>\u201cInicialmente, a Prefeitura Municipal de Juazeiro havia concedido autoriza\u00e7\u00e3o para a realiza\u00e7\u00e3o do evento. No entanto, o Comandante da Pol\u00edcia Militar de Juazeiro, Major Ederson da Silva Cirne, informou que n\u00e3o haveria efetivo policial dispon\u00edvel para garantir a seguran\u00e7a do evento e que a corpora\u00e7\u00e3o n\u00e3o se responsabilizaria por qualquer incidente. Diante dessa situa\u00e7\u00e3o, a Secretaria da Ordem P\u00fablica, Mobilidade e Habita\u00e7\u00e3o decidiu revogar a autoriza\u00e7\u00e3o previamente concedida (Protocolo sob o n\u00ba 1.891\/2025), impossibilitando a realiza\u00e7\u00e3o da Puxada.<\/p>\n<p>Sendo assim, o evento est\u00e1 oficialmente cancelado e, com isso, todos os contratos firmados tamb\u00e9m est\u00e3o cancelados. Informamos que nosso setor financeiro j\u00e1 est\u00e1 providenciando o estorno dos valores pagos pelo PASSAPORTE DA FOLIA aos foli\u00f5es que haviam adquirido.<\/p>\n<p>Al\u00e9m disso, comunicamos que nosso setor jur\u00eddico j\u00e1 est\u00e1 adotando as medidas cab\u00edveis em rela\u00e7\u00e3o ao cancelamento da Puxada do Bloco Cultural Recordar \u00e9 Viver, para que as devidas responsabilidades sejam apuradas.<\/p>\n<p>Lamentamos profundamente essa decis\u00e3o e agradecemos a compreens\u00e3o de todos os foli\u00f5es, parceiros e apoiadores. Em logo em breve estaremos juntos festejando os antigos carnavais!<\/p>\n<p>Atenciosamente, Rodrigo D\u2019lucca \u2013 Diretor Art\u00edstico Bloco Cultural Recordar \u00e9 Viver Juazeiro \u2013 BA, 26 de fevereiro de 2025\u2033.<\/p>\n","protected":false},"excerpt":{"rendered":"<p>A dire\u00e7\u00e3o do tradicional Bloco Cultural Recordar \u00e9 Viver comunicou por meio de nota o cancelamento da puxada de Carnaval neste ano em Juazeiro (BA). \u201cInicialmente, a Prefeitura Municipal de Juazeiro havia concedido autoriza\u00e7\u00e3o para a realiza\u00e7\u00e3o do evento. No entanto, o Comandante da Pol\u00edcia Militar de Juazeiro, Major Ederson da Silva Cirne, informou que [&hellip;]<\/p>\n","protected":false},"author":1,"featured_media":73259,"comment_status":"open","ping_status":"open","sticky":false,"template":"","format":"standard","meta":{"_uag_custom_page_level_css":"","_monsterinsights_skip_tracking":false,"_monsterinsights_sitenote_active":false,"_monsterinsights_sitenote_note":"","_monsterinsights_sitenote_category":0,"jetpack_post_was_ever_published":false,"_jetpack_newsletter_access":"","_jetpack_dont_email_post_to_subs":false,"_jetpack_newsletter_tier_id":0,"_jetpack_memberships_contains_paywalled_content":false,"_jetpack_memberships_contains_paid_content":false,"footnotes":"","jetpack_publicize_message":"","jetpack_publicize_feature_enabled":true,"jetpack_social_post_already_shared":true,"jetpack_social_options":{"image_generator_settings":{"template":"highway","default_image_id":0,"font":"","enabled":false},"version":2}},"categories":[203,197],"tags":[],"class_list":["post-73258","post","type-post","status-publish","format-standard","has-post-thumbnail","hentry","category-juazeiro","category-politica"],"jetpack_publicize_connections":[],"jetpack_featured_media_url":"https:\/\/blogopara.com.br\/wp-content\/uploads\/2025\/03\/WhatsApp-Image-2025-03-01-at-11.05.28.jpeg","uagb_featured_image_src":{"full":["https:\/\/blogopara.com.br\/wp-content\/uploads\/2025\/03\/WhatsApp-Image-2025-03-01-at-11.05.28.jpeg",500,314,false],"thumbnail":["https:\/\/blogopara.com.br\/wp-content\/uploads\/2025\/03\/WhatsApp-Image-2025-03-01-at-11.05.28-150x150.jpeg",150,150,true],"medium":["https:\/\/blogopara.com.br\/wp-content\/uploads\/2025\/03\/WhatsApp-Image-2025-03-01-at-11.05.28-300x188.jpeg",300,188,true],"medium_large":["https:\/\/blogopara.com.br\/wp-content\/uploads\/2025\/03\/WhatsApp-Image-2025-03-01-at-11.05.28.jpeg",500,314,false],"large":["https:\/\/blogopara.com.br\/wp-content\/uploads\/2025\/03\/WhatsApp-Image-2025-03-01-at-11.05.28.jpeg",500,314,false],"1536x1536":["https:\/\/blogopara.com.br\/wp-content\/uploads\/2025\/03\/WhatsApp-Image-2025-03-01-at-11.05.28.jpeg",500,314,false],"2048x2048":["https:\/\/blogopara.com.br\/wp-content\/uploads\/2025\/03\/WhatsApp-Image-2025-03-01-at-11.05.28.jpeg",500,314,false],"mantranews-slider-large":["https:\/\/blogopara.com.br\/wp-content\/uploads\/2025\/03\/WhatsApp-Image-2025-03-01-at-11.05.28.jpeg",500,314,false],"mantranews-featured-medium":["https:\/\/blogopara.com.br\/wp-content\/uploads\/2025\/03\/WhatsApp-Image-2025-03-01-at-11.05.28-420x307.jpeg",420,307,true],"mantranews-featured-long":["https:\/\/blogopara.com.br\/wp-content\/uploads\/2025\/03\/WhatsApp-Image-2025-03-01-at-11.05.28-300x314.jpeg",300,314,true],"mantranews-block-medium":["https:\/\/blogopara.com.br\/wp-content\/uploads\/2025\/03\/WhatsApp-Image-2025-03-01-at-11.05.28-464x290.jpeg",464,290,true],"mantranews-carousel-image":["https:\/\/blogopara.com.br\/wp-content\/uploads\/2025\/03\/WhatsApp-Image-2025-03-01-at-11.05.28.jpeg",500,314,false],"mantranews-block-thumb":["https:\/\/blogopara.com.br\/wp-content\/uploads\/2025\/03\/WhatsApp-Image-2025-03-01-at-11.05.28-322x230.jpeg",322,230,true],"mantranews-single-large":["https:\/\/blogopara.com.br\/wp-content\/uploads\/2025\/03\/WhatsApp-Image-2025-03-01-at-11.05.28.jpeg",500,314,false]},"uagb_author_info":{"display_name":"Reda\u00e7\u00e3o geral","author_link":"https:\/\/blogopara.com.br\/index.php\/author\/blogopara"},"uagb_comment_info":0,"uagb_excerpt":"A dire\u00e7\u00e3o do tradicional Bloco Cultural Recordar \u00e9 Viver comunicou por meio de nota o cancelamento da puxada de Carnaval neste ano em Juazeiro (BA). \u201cInicialmente, a Prefeitura Municipal de Juazeiro havia concedido autoriza\u00e7\u00e3o para a realiza\u00e7\u00e3o do evento. No entanto, o Comandante da Pol\u00edcia Militar de Juazeiro, Major Ederson da Silva Cirne, informou que&hellip;","jetpack_sharing_enabled":true,"jetpack_likes_enabled":true,"_links":{"self":[{"href":"https:\/\/blogopara.com.br\/index.php\/wp-json\/wp\/v2\/posts\/73258","targetHints":{"allow":["GET"]}}],"collection":[{"href":"https:\/\/blogopara.com.br\/index.php\/wp-json\/wp\/v2\/posts"}],"about":[{"href":"https:\/\/blogopara.com.br\/index.php\/wp-json\/wp\/v2\/types\/post"}],"author":[{"embeddable":true,"href":"https:\/\/blogopara.com.br\/index.php\/wp-json\/wp\/v2\/users\/1"}],"replies":[{"embeddable":true,"href":"https:\/\/blogopara.com.br\/index.php\/wp-json\/wp\/v2\/comments?post=73258"}],"version-history":[{"count":1,"href":"https:\/\/blogopara.com.br\/index.php\/wp-json\/wp\/v2\/posts\/73258\/revisions"}],"predecessor-version":[{"id":73260,"href":"https:\/\/blogopara.com.br\/index.php\/wp-json\/wp\/v2\/posts\/73258\/revisions\/73260"}],"wp:featuredmedia":[{"embeddable":true,"href":"https:\/\/blogopara.com.br\/index.php\/wp-json\/wp\/v2\/media\/73259"}],"wp:attachment":[{"href":"https:\/\/blogopara.com.br\/index.php\/wp-json\/wp\/v2\/media?parent=73258"}],"wp:term":[{"taxonomy":"category","embeddable":true,"href":"https:\/\/blogopara.com.br\/index.php\/wp-json\/wp\/v2\/categories?post=73258"},{"taxonomy":"post_tag","embeddable":true,"href":"https:\/\/blogopara.com.br\/index.php\/wp-json\/wp\/v2\/tags?post=73258"}],"curies":[{"name":"wp","href":"https:\/\/api.w.org\/{rel}","templated":true}]}}