{"id":73328,"date":"2025-03-04T12:05:02","date_gmt":"2025-03-04T15:05:02","guid":{"rendered":"https:\/\/blogopara.com.br\/?p=73328"},"modified":"2025-03-04T12:05:02","modified_gmt":"2025-03-04T15:05:02","slug":"ex-a-fazenda-e-masterchef-e-presa-por-trafico-de-drogas-no-carnaval-de-salvador","status":"publish","type":"post","link":"https:\/\/blogopara.com.br\/index.php\/2025\/03\/04\/ex-a-fazenda-e-masterchef-e-presa-por-trafico-de-drogas-no-carnaval-de-salvador","title":{"rendered":"Ex-A Fazenda e MasterChef \u00e9 presa por tr\u00e1fico de drogas no Carnaval de Salvador"},"content":{"rendered":"<div class=\"flex flex-col p-2 px-0 w-full font-normal text-[18px] leading-[30px] text-tw-theme-text-default\">\n<p id=\"paragrafo-t6eiet4nl8\">Aritana Maroni, que ficou famosa por suas participa\u00e7\u00f5es nos realities A Fazenda, da Record, e Masterchef, da Band, foi detida na madrugada desta segunda (3), em Salvador, por suspeita de tr\u00e1fico de drogas.<\/p>\n<\/div>\n<div class=\"flex flex-col p-2 px-0 w-full font-normal text-[18px] leading-[30px] text-tw-theme-text-default\">\n<p id=\"paragrafo-8cfe8zg4ov\">A informa\u00e7\u00e3o \u00e9 do jornalista Gabriel Vaquer, da Folha de S. Paulo, e foi confirmada pela pol\u00edcia. Aritana dever\u00e1 passar por audi\u00eancia de cust\u00f3dia na manh\u00e3 desta ter\u00e7a-feira (4), \u00e0s 10h, na capital baiana.<\/p>\n<\/div>\n<div class=\"flex flex-col p-2 px-0 w-full font-normal text-[18px] leading-[30px] text-tw-theme-text-default\">\n<p id=\"paragrafo-73p9x2fm2x\">A empres\u00e1ria e cozinheira curtia a folia no Circuito Dod\u00f4 (Barra-Ondina) com um grupo de amigos quando foi abordada por agentes da Pol\u00edcia Militar. Como estava com uma grande quantidade de drogas, ele e duas amigas foram levadas \u00e0 delegacia e ficaram detidas soba cusa\u00e7\u00e3o de protar e traficar drogas.<\/p>\n<\/div>\n<div class=\"flex flex-col p-2 px-0 w-full font-normal text-[18px] leading-[30px] text-tw-theme-text-default\">\n<p id=\"paragrafo-k1b2z7ilku\">Representantes de Aritana Maroni ainda n\u00e3o se manifestaram.<\/p>\n<\/div>\n<div class=\"flex flex-col p-2 px-0 w-full font-normal text-[18px] leading-[30px] text-tw-theme-text-default\">\n<p id=\"paragrafo-ljrqj9wdb0\">Aritana tem 46 anos e participou do Masterchef em 2015. J\u00e1 em 2017 fez parte do elenco de A Fazenda, da Record. Fez tamb\u00e9m oparte d Power Couple Brasil em 2018 e o Troca de Esposas, ambos da Record, em 2019.<\/p>\n<\/div>\n","protected":false},"excerpt":{"rendered":"<p>Aritana Maroni, que ficou famosa por suas participa\u00e7\u00f5es nos realities A Fazenda, da Record, e Masterchef, da Band, foi detida na madrugada desta segunda (3), em Salvador, por suspeita de tr\u00e1fico de drogas. A informa\u00e7\u00e3o \u00e9 do jornalista Gabriel Vaquer, da Folha de S. Paulo, e foi confirmada pela pol\u00edcia. Aritana dever\u00e1 passar por audi\u00eancia [&hellip;]<\/p>\n","protected":false},"author":1,"featured_media":73329,"comment_status":"open","ping_status":"open","sticky":false,"template":"","format":"standard","meta":{"_uag_custom_page_level_css":"","_monsterinsights_skip_tracking":false,"_monsterinsights_sitenote_active":false,"_monsterinsights_sitenote_note":"","_monsterinsights_sitenote_category":0,"jetpack_post_was_ever_published":false,"_jetpack_newsletter_access":"","_jetpack_dont_email_post_to_subs":false,"_jetpack_newsletter_tier_id":0,"_jetpack_memberships_contains_paywalled_content":false,"_jetpack_memberships_contains_paid_content":false,"footnotes":"","jetpack_publicize_message":"","jetpack_publicize_feature_enabled":true,"jetpack_social_post_already_shared":true,"jetpack_social_options":{"image_generator_settings":{"template":"highway","default_image_id":0,"font":"","enabled":false},"version":2}},"categories":[199],"tags":[],"class_list":["post-73328","post","type-post","status-publish","format-standard","has-post-thumbnail","hentry","category-bahia"],"jetpack_publicize_connections":[],"jetpack_featured_media_url":"https:\/\/blogopara.com.br\/wp-content\/uploads\/2025\/03\/Capturar.jpg","uagb_featured_image_src":{"full":["https:\/\/blogopara.com.br\/wp-content\/uploads\/2025\/03\/Capturar.jpg",500,282,false],"thumbnail":["https:\/\/blogopara.com.br\/wp-content\/uploads\/2025\/03\/Capturar-150x150.jpg",150,150,true],"medium":["https:\/\/blogopara.com.br\/wp-content\/uploads\/2025\/03\/Capturar-300x169.jpg",300,169,true],"medium_large":["https:\/\/blogopara.com.br\/wp-content\/uploads\/2025\/03\/Capturar.jpg",500,282,false],"large":["https:\/\/blogopara.com.br\/wp-content\/uploads\/2025\/03\/Capturar.jpg",500,282,false],"1536x1536":["https:\/\/blogopara.com.br\/wp-content\/uploads\/2025\/03\/Capturar.jpg",500,282,false],"2048x2048":["https:\/\/blogopara.com.br\/wp-content\/uploads\/2025\/03\/Capturar.jpg",500,282,false],"mantranews-slider-large":["https:\/\/blogopara.com.br\/wp-content\/uploads\/2025\/03\/Capturar.jpg",500,282,false],"mantranews-featured-medium":["https:\/\/blogopara.com.br\/wp-content\/uploads\/2025\/03\/Capturar-420x282.jpg",420,282,true],"mantranews-featured-long":["https:\/\/blogopara.com.br\/wp-content\/uploads\/2025\/03\/Capturar-300x282.jpg",300,282,true],"mantranews-block-medium":["https:\/\/blogopara.com.br\/wp-content\/uploads\/2025\/03\/Capturar-464x282.jpg",464,282,true],"mantranews-carousel-image":["https:\/\/blogopara.com.br\/wp-content\/uploads\/2025\/03\/Capturar.jpg",500,282,false],"mantranews-block-thumb":["https:\/\/blogopara.com.br\/wp-content\/uploads\/2025\/03\/Capturar-322x230.jpg",322,230,true],"mantranews-single-large":["https:\/\/blogopara.com.br\/wp-content\/uploads\/2025\/03\/Capturar.jpg",500,282,false]},"uagb_author_info":{"display_name":"Reda\u00e7\u00e3o geral","author_link":"https:\/\/blogopara.com.br\/index.php\/author\/blogopara"},"uagb_comment_info":0,"uagb_excerpt":"Aritana Maroni, que ficou famosa por suas participa\u00e7\u00f5es nos realities A Fazenda, da Record, e Masterchef, da Band, foi detida na madrugada desta segunda (3), em Salvador, por suspeita de tr\u00e1fico de drogas. A informa\u00e7\u00e3o \u00e9 do jornalista Gabriel Vaquer, da Folha de S. Paulo, e foi confirmada pela pol\u00edcia. Aritana dever\u00e1 passar por audi\u00eancia&hellip;","jetpack_sharing_enabled":true,"jetpack_likes_enabled":true,"_links":{"self":[{"href":"https:\/\/blogopara.com.br\/index.php\/wp-json\/wp\/v2\/posts\/73328","targetHints":{"allow":["GET"]}}],"collection":[{"href":"https:\/\/blogopara.com.br\/index.php\/wp-json\/wp\/v2\/posts"}],"about":[{"href":"https:\/\/blogopara.com.br\/index.php\/wp-json\/wp\/v2\/types\/post"}],"author":[{"embeddable":true,"href":"https:\/\/blogopara.com.br\/index.php\/wp-json\/wp\/v2\/users\/1"}],"replies":[{"embeddable":true,"href":"https:\/\/blogopara.com.br\/index.php\/wp-json\/wp\/v2\/comments?post=73328"}],"version-history":[{"count":1,"href":"https:\/\/blogopara.com.br\/index.php\/wp-json\/wp\/v2\/posts\/73328\/revisions"}],"predecessor-version":[{"id":73330,"href":"https:\/\/blogopara.com.br\/index.php\/wp-json\/wp\/v2\/posts\/73328\/revisions\/73330"}],"wp:featuredmedia":[{"embeddable":true,"href":"https:\/\/blogopara.com.br\/index.php\/wp-json\/wp\/v2\/media\/73329"}],"wp:attachment":[{"href":"https:\/\/blogopara.com.br\/index.php\/wp-json\/wp\/v2\/media?parent=73328"}],"wp:term":[{"taxonomy":"category","embeddable":true,"href":"https:\/\/blogopara.com.br\/index.php\/wp-json\/wp\/v2\/categories?post=73328"},{"taxonomy":"post_tag","embeddable":true,"href":"https:\/\/blogopara.com.br\/index.php\/wp-json\/wp\/v2\/tags?post=73328"}],"curies":[{"name":"wp","href":"https:\/\/api.w.org\/{rel}","templated":true}]}}