{"id":73348,"date":"2025-03-05T10:15:45","date_gmt":"2025-03-05T13:15:45","guid":{"rendered":"https:\/\/blogopara.com.br\/?p=73348"},"modified":"2025-03-05T10:15:45","modified_gmt":"2025-03-05T13:15:45","slug":"critico-da-federacao-pt-pcdob-pv-valmir-assuncao-diz-mudar-de-ideia-se-for-o-preco-para-continuar-governando-a-bahia","status":"publish","type":"post","link":"https:\/\/blogopara.com.br\/index.php\/2025\/03\/05\/critico-da-federacao-pt-pcdob-pv-valmir-assuncao-diz-mudar-de-ideia-se-for-o-preco-para-continuar-governando-a-bahia","title":{"rendered":"Cr\u00edtico da federa\u00e7\u00e3o PT-PCdoB-PV, Valmir Assun\u00e7\u00e3o diz mudar de ideia \u201cse for o pre\u00e7o para continuar governando a Bahia\u201d"},"content":{"rendered":"<div class=\"flexivel-interno\">\n<div class=\"fb-like fb_iframe_widget\" data-href=\"https:\/\/politicalivre.com.br\/2025\/03\/critico-da-federacao-pt-pcdob-pv-valmir-assuncao-diz-mudar-de-ideia-se-for-o-preco-para-continuar-governando-a-bahia\/\" data-width=\"\" data-layout=\"button_count\" data-action=\"like\" data-size=\"small\" data-show-faces=\"true\" data-share=\"false\"><span style=\"font-size: 1rem;\">O deputado federal Valmir Assun\u00e7\u00e3o (PT-BA) afirmou que defende rediscutir a composi\u00e7\u00e3o do PT com o PCdoB e PV por considerar que a federa\u00e7\u00e3o formada em 2022 imp\u00f4s desafios e at\u00e9 preju\u00edzos na elei\u00e7\u00e3o de parlamentares petistas.<\/span><\/div>\n<\/div>\n<p>Em entrevista ao\u00a0<strong>Pol\u00edtica Livre<\/strong>, ele afirmou que uma ala do partido, incluindo o presidente Lula pensam at\u00e9 na possibilidade de ampliar a alian\u00e7a, desde que o novo desenho permita a sigla continuar governando a Bahia e o Brasil.<\/p>\n<p>\u201cEu sou a favor de rediscutir a federa\u00e7\u00e3o [\u2026] Como nosso objetivo \u00e9 continuar governando o Brasil e a Bahia, se esse for o pre\u00e7o para isso, seja bem-vinda a federa\u00e7\u00e3o, mesmo sabendo que ela acaba prejudicando um conjunto de deputados do PT\u201d, afirmou Valmir.<\/p>\n<p>Com a federa\u00e7\u00e3o, a bancada estadual do PT perdeu quatro cadeiras na Assembleia Legislativa da Bahia (AL-BA) e fez apenas uma vereadora em Salvador, Marta Rodrigues \u2013 irm\u00e3 do governador Jer\u00f4nimo Rodrigues.<\/p>\n<p>Segundo Valmir, o futuro da federa\u00e7\u00e3o ser\u00e1 tema dos embates em curso na legenda por ocasi\u00e3o das elei\u00e7\u00f5es internas, considerando em primeiro plano oferecer as condi\u00e7\u00f5es de reelei\u00e7\u00e3o de Lula e Jer\u00f4nimo.<\/p>\n<p>\u201cEu tenho certeza que o PT vai dialogar, debater, para ver o melhor caminho, mas eu sempre acho que o melhor caminho \u00e9 termos uma pol\u00edtica que ajude o presidente Lula a governar o Brasil e Jer\u00f4nimo a governar a Bahia\u201d, concluiu o deputado.<\/p>\n<p>&nbsp;<\/p>\n<p><span class=\"assinatura_exclusiva\">Pol\u00edtica Livre<\/span><\/p>\n","protected":false},"excerpt":{"rendered":"<p>O deputado federal Valmir Assun\u00e7\u00e3o (PT-BA) afirmou que defende rediscutir a composi\u00e7\u00e3o do PT com o PCdoB e PV por considerar que a federa\u00e7\u00e3o formada em 2022 imp\u00f4s desafios e at\u00e9 preju\u00edzos na elei\u00e7\u00e3o de parlamentares petistas. Em entrevista ao\u00a0Pol\u00edtica Livre, ele afirmou que uma ala do partido, incluindo o presidente Lula pensam at\u00e9 na [&hellip;]<\/p>\n","protected":false},"author":1,"featured_media":23661,"comment_status":"open","ping_status":"open","sticky":false,"template":"","format":"standard","meta":{"_uag_custom_page_level_css":"","_monsterinsights_skip_tracking":false,"_monsterinsights_sitenote_active":false,"_monsterinsights_sitenote_note":"","_monsterinsights_sitenote_category":0,"jetpack_post_was_ever_published":false,"_jetpack_newsletter_access":"","_jetpack_dont_email_post_to_subs":false,"_jetpack_newsletter_tier_id":0,"_jetpack_memberships_contains_paywalled_content":false,"_jetpack_memberships_contains_paid_content":false,"footnotes":"","jetpack_publicize_message":"","jetpack_publicize_feature_enabled":true,"jetpack_social_post_already_shared":true,"jetpack_social_options":{"image_generator_settings":{"template":"highway","default_image_id":0,"font":"","enabled":false},"version":2}},"categories":[199,197],"tags":[],"class_list":["post-73348","post","type-post","status-publish","format-standard","has-post-thumbnail","hentry","category-bahia","category-politica"],"jetpack_publicize_connections":[],"jetpack_featured_media_url":"https:\/\/blogopara.com.br\/wp-content\/uploads\/2021\/05\/O-deputado-federal-Valmir-Assuncao-696x464-1.jpg","uagb_featured_image_src":{"full":["https:\/\/blogopara.com.br\/wp-content\/uploads\/2021\/05\/O-deputado-federal-Valmir-Assuncao-696x464-1.jpg",500,333,false],"thumbnail":["https:\/\/blogopara.com.br\/wp-content\/uploads\/2021\/05\/O-deputado-federal-Valmir-Assuncao-696x464-1-150x150.jpg",150,150,true],"medium":["https:\/\/blogopara.com.br\/wp-content\/uploads\/2021\/05\/O-deputado-federal-Valmir-Assuncao-696x464-1-300x200.jpg",300,200,true],"medium_large":["https:\/\/blogopara.com.br\/wp-content\/uploads\/2021\/05\/O-deputado-federal-Valmir-Assuncao-696x464-1.jpg",500,333,false],"large":["https:\/\/blogopara.com.br\/wp-content\/uploads\/2021\/05\/O-deputado-federal-Valmir-Assuncao-696x464-1.jpg",500,333,false],"1536x1536":["https:\/\/blogopara.com.br\/wp-content\/uploads\/2021\/05\/O-deputado-federal-Valmir-Assuncao-696x464-1.jpg",500,333,false],"2048x2048":["https:\/\/blogopara.com.br\/wp-content\/uploads\/2021\/05\/O-deputado-federal-Valmir-Assuncao-696x464-1.jpg",500,333,false],"mantranews-slider-large":["https:\/\/blogopara.com.br\/wp-content\/uploads\/2021\/05\/O-deputado-federal-Valmir-Assuncao-696x464-1.jpg",500,333,false],"mantranews-featured-medium":["https:\/\/blogopara.com.br\/wp-content\/uploads\/2021\/05\/O-deputado-federal-Valmir-Assuncao-696x464-1-420x307.jpg",420,307,true],"mantranews-featured-long":["https:\/\/blogopara.com.br\/wp-content\/uploads\/2021\/05\/O-deputado-federal-Valmir-Assuncao-696x464-1-300x333.jpg",300,333,true],"mantranews-block-medium":["https:\/\/blogopara.com.br\/wp-content\/uploads\/2021\/05\/O-deputado-federal-Valmir-Assuncao-696x464-1-464x290.jpg",464,290,true],"mantranews-carousel-image":["https:\/\/blogopara.com.br\/wp-content\/uploads\/2021\/05\/O-deputado-federal-Valmir-Assuncao-696x464-1.jpg",500,333,false],"mantranews-block-thumb":["https:\/\/blogopara.com.br\/wp-content\/uploads\/2021\/05\/O-deputado-federal-Valmir-Assuncao-696x464-1-322x230.jpg",322,230,true],"mantranews-single-large":["https:\/\/blogopara.com.br\/wp-content\/uploads\/2021\/05\/O-deputado-federal-Valmir-Assuncao-696x464-1.jpg",500,333,false]},"uagb_author_info":{"display_name":"Reda\u00e7\u00e3o geral","author_link":"https:\/\/blogopara.com.br\/index.php\/author\/blogopara"},"uagb_comment_info":0,"uagb_excerpt":"O deputado federal Valmir Assun\u00e7\u00e3o (PT-BA) afirmou que defende rediscutir a composi\u00e7\u00e3o do PT com o PCdoB e PV por considerar que a federa\u00e7\u00e3o formada em 2022 imp\u00f4s desafios e at\u00e9 preju\u00edzos na elei\u00e7\u00e3o de parlamentares petistas. Em entrevista ao\u00a0Pol\u00edtica Livre, ele afirmou que uma ala do partido, incluindo o presidente Lula pensam at\u00e9 na&hellip;","jetpack_sharing_enabled":true,"jetpack_likes_enabled":true,"_links":{"self":[{"href":"https:\/\/blogopara.com.br\/index.php\/wp-json\/wp\/v2\/posts\/73348","targetHints":{"allow":["GET"]}}],"collection":[{"href":"https:\/\/blogopara.com.br\/index.php\/wp-json\/wp\/v2\/posts"}],"about":[{"href":"https:\/\/blogopara.com.br\/index.php\/wp-json\/wp\/v2\/types\/post"}],"author":[{"embeddable":true,"href":"https:\/\/blogopara.com.br\/index.php\/wp-json\/wp\/v2\/users\/1"}],"replies":[{"embeddable":true,"href":"https:\/\/blogopara.com.br\/index.php\/wp-json\/wp\/v2\/comments?post=73348"}],"version-history":[{"count":1,"href":"https:\/\/blogopara.com.br\/index.php\/wp-json\/wp\/v2\/posts\/73348\/revisions"}],"predecessor-version":[{"id":73349,"href":"https:\/\/blogopara.com.br\/index.php\/wp-json\/wp\/v2\/posts\/73348\/revisions\/73349"}],"wp:featuredmedia":[{"embeddable":true,"href":"https:\/\/blogopara.com.br\/index.php\/wp-json\/wp\/v2\/media\/23661"}],"wp:attachment":[{"href":"https:\/\/blogopara.com.br\/index.php\/wp-json\/wp\/v2\/media?parent=73348"}],"wp:term":[{"taxonomy":"category","embeddable":true,"href":"https:\/\/blogopara.com.br\/index.php\/wp-json\/wp\/v2\/categories?post=73348"},{"taxonomy":"post_tag","embeddable":true,"href":"https:\/\/blogopara.com.br\/index.php\/wp-json\/wp\/v2\/tags?post=73348"}],"curies":[{"name":"wp","href":"https:\/\/api.w.org\/{rel}","templated":true}]}}