{"id":73355,"date":"2025-03-05T10:28:49","date_gmt":"2025-03-05T13:28:49","guid":{"rendered":"https:\/\/blogopara.com.br\/?p=73355"},"modified":"2025-03-05T10:28:49","modified_gmt":"2025-03-05T13:28:49","slug":"papa-permanece-estavel-e-sem-novos-episodios-de-insuficiencia-respiratoria-diz-vaticano","status":"publish","type":"post","link":"https:\/\/blogopara.com.br\/index.php\/2025\/03\/05\/papa-permanece-estavel-e-sem-novos-episodios-de-insuficiencia-respiratoria-diz-vaticano","title":{"rendered":"Papa permanece est\u00e1vel e sem novos epis\u00f3dios de insufici\u00eancia respirat\u00f3ria, diz Vaticano"},"content":{"rendered":"<div class=\"flexivel-interno\">\n<div class=\"fb-like fb_iframe_widget\" data-href=\"https:\/\/politicalivre.com.br\/2025\/03\/papa-permanece-estavel-e-sem-novos-episodios-de-insuficiencia-respiratoria-diz-vaticano\/\" data-width=\"\" data-layout=\"button_count\" data-action=\"like\" data-size=\"small\" data-show-faces=\"true\" data-share=\"false\"><span style=\"font-size: 1rem;\">A sa\u00fade do papa Francisco permanece est\u00e1vel, segundo boletim vespertino divulgado pelo Vaticano nesta ter\u00e7a-feira, 4. De acordo com o comunicado, o Papa n\u00e3o teve novos epis\u00f3dios de insufici\u00eancia respirat\u00f3ria ou broncoespasmo.<\/span><\/div>\n<\/div>\n<p>O Vaticano informou que o papa passou a usar oxigenoterapia de alto fluxo na manh\u00e3 desta ter\u00e7a-feira. Na noite de hoje, o Papa voltar\u00e1 a ter ventila\u00e7\u00e3o mec\u00e2nica n\u00e3o invasiva, at\u00e9 a manh\u00e3 de quarta-feira.<\/p>\n<p>\u201cA condi\u00e7\u00e3o cl\u00ednica do Santo Padre permaneceu est\u00e1vel hoje. Ele n\u00e3o apresentou epis\u00f3dios de insufici\u00eancia respirat\u00f3ria nem broncoespasmo. Ele permaneceu apir\u00e9tico, sempre alerta, cooperando com a terapia e orientado. Esta manh\u00e3, passou a usar oxigenoterapia de alto fluxo e realizou a fisioterapia respirat\u00f3ria. Hoje \u00e0 noite, conforme planejado, a ventila\u00e7\u00e3o mec\u00e2nica n\u00e3o invasiva ser\u00e1 retomada at\u00e9 amanh\u00e3 de manh\u00e3\u201d, afirmou o Vaticano.<\/p>\n<p>\u201cO progn\u00f3stico permanece reservado. Durante o dia, alternou ora\u00e7\u00e3o e repouso e recebeu a Eucaristia esta manh\u00e3\u201d, completou.<\/p>\n<p>Na segunda-feira, o papa sofreu dois epis\u00f3dios de insufici\u00eancia respirat\u00f3ria aguda. Os epis\u00f3dios foram causados por um significativo ac\u00famulo de muco endobr\u00f4nquico e consequente broncospasmo. A ventila\u00e7\u00e3o mec\u00e2nica n\u00e3o invasiva foi retomada no per\u00edodo da tarde ap\u00f3s a realiza\u00e7\u00e3o de duas broncoscopias com a necessidade de aspira\u00e7\u00e3o de secre\u00e7\u00f5es, ainda de acordo com a institui\u00e7\u00e3o. O papa Francisco, de 88 anos, est\u00e1 internado em Roma (It\u00e1lia) desde 14 de fevereiro ap\u00f3s um surto de bronquite.<\/p>\n<p><span class=\"assinatura_exclusiva\">Gabriel Hirabahasi\/Estad\u00e3o Conte\u00fado<\/span><\/p>\n","protected":false},"excerpt":{"rendered":"<p>A sa\u00fade do papa Francisco permanece est\u00e1vel, segundo boletim vespertino divulgado pelo Vaticano nesta ter\u00e7a-feira, 4. De acordo com o comunicado, o Papa n\u00e3o teve novos epis\u00f3dios de insufici\u00eancia respirat\u00f3ria ou broncoespasmo. O Vaticano informou que o papa passou a usar oxigenoterapia de alto fluxo na manh\u00e3 desta ter\u00e7a-feira. Na noite de hoje, o Papa [&hellip;]<\/p>\n","protected":false},"author":1,"featured_media":48379,"comment_status":"open","ping_status":"open","sticky":false,"template":"","format":"standard","meta":{"_uag_custom_page_level_css":"","_monsterinsights_skip_tracking":false,"_monsterinsights_sitenote_active":false,"_monsterinsights_sitenote_note":"","_monsterinsights_sitenote_category":0,"jetpack_post_was_ever_published":false,"_jetpack_newsletter_access":"","_jetpack_dont_email_post_to_subs":false,"_jetpack_newsletter_tier_id":0,"_jetpack_memberships_contains_paywalled_content":false,"_jetpack_memberships_contains_paid_content":false,"footnotes":"","jetpack_publicize_message":"","jetpack_publicize_feature_enabled":true,"jetpack_social_post_already_shared":true,"jetpack_social_options":{"image_generator_settings":{"template":"highway","default_image_id":0,"font":"","enabled":false},"version":2}},"categories":[273],"tags":[],"class_list":["post-73355","post","type-post","status-publish","format-standard","has-post-thumbnail","hentry","category-mundo"],"jetpack_publicize_connections":[],"jetpack_featured_media_url":"https:\/\/blogopara.com.br\/wp-content\/uploads\/2023\/01\/papa-e1673285970268.jpg","uagb_featured_image_src":{"full":["https:\/\/blogopara.com.br\/wp-content\/uploads\/2023\/01\/papa-e1673285970268.jpg",500,333,false],"thumbnail":["https:\/\/blogopara.com.br\/wp-content\/uploads\/2023\/01\/papa-150x150.jpg",150,150,true],"medium":["https:\/\/blogopara.com.br\/wp-content\/uploads\/2023\/01\/papa-300x200.jpg",300,200,true],"medium_large":["https:\/\/blogopara.com.br\/wp-content\/uploads\/2023\/01\/papa-e1673285970268.jpg",500,333,false],"large":["https:\/\/blogopara.com.br\/wp-content\/uploads\/2023\/01\/papa-e1673285970268.jpg",500,333,false],"1536x1536":["https:\/\/blogopara.com.br\/wp-content\/uploads\/2023\/01\/papa-e1673285970268.jpg",500,333,false],"2048x2048":["https:\/\/blogopara.com.br\/wp-content\/uploads\/2023\/01\/papa-e1673285970268.jpg",500,333,false],"mantranews-slider-large":["https:\/\/blogopara.com.br\/wp-content\/uploads\/2023\/01\/papa-e1673285970268.jpg",500,333,false],"mantranews-featured-medium":["https:\/\/blogopara.com.br\/wp-content\/uploads\/2023\/01\/papa-420x307.jpg",420,307,true],"mantranews-featured-long":["https:\/\/blogopara.com.br\/wp-content\/uploads\/2023\/01\/papa-300x443.jpg",300,443,true],"mantranews-block-medium":["https:\/\/blogopara.com.br\/wp-content\/uploads\/2023\/01\/papa-464x290.jpg",464,290,true],"mantranews-carousel-image":["https:\/\/blogopara.com.br\/wp-content\/uploads\/2023\/01\/papa-600x470.jpg",600,470,true],"mantranews-block-thumb":["https:\/\/blogopara.com.br\/wp-content\/uploads\/2023\/01\/papa-322x230.jpg",322,230,true],"mantranews-single-large":["https:\/\/blogopara.com.br\/wp-content\/uploads\/2023\/01\/papa-e1673285970268.jpg",500,333,false]},"uagb_author_info":{"display_name":"Reda\u00e7\u00e3o geral","author_link":"https:\/\/blogopara.com.br\/index.php\/author\/blogopara"},"uagb_comment_info":0,"uagb_excerpt":"A sa\u00fade do papa Francisco permanece est\u00e1vel, segundo boletim vespertino divulgado pelo Vaticano nesta ter\u00e7a-feira, 4. De acordo com o comunicado, o Papa n\u00e3o teve novos epis\u00f3dios de insufici\u00eancia respirat\u00f3ria ou broncoespasmo. O Vaticano informou que o papa passou a usar oxigenoterapia de alto fluxo na manh\u00e3 desta ter\u00e7a-feira. Na noite de hoje, o Papa&hellip;","jetpack_sharing_enabled":true,"jetpack_likes_enabled":true,"_links":{"self":[{"href":"https:\/\/blogopara.com.br\/index.php\/wp-json\/wp\/v2\/posts\/73355","targetHints":{"allow":["GET"]}}],"collection":[{"href":"https:\/\/blogopara.com.br\/index.php\/wp-json\/wp\/v2\/posts"}],"about":[{"href":"https:\/\/blogopara.com.br\/index.php\/wp-json\/wp\/v2\/types\/post"}],"author":[{"embeddable":true,"href":"https:\/\/blogopara.com.br\/index.php\/wp-json\/wp\/v2\/users\/1"}],"replies":[{"embeddable":true,"href":"https:\/\/blogopara.com.br\/index.php\/wp-json\/wp\/v2\/comments?post=73355"}],"version-history":[{"count":1,"href":"https:\/\/blogopara.com.br\/index.php\/wp-json\/wp\/v2\/posts\/73355\/revisions"}],"predecessor-version":[{"id":73359,"href":"https:\/\/blogopara.com.br\/index.php\/wp-json\/wp\/v2\/posts\/73355\/revisions\/73359"}],"wp:featuredmedia":[{"embeddable":true,"href":"https:\/\/blogopara.com.br\/index.php\/wp-json\/wp\/v2\/media\/48379"}],"wp:attachment":[{"href":"https:\/\/blogopara.com.br\/index.php\/wp-json\/wp\/v2\/media?parent=73355"}],"wp:term":[{"taxonomy":"category","embeddable":true,"href":"https:\/\/blogopara.com.br\/index.php\/wp-json\/wp\/v2\/categories?post=73355"},{"taxonomy":"post_tag","embeddable":true,"href":"https:\/\/blogopara.com.br\/index.php\/wp-json\/wp\/v2\/tags?post=73355"}],"curies":[{"name":"wp","href":"https:\/\/api.w.org\/{rel}","templated":true}]}}