{"id":73417,"date":"2025-03-06T16:55:04","date_gmt":"2025-03-06T19:55:04","guid":{"rendered":"https:\/\/blogopara.com.br\/?p=73417"},"modified":"2025-03-06T17:13:21","modified_gmt":"2025-03-06T20:13:21","slug":"descaso-orla-de-juazeiro-quase-4-dias-no-escuro","status":"publish","type":"post","link":"https:\/\/blogopara.com.br\/index.php\/2025\/03\/06\/descaso-orla-de-juazeiro-quase-4-dias-no-escuro","title":{"rendered":"Descaso: Orla de Juazeiro Quase 4 Dias no Escuro"},"content":{"rendered":"<div class=\"flex max-w-full flex-col flex-grow\">\n<div class=\"min-h-8 text-message relative flex w-full flex-col items-end gap-2 whitespace-normal break-words text-start [.text-message+&amp;]:mt-5\" dir=\"auto\" data-message-author-role=\"assistant\" data-message-id=\"e51128b4-bdcc-4178-b08c-a490eefe528a\" data-message-model-slug=\"gpt-4o\">\n<div class=\"flex w-full flex-col gap-1 empty:hidden first:pt-[3px]\">\n<div class=\"markdown prose w-full break-words dark:prose-invert dark\">\n<p data-start=\"0\" data-end=\"322\">A falta de manuten\u00e7\u00e3o dos servi\u00e7os p\u00fablicos em Juazeiro segue preocupando a popula\u00e7\u00e3o. Ap\u00f3s den\u00fancias sobre a aus\u00eancia de limpeza em determinadas \u00e1reas da cidade, agora surge um novo problema: os refletores da orla est\u00e3o apagados h\u00e1 quase quatro dias, deixando a regi\u00e3o \u00e0s escuras e aumentando a sensa\u00e7\u00e3o de inseguran\u00e7a.<\/p>\n<p data-start=\"324\" data-end=\"671\">Um leitor relatou que a escurid\u00e3o tem agravado a presen\u00e7a de usu\u00e1rios de drogas no local, tornando o ambiente ainda mais perigoso para quem precisa passar por ali \u00e0 noite. &#8220;N\u00e3o basta estar escuro, a gente tamb\u00e9m tem que se sentir acuado, com medo de ser assaltado ou coisa pior. Parece que Juazeiro virou terra sem lei&#8221;, desabafou o denunciante.<\/p>\n<p data-start=\"673\" data-end=\"1014\" data-is-last-node=\"\" data-is-only-node=\"\">A situa\u00e7\u00e3o exige uma resposta imediata da gest\u00e3o municipal, especialmente da pasta sob responsabilidade do secret\u00e1rio Rom\u00e1rio Varj\u00e3o, para garantir ilumina\u00e7\u00e3o e, por consequ\u00eancia, a seguran\u00e7a do local. Enquanto isso, o que tem minimizado a escurid\u00e3o s\u00e3o os refletores de alguns estabelecimentos pr\u00f3ximos, que acabam iluminando parte da orla II.<\/p>\n<\/div>\n<\/div>\n<\/div>\n<\/div>\n<div class=\"mb-2 flex gap-3 -ml-2\" tabindex=\"0\">\n<div class=\"items-center justify-start rounded-xl p-1 flex\">\n<div class=\"flex items-center\">\n<div class=\"flex items-center pb-0\"><\/div>\n<\/div>\n<\/div>\n<\/div>\n","protected":false},"excerpt":{"rendered":"<p>A falta de manuten\u00e7\u00e3o dos servi\u00e7os p\u00fablicos em Juazeiro segue preocupando a popula\u00e7\u00e3o. Ap\u00f3s den\u00fancias sobre a aus\u00eancia de limpeza em determinadas \u00e1reas da cidade, agora surge um novo problema: os refletores da orla est\u00e3o apagados h\u00e1 quase quatro dias, deixando a regi\u00e3o \u00e0s escuras e aumentando a sensa\u00e7\u00e3o de inseguran\u00e7a. Um leitor relatou que [&hellip;]<\/p>\n","protected":false},"author":1,"featured_media":73422,"comment_status":"open","ping_status":"open","sticky":false,"template":"","format":"standard","meta":{"_uag_custom_page_level_css":"","_monsterinsights_skip_tracking":false,"_monsterinsights_sitenote_active":false,"_monsterinsights_sitenote_note":"","_monsterinsights_sitenote_category":0,"jetpack_post_was_ever_published":false,"_jetpack_newsletter_access":"","_jetpack_dont_email_post_to_subs":false,"_jetpack_newsletter_tier_id":0,"_jetpack_memberships_contains_paywalled_content":false,"_jetpack_memberships_contains_paid_content":false,"footnotes":"","jetpack_publicize_message":"","jetpack_publicize_feature_enabled":true,"jetpack_social_post_already_shared":true,"jetpack_social_options":{"image_generator_settings":{"template":"highway","default_image_id":0,"font":"","enabled":false},"version":2}},"categories":[207,203],"tags":[],"class_list":["post-73417","post","type-post","status-publish","format-standard","has-post-thumbnail","hentry","category-denuncia","category-juazeiro"],"jetpack_publicize_connections":[],"jetpack_featured_media_url":"https:\/\/blogopara.com.br\/wp-content\/uploads\/2025\/03\/Design-sem-nome-6-e1741291996919.jpg","uagb_featured_image_src":{"full":["https:\/\/blogopara.com.br\/wp-content\/uploads\/2025\/03\/Design-sem-nome-6-e1741291996919.jpg",500,281,false],"thumbnail":["https:\/\/blogopara.com.br\/wp-content\/uploads\/2025\/03\/Design-sem-nome-6-150x150.jpg",150,150,true],"medium":["https:\/\/blogopara.com.br\/wp-content\/uploads\/2025\/03\/Design-sem-nome-6-300x169.jpg",300,169,true],"medium_large":["https:\/\/blogopara.com.br\/wp-content\/uploads\/2025\/03\/Design-sem-nome-6-768x432.jpg",640,360,true],"large":["https:\/\/blogopara.com.br\/wp-content\/uploads\/2025\/03\/Design-sem-nome-6-1024x576.jpg",640,360,true],"1536x1536":["https:\/\/blogopara.com.br\/wp-content\/uploads\/2025\/03\/Design-sem-nome-6-1536x864.jpg",1536,864,true],"2048x2048":["https:\/\/blogopara.com.br\/wp-content\/uploads\/2025\/03\/Design-sem-nome-6-e1741291996919.jpg",500,281,false],"mantranews-slider-large":["https:\/\/blogopara.com.br\/wp-content\/uploads\/2025\/03\/Design-sem-nome-6-1020x741.jpg",1020,741,true],"mantranews-featured-medium":["https:\/\/blogopara.com.br\/wp-content\/uploads\/2025\/03\/Design-sem-nome-6-420x307.jpg",420,307,true],"mantranews-featured-long":["https:\/\/blogopara.com.br\/wp-content\/uploads\/2025\/03\/Design-sem-nome-6-300x443.jpg",300,443,true],"mantranews-block-medium":["https:\/\/blogopara.com.br\/wp-content\/uploads\/2025\/03\/Design-sem-nome-6-464x290.jpg",464,290,true],"mantranews-carousel-image":["https:\/\/blogopara.com.br\/wp-content\/uploads\/2025\/03\/Design-sem-nome-6-600x500.jpg",600,500,true],"mantranews-block-thumb":["https:\/\/blogopara.com.br\/wp-content\/uploads\/2025\/03\/Design-sem-nome-6-322x230.jpg",322,230,true],"mantranews-single-large":["https:\/\/blogopara.com.br\/wp-content\/uploads\/2025\/03\/Design-sem-nome-6-1210x642.jpg",1210,642,true]},"uagb_author_info":{"display_name":"Reda\u00e7\u00e3o geral","author_link":"https:\/\/blogopara.com.br\/index.php\/author\/blogopara"},"uagb_comment_info":0,"uagb_excerpt":"A falta de manuten\u00e7\u00e3o dos servi\u00e7os p\u00fablicos em Juazeiro segue preocupando a popula\u00e7\u00e3o. Ap\u00f3s den\u00fancias sobre a aus\u00eancia de limpeza em determinadas \u00e1reas da cidade, agora surge um novo problema: os refletores da orla est\u00e3o apagados h\u00e1 quase quatro dias, deixando a regi\u00e3o \u00e0s escuras e aumentando a sensa\u00e7\u00e3o de inseguran\u00e7a. Um leitor relatou que&hellip;","jetpack_sharing_enabled":true,"jetpack_likes_enabled":true,"_links":{"self":[{"href":"https:\/\/blogopara.com.br\/index.php\/wp-json\/wp\/v2\/posts\/73417","targetHints":{"allow":["GET"]}}],"collection":[{"href":"https:\/\/blogopara.com.br\/index.php\/wp-json\/wp\/v2\/posts"}],"about":[{"href":"https:\/\/blogopara.com.br\/index.php\/wp-json\/wp\/v2\/types\/post"}],"author":[{"embeddable":true,"href":"https:\/\/blogopara.com.br\/index.php\/wp-json\/wp\/v2\/users\/1"}],"replies":[{"embeddable":true,"href":"https:\/\/blogopara.com.br\/index.php\/wp-json\/wp\/v2\/comments?post=73417"}],"version-history":[{"count":2,"href":"https:\/\/blogopara.com.br\/index.php\/wp-json\/wp\/v2\/posts\/73417\/revisions"}],"predecessor-version":[{"id":73488,"href":"https:\/\/blogopara.com.br\/index.php\/wp-json\/wp\/v2\/posts\/73417\/revisions\/73488"}],"wp:featuredmedia":[{"embeddable":true,"href":"https:\/\/blogopara.com.br\/index.php\/wp-json\/wp\/v2\/media\/73422"}],"wp:attachment":[{"href":"https:\/\/blogopara.com.br\/index.php\/wp-json\/wp\/v2\/media?parent=73417"}],"wp:term":[{"taxonomy":"category","embeddable":true,"href":"https:\/\/blogopara.com.br\/index.php\/wp-json\/wp\/v2\/categories?post=73417"},{"taxonomy":"post_tag","embeddable":true,"href":"https:\/\/blogopara.com.br\/index.php\/wp-json\/wp\/v2\/tags?post=73417"}],"curies":[{"name":"wp","href":"https:\/\/api.w.org\/{rel}","templated":true}]}}