{"id":73455,"date":"2025-03-08T06:23:04","date_gmt":"2025-03-08T09:23:04","guid":{"rendered":"https:\/\/blogopara.com.br\/?p=73455"},"modified":"2025-03-08T08:28:53","modified_gmt":"2025-03-08T11:28:53","slug":"pmba-sargento-sofre-racismo-institucional-durante-o-carnaval-de-2025","status":"publish","type":"post","link":"https:\/\/blogopara.com.br\/index.php\/2025\/03\/08\/pmba-sargento-sofre-racismo-institucional-durante-o-carnaval-de-2025","title":{"rendered":"PMBA: Sargento sofre racismo institucional durante o carnaval de 2025"},"content":{"rendered":"<p>O que era uma foto institucional para demonstrar o valor e o brio das mulheres na Pol\u00edcia Militar da Bahia durante a opera\u00e7\u00e3o Carnaval\/2025, evidenciou o racismo institucional que ainda est\u00e1 enraizado na sociedade brasileira.<\/p>\n<p>A sargento PM conhecida por Wellingtania lotada na CIPE Nordeste, juntamente com mais duas militares foram convidadas pelo fot\u00f3grafo institucional da PMBA, para que as mesmas concedessem e autorizassem uma foto para ser postada nas redes sociais da corpora\u00e7\u00e3o. Autoriza\u00e7\u00e3o concedida, e as militares posaram para a foto.<\/p>\n<p>O resultado virou uma grande frustra\u00e7\u00e3o e revolta. A foto original com as tr\u00eas militares foi editada, e postaram no instagram institucional da PMBA, somente a foto com duas militares, coincidentemente de pele mais clara do que da Sgt Wellingtania.<\/p>\n<p>A postagem est\u00e1 sendo duramente criticada pelos internautas que questionam porque cortaram a sargento da foto. &#8220;por que s\u00f3 postou as clarinhas, se estavam todas juntas e todas deram autoriza\u00e7\u00e3o?&#8221;, &#8220;Por que a sargento\u00a0@wellingtania_76 foi cortada da foto?&#8221;; &#8220;Minha best friend\u00a0<a class=\"x1i10hfl xjbqb8w x1ejq31n xd10rxx x1sy0etr x17r0tee x972fbf xcfux6l x1qhh985 xm0m39n x9f619 x1ypdohk xt0psk2 xe8uvvx xdj266r x11i5rnm xat24cr x1mh8g0r xexx8yu x4uap5 x18d9i69 xkhd6sd x16tdsg8 x1hl2dhg xggy1nq x1a2a7pz notranslate _a6hd\" tabindex=\"0\" role=\"link\" href=\"https:\/\/www.instagram.com\/wellingtania_76\/\">@wellingtania_76<\/a> , \u00e9 muito maior que isso&#8221;; &#8220;Queremos a foto original&#8221;.<\/p>\n<p>Quem conhece a Sargento Wellingtania, sabe do seu profissionalismo, da sua dedica\u00e7\u00e3o ao servi\u00e7o, e o quanto \u00e9 extramente operacional. Mas nem sempre essas qualidades nos isenta do preconceito e do racismo.<\/p>\n<p>Observando a p\u00e1gina da PMBA no instagram percebe-se o clareamento das postagens, antes do fato com a sargento, poucas mulheres negras nas postagens, p\u00f3s epis\u00f3dio, fizeram uma postaram para disfar\u00e7ar.<\/p>\n<p>O mais triste \u00e9 saber que a PMBA recentemente fez 200 anos de hist\u00f3ria, mas pelo jeito os homens e as mulheres negras que lutam e lutaram para fazer a PMBA grande, n\u00e3o est\u00e3o sendo reconhecidos como partes dessa hist\u00f3ria.<\/p>\n<p>Expressamos a nossa solidariedade a Sgt Wellingtania!!<\/p>\n","protected":false},"excerpt":{"rendered":"<p>O que era uma foto institucional para demonstrar o valor e o brio das mulheres na Pol\u00edcia Militar da Bahia durante a opera\u00e7\u00e3o Carnaval\/2025, evidenciou o racismo institucional que ainda est\u00e1 enraizado na sociedade brasileira. A sargento PM conhecida por Wellingtania lotada na CIPE Nordeste, juntamente com mais duas militares foram convidadas pelo fot\u00f3grafo institucional [&hellip;]<\/p>\n","protected":false},"author":1,"featured_media":73456,"comment_status":"open","ping_status":"open","sticky":false,"template":"","format":"standard","meta":{"_uag_custom_page_level_css":"","_monsterinsights_skip_tracking":false,"_monsterinsights_sitenote_active":false,"_monsterinsights_sitenote_note":"","_monsterinsights_sitenote_category":0,"jetpack_post_was_ever_published":false,"_jetpack_newsletter_access":"","_jetpack_dont_email_post_to_subs":false,"_jetpack_newsletter_tier_id":0,"_jetpack_memberships_contains_paywalled_content":false,"_jetpack_memberships_contains_paid_content":false,"footnotes":"","jetpack_publicize_message":"","jetpack_publicize_feature_enabled":true,"jetpack_social_post_already_shared":true,"jetpack_social_options":{"image_generator_settings":{"template":"highway","default_image_id":0,"font":"","enabled":false},"version":2}},"categories":[199,202],"tags":[11821,11463,90,10099,182,314,315,4889],"class_list":["post-73455","post","type-post","status-publish","format-standard","has-post-thumbnail","hentry","category-bahia","category-policia","tag-carnaval-2025","tag-coronel-coutinho","tag-crime","tag-jeronimo-rodrigues-2","tag-pmba","tag-preconceito","tag-racismo","tag-ssp-ba"],"jetpack_publicize_connections":[],"jetpack_featured_media_url":"https:\/\/blogopara.com.br\/wp-content\/uploads\/2025\/03\/Design-sem-nome.jpg","uagb_featured_image_src":{"full":["https:\/\/blogopara.com.br\/wp-content\/uploads\/2025\/03\/Design-sem-nome.jpg",500,289,false],"thumbnail":["https:\/\/blogopara.com.br\/wp-content\/uploads\/2025\/03\/Design-sem-nome-150x150.jpg",150,150,true],"medium":["https:\/\/blogopara.com.br\/wp-content\/uploads\/2025\/03\/Design-sem-nome-300x173.jpg",300,173,true],"medium_large":["https:\/\/blogopara.com.br\/wp-content\/uploads\/2025\/03\/Design-sem-nome.jpg",500,289,false],"large":["https:\/\/blogopara.com.br\/wp-content\/uploads\/2025\/03\/Design-sem-nome.jpg",500,289,false],"1536x1536":["https:\/\/blogopara.com.br\/wp-content\/uploads\/2025\/03\/Design-sem-nome.jpg",500,289,false],"2048x2048":["https:\/\/blogopara.com.br\/wp-content\/uploads\/2025\/03\/Design-sem-nome.jpg",500,289,false],"mantranews-slider-large":["https:\/\/blogopara.com.br\/wp-content\/uploads\/2025\/03\/Design-sem-nome.jpg",500,289,false],"mantranews-featured-medium":["https:\/\/blogopara.com.br\/wp-content\/uploads\/2025\/03\/Design-sem-nome-420x289.jpg",420,289,true],"mantranews-featured-long":["https:\/\/blogopara.com.br\/wp-content\/uploads\/2025\/03\/Design-sem-nome-300x289.jpg",300,289,true],"mantranews-block-medium":["https:\/\/blogopara.com.br\/wp-content\/uploads\/2025\/03\/Design-sem-nome-464x289.jpg",464,289,true],"mantranews-carousel-image":["https:\/\/blogopara.com.br\/wp-content\/uploads\/2025\/03\/Design-sem-nome.jpg",500,289,false],"mantranews-block-thumb":["https:\/\/blogopara.com.br\/wp-content\/uploads\/2025\/03\/Design-sem-nome-322x230.jpg",322,230,true],"mantranews-single-large":["https:\/\/blogopara.com.br\/wp-content\/uploads\/2025\/03\/Design-sem-nome.jpg",500,289,false]},"uagb_author_info":{"display_name":"Reda\u00e7\u00e3o geral","author_link":"https:\/\/blogopara.com.br\/index.php\/author\/blogopara"},"uagb_comment_info":0,"uagb_excerpt":"O que era uma foto institucional para demonstrar o valor e o brio das mulheres na Pol\u00edcia Militar da Bahia durante a opera\u00e7\u00e3o Carnaval\/2025, evidenciou o racismo institucional que ainda est\u00e1 enraizado na sociedade brasileira. A sargento PM conhecida por Wellingtania lotada na CIPE Nordeste, juntamente com mais duas militares foram convidadas pelo fot\u00f3grafo institucional&hellip;","jetpack_sharing_enabled":true,"jetpack_likes_enabled":true,"_links":{"self":[{"href":"https:\/\/blogopara.com.br\/index.php\/wp-json\/wp\/v2\/posts\/73455","targetHints":{"allow":["GET"]}}],"collection":[{"href":"https:\/\/blogopara.com.br\/index.php\/wp-json\/wp\/v2\/posts"}],"about":[{"href":"https:\/\/blogopara.com.br\/index.php\/wp-json\/wp\/v2\/types\/post"}],"author":[{"embeddable":true,"href":"https:\/\/blogopara.com.br\/index.php\/wp-json\/wp\/v2\/users\/1"}],"replies":[{"embeddable":true,"href":"https:\/\/blogopara.com.br\/index.php\/wp-json\/wp\/v2\/comments?post=73455"}],"version-history":[{"count":4,"href":"https:\/\/blogopara.com.br\/index.php\/wp-json\/wp\/v2\/posts\/73455\/revisions"}],"predecessor-version":[{"id":73464,"href":"https:\/\/blogopara.com.br\/index.php\/wp-json\/wp\/v2\/posts\/73455\/revisions\/73464"}],"wp:featuredmedia":[{"embeddable":true,"href":"https:\/\/blogopara.com.br\/index.php\/wp-json\/wp\/v2\/media\/73456"}],"wp:attachment":[{"href":"https:\/\/blogopara.com.br\/index.php\/wp-json\/wp\/v2\/media?parent=73455"}],"wp:term":[{"taxonomy":"category","embeddable":true,"href":"https:\/\/blogopara.com.br\/index.php\/wp-json\/wp\/v2\/categories?post=73455"},{"taxonomy":"post_tag","embeddable":true,"href":"https:\/\/blogopara.com.br\/index.php\/wp-json\/wp\/v2\/tags?post=73455"}],"curies":[{"name":"wp","href":"https:\/\/api.w.org\/{rel}","templated":true}]}}