{"id":7348,"date":"2020-02-19T08:16:30","date_gmt":"2020-02-19T11:16:30","guid":{"rendered":"http:\/\/blogopara.com.br\/?p=7348"},"modified":"2020-02-19T08:16:36","modified_gmt":"2020-02-19T11:16:36","slug":"motorista-de-uber-acusado-de-assedio-se-defende-e-diz-que-passageira-estava-tipo-anitta","status":"publish","type":"post","link":"https:\/\/blogopara.com.br\/index.php\/2020\/02\/19\/motorista-de-uber-acusado-de-assedio-se-defende-e-diz-que-passageira-estava-tipo-anitta","title":{"rendered":"Motorista de Uber acusado de ass\u00e9dio se defende e diz que passageira estava &#8216;tipo Anitta&#8217;"},"content":{"rendered":"<p dir=\"ltr\" style=\"text-align: justify;\">O motorista de aplicativo de transportes Andr\u00e9 Lopes Machado, que foi banido da plataforma ap\u00f3s uma adolescente de 17 anos postar no Instagram um v\u00eddeo em que mostra o momento em que \u00e9\u00a0<a href=\"https:\/\/www.metro1.com.br\/noticias\/brasil\/87724,adolescente-grava-assedio-de-motorista-da-uber-durante-viagem\">assediada por ele<\/a>, se defendeu da declara\u00e7\u00e3o ao prestar depoimento Delegacia da Mulher de Viam\u00e3o, em Porto Alegre na tarde de hoje (18).<\/p>\n<p dir=\"ltr\" style=\"text-align: justify;\">\u201cEla, em momento algum, se mostrou irritada, desesperada. Pediu pra descer, n\u00e3o. O tempo todo rindo, brincando, conversa chegando. Ela perguntou minha idade, eu disse \u201943\u2019, da\u00ed ela disse \u2018mas tu tem idade para ser meu pai\u2019. Eu ainda disse para ela no v\u00eddeo, voc\u00eas tamb\u00e9m podem confirmar isso, \u2018mas eu faria coisas que teu pai n\u00e3o faz&#8217;\u201d, disse ele \u00e0 reportagem da RBS TV.<\/p>\n<p dir=\"ltr\" style=\"text-align: justify;\">No seu perfil oficial da rede social Twitter, a cantora Anitta compartilhou parte da entrevista do motorista dizendo que \u201cela [a adolescente] ela estava com um short do tipo Anitta, uma mini blusa, com as pernas abertas no banco, me chamando aten\u00e7\u00e3o\u201d.<\/p>\n<pre dir=\"ltr\">Fonte: Metro1<\/pre>\n","protected":false},"excerpt":{"rendered":"<p>Segundo ele a passageira menor de idade &#8220;est\u00e1 sorrindo espalhada no banco&#8221;, usando &#8220;short tipo Anitta&#8221;<\/p>\n","protected":false},"author":1,"featured_media":7349,"comment_status":"open","ping_status":"open","sticky":false,"template":"","format":"standard","meta":{"_uag_custom_page_level_css":"","_monsterinsights_skip_tracking":false,"_monsterinsights_sitenote_active":false,"_monsterinsights_sitenote_note":"","_monsterinsights_sitenote_category":0,"jetpack_post_was_ever_published":false,"_jetpack_newsletter_access":"","_jetpack_dont_email_post_to_subs":false,"_jetpack_newsletter_tier_id":0,"_jetpack_memberships_contains_paywalled_content":false,"_jetpack_memberships_contains_paid_content":false,"footnotes":"","jetpack_publicize_message":"","jetpack_publicize_feature_enabled":true,"jetpack_social_post_already_shared":true,"jetpack_social_options":{"image_generator_settings":{"template":"highway","default_image_id":0,"font":"","enabled":false},"version":2}},"categories":[200],"tags":[],"class_list":["post-7348","post","type-post","status-publish","format-standard","has-post-thumbnail","hentry","category-brasil"],"jetpack_publicize_connections":[],"jetpack_featured_media_url":"https:\/\/blogopara.com.br\/wp-content\/uploads\/2020\/02\/87783motorista-de-uber-acusado-de-assedio-se-defende-e-diz-que-passageira-estava-tipo-anitta-3.jpg","uagb_featured_image_src":{"full":["https:\/\/blogopara.com.br\/wp-content\/uploads\/2020\/02\/87783motorista-de-uber-acusado-de-assedio-se-defende-e-diz-que-passageira-estava-tipo-anitta-3.jpg",1600,752,false],"thumbnail":["https:\/\/blogopara.com.br\/wp-content\/uploads\/2020\/02\/87783motorista-de-uber-acusado-de-assedio-se-defende-e-diz-que-passageira-estava-tipo-anitta-3-150x150.jpg",150,150,true],"medium":["https:\/\/blogopara.com.br\/wp-content\/uploads\/2020\/02\/87783motorista-de-uber-acusado-de-assedio-se-defende-e-diz-que-passageira-estava-tipo-anitta-3-300x141.jpg",300,141,true],"medium_large":["https:\/\/blogopara.com.br\/wp-content\/uploads\/2020\/02\/87783motorista-de-uber-acusado-de-assedio-se-defende-e-diz-que-passageira-estava-tipo-anitta-3-768x361.jpg",640,301,true],"large":["https:\/\/blogopara.com.br\/wp-content\/uploads\/2020\/02\/87783motorista-de-uber-acusado-de-assedio-se-defende-e-diz-que-passageira-estava-tipo-anitta-3-1024x481.jpg",640,301,true],"1536x1536":["https:\/\/blogopara.com.br\/wp-content\/uploads\/2020\/02\/87783motorista-de-uber-acusado-de-assedio-se-defende-e-diz-que-passageira-estava-tipo-anitta-3-1536x722.jpg",1536,722,true],"2048x2048":["https:\/\/blogopara.com.br\/wp-content\/uploads\/2020\/02\/87783motorista-de-uber-acusado-de-assedio-se-defende-e-diz-que-passageira-estava-tipo-anitta-3.jpg",1600,752,false],"mantranews-slider-large":["https:\/\/blogopara.com.br\/wp-content\/uploads\/2020\/02\/87783motorista-de-uber-acusado-de-assedio-se-defende-e-diz-que-passageira-estava-tipo-anitta-3.jpg",1020,479,false],"mantranews-featured-medium":["https:\/\/blogopara.com.br\/wp-content\/uploads\/2020\/02\/87783motorista-de-uber-acusado-de-assedio-se-defende-e-diz-que-passageira-estava-tipo-anitta-3.jpg",420,197,false],"mantranews-featured-long":["https:\/\/blogopara.com.br\/wp-content\/uploads\/2020\/02\/87783motorista-de-uber-acusado-de-assedio-se-defende-e-diz-que-passageira-estava-tipo-anitta-3.jpg",300,141,false],"mantranews-block-medium":["https:\/\/blogopara.com.br\/wp-content\/uploads\/2020\/02\/87783motorista-de-uber-acusado-de-assedio-se-defende-e-diz-que-passageira-estava-tipo-anitta-3.jpg",464,218,false],"mantranews-carousel-image":["https:\/\/blogopara.com.br\/wp-content\/uploads\/2020\/02\/87783motorista-de-uber-acusado-de-assedio-se-defende-e-diz-que-passageira-estava-tipo-anitta-3.jpg",600,282,false],"mantranews-block-thumb":["https:\/\/blogopara.com.br\/wp-content\/uploads\/2020\/02\/87783motorista-de-uber-acusado-de-assedio-se-defende-e-diz-que-passageira-estava-tipo-anitta-3.jpg",322,151,false],"mantranews-single-large":["https:\/\/blogopara.com.br\/wp-content\/uploads\/2020\/02\/87783motorista-de-uber-acusado-de-assedio-se-defende-e-diz-que-passageira-estava-tipo-anitta-3.jpg",1210,569,false]},"uagb_author_info":{"display_name":"Reda\u00e7\u00e3o geral","author_link":"https:\/\/blogopara.com.br\/index.php\/author\/blogopara"},"uagb_comment_info":1,"uagb_excerpt":"Segundo ele a passageira menor de idade \"est\u00e1 sorrindo espalhada no banco\", usando \"short tipo Anitta\"","jetpack_sharing_enabled":true,"jetpack_likes_enabled":true,"_links":{"self":[{"href":"https:\/\/blogopara.com.br\/index.php\/wp-json\/wp\/v2\/posts\/7348","targetHints":{"allow":["GET"]}}],"collection":[{"href":"https:\/\/blogopara.com.br\/index.php\/wp-json\/wp\/v2\/posts"}],"about":[{"href":"https:\/\/blogopara.com.br\/index.php\/wp-json\/wp\/v2\/types\/post"}],"author":[{"embeddable":true,"href":"https:\/\/blogopara.com.br\/index.php\/wp-json\/wp\/v2\/users\/1"}],"replies":[{"embeddable":true,"href":"https:\/\/blogopara.com.br\/index.php\/wp-json\/wp\/v2\/comments?post=7348"}],"version-history":[{"count":1,"href":"https:\/\/blogopara.com.br\/index.php\/wp-json\/wp\/v2\/posts\/7348\/revisions"}],"predecessor-version":[{"id":7350,"href":"https:\/\/blogopara.com.br\/index.php\/wp-json\/wp\/v2\/posts\/7348\/revisions\/7350"}],"wp:featuredmedia":[{"embeddable":true,"href":"https:\/\/blogopara.com.br\/index.php\/wp-json\/wp\/v2\/media\/7349"}],"wp:attachment":[{"href":"https:\/\/blogopara.com.br\/index.php\/wp-json\/wp\/v2\/media?parent=7348"}],"wp:term":[{"taxonomy":"category","embeddable":true,"href":"https:\/\/blogopara.com.br\/index.php\/wp-json\/wp\/v2\/categories?post=7348"},{"taxonomy":"post_tag","embeddable":true,"href":"https:\/\/blogopara.com.br\/index.php\/wp-json\/wp\/v2\/tags?post=7348"}],"curies":[{"name":"wp","href":"https:\/\/api.w.org\/{rel}","templated":true}]}}