{"id":73512,"date":"2025-03-09T10:51:51","date_gmt":"2025-03-09T13:51:51","guid":{"rendered":"https:\/\/blogopara.com.br\/?p=73512"},"modified":"2025-03-09T10:52:50","modified_gmt":"2025-03-09T13:52:50","slug":"uma-manha-de-celebracao-e-reconhecimento-para-as-mulheres-bonfinenses","status":"publish","type":"post","link":"https:\/\/blogopara.com.br\/index.php\/2025\/03\/09\/uma-manha-de-celebracao-e-reconhecimento-para-as-mulheres-bonfinenses","title":{"rendered":"Uma manh\u00e3 de celebra\u00e7\u00e3o e reconhecimento para as mulheres bonfinenses"},"content":{"rendered":"<p class=\"x_MsoNormal\">Neste s\u00e1bado (08), Senhor do Bonfim amanheceu com um brilho especial. O Projeto Florescer tomou as ruas em uma caminhada cheia de energia, organizada pela Prefeitura por meio da Secretaria de Assist\u00eancia Social. Foi um momento de encontro, acolhimento e valoriza\u00e7\u00e3o das mulheres, unindo servidores, profissionais da assist\u00eancia social e a comunidade em uma homenagem ao Dia Internacional da Mulher.<\/p>\n<p class=\"x_MsoNormal\">O evento come\u00e7ou na Pra\u00e7a Nova, onde as participantes foram recebidas com um coffe break e uma programa\u00e7\u00e3o pensada para o bem-estar. Alongamento, dan\u00e7a, sorrisos e cumplicidade deram o tom da manh\u00e3. Em meio a esse clima, o Prefeito La\u00e9rcio J\u00fanior fez quest\u00e3o de destacar a relev\u00e2ncia da data e o compromisso da gest\u00e3o municipal com pol\u00edticas voltadas para as mulheres. \u201cA cria\u00e7\u00e3o da Secretaria da Mulher \u00e9 um passo fundamental para garantir mais prote\u00e7\u00e3o, oportunidades e reconhecimento \u00e0s mulheres bonfinenses. Seguimos juntos, construindo uma cidade mais justa e igualit\u00e1ria para todas\u201d, enfatizou.<\/p>\n<p class=\"x_MsoNormal\">A caminhada seguiu vibrante pelas ruas, encerrando-se com um sentimento de uni\u00e3o e fortalecimento. Entre as participantes, Maria Alves Godim compartilhou sua emo\u00e7\u00e3o: \u201cHoje me senti uma verdadeira Mulher Maravilha! Foi incr\u00edvel e uma honra estar aqui, celebrando ao lado de tantas mulheres guerreiras.\u201d<\/p>\n<p class=\"x_MsoNormal\">Texto: Ascom PMSB<\/p>\n","protected":false},"excerpt":{"rendered":"<p>Neste s\u00e1bado (08), Senhor do Bonfim amanheceu com um brilho especial. O Projeto Florescer tomou as ruas em uma caminhada cheia de energia, organizada pela Prefeitura por meio da Secretaria de Assist\u00eancia Social. Foi um momento de encontro, acolhimento e valoriza\u00e7\u00e3o das mulheres, unindo servidores, profissionais da assist\u00eancia social e a comunidade em uma homenagem [&hellip;]<\/p>\n","protected":false},"author":1,"featured_media":73514,"comment_status":"open","ping_status":"open","sticky":false,"template":"","format":"standard","meta":{"_uag_custom_page_level_css":"","_monsterinsights_skip_tracking":false,"_monsterinsights_sitenote_active":false,"_monsterinsights_sitenote_note":"","_monsterinsights_sitenote_category":0,"jetpack_post_was_ever_published":false,"_jetpack_newsletter_access":"","_jetpack_dont_email_post_to_subs":false,"_jetpack_newsletter_tier_id":0,"_jetpack_memberships_contains_paywalled_content":false,"_jetpack_memberships_contains_paid_content":false,"footnotes":"","jetpack_publicize_message":"","jetpack_publicize_feature_enabled":true,"jetpack_social_post_already_shared":true,"jetpack_social_options":{"image_generator_settings":{"template":"highway","default_image_id":0,"font":"","enabled":false},"version":2}},"categories":[10082,204],"tags":[],"class_list":["post-73512","post","type-post","status-publish","format-standard","has-post-thumbnail","hentry","category-senhor-do-bonfim","category-social"],"jetpack_publicize_connections":[],"jetpack_featured_media_url":"https:\/\/blogopara.com.br\/wp-content\/uploads\/2025\/03\/thumbnail_54373931993_09539b47a3_k.jpg","uagb_featured_image_src":{"full":["https:\/\/blogopara.com.br\/wp-content\/uploads\/2025\/03\/thumbnail_54373931993_09539b47a3_k.jpg",500,333,false],"thumbnail":["https:\/\/blogopara.com.br\/wp-content\/uploads\/2025\/03\/thumbnail_54373931993_09539b47a3_k-150x150.jpg",150,150,true],"medium":["https:\/\/blogopara.com.br\/wp-content\/uploads\/2025\/03\/thumbnail_54373931993_09539b47a3_k-300x200.jpg",300,200,true],"medium_large":["https:\/\/blogopara.com.br\/wp-content\/uploads\/2025\/03\/thumbnail_54373931993_09539b47a3_k.jpg",500,333,false],"large":["https:\/\/blogopara.com.br\/wp-content\/uploads\/2025\/03\/thumbnail_54373931993_09539b47a3_k.jpg",500,333,false],"1536x1536":["https:\/\/blogopara.com.br\/wp-content\/uploads\/2025\/03\/thumbnail_54373931993_09539b47a3_k.jpg",500,333,false],"2048x2048":["https:\/\/blogopara.com.br\/wp-content\/uploads\/2025\/03\/thumbnail_54373931993_09539b47a3_k.jpg",500,333,false],"mantranews-slider-large":["https:\/\/blogopara.com.br\/wp-content\/uploads\/2025\/03\/thumbnail_54373931993_09539b47a3_k.jpg",500,333,false],"mantranews-featured-medium":["https:\/\/blogopara.com.br\/wp-content\/uploads\/2025\/03\/thumbnail_54373931993_09539b47a3_k-420x307.jpg",420,307,true],"mantranews-featured-long":["https:\/\/blogopara.com.br\/wp-content\/uploads\/2025\/03\/thumbnail_54373931993_09539b47a3_k-300x333.jpg",300,333,true],"mantranews-block-medium":["https:\/\/blogopara.com.br\/wp-content\/uploads\/2025\/03\/thumbnail_54373931993_09539b47a3_k-464x290.jpg",464,290,true],"mantranews-carousel-image":["https:\/\/blogopara.com.br\/wp-content\/uploads\/2025\/03\/thumbnail_54373931993_09539b47a3_k.jpg",500,333,false],"mantranews-block-thumb":["https:\/\/blogopara.com.br\/wp-content\/uploads\/2025\/03\/thumbnail_54373931993_09539b47a3_k-322x230.jpg",322,230,true],"mantranews-single-large":["https:\/\/blogopara.com.br\/wp-content\/uploads\/2025\/03\/thumbnail_54373931993_09539b47a3_k.jpg",500,333,false]},"uagb_author_info":{"display_name":"Reda\u00e7\u00e3o geral","author_link":"https:\/\/blogopara.com.br\/index.php\/author\/blogopara"},"uagb_comment_info":0,"uagb_excerpt":"Neste s\u00e1bado (08), Senhor do Bonfim amanheceu com um brilho especial. O Projeto Florescer tomou as ruas em uma caminhada cheia de energia, organizada pela Prefeitura por meio da Secretaria de Assist\u00eancia Social. Foi um momento de encontro, acolhimento e valoriza\u00e7\u00e3o das mulheres, unindo servidores, profissionais da assist\u00eancia social e a comunidade em uma homenagem&hellip;","jetpack_sharing_enabled":true,"jetpack_likes_enabled":true,"_links":{"self":[{"href":"https:\/\/blogopara.com.br\/index.php\/wp-json\/wp\/v2\/posts\/73512","targetHints":{"allow":["GET"]}}],"collection":[{"href":"https:\/\/blogopara.com.br\/index.php\/wp-json\/wp\/v2\/posts"}],"about":[{"href":"https:\/\/blogopara.com.br\/index.php\/wp-json\/wp\/v2\/types\/post"}],"author":[{"embeddable":true,"href":"https:\/\/blogopara.com.br\/index.php\/wp-json\/wp\/v2\/users\/1"}],"replies":[{"embeddable":true,"href":"https:\/\/blogopara.com.br\/index.php\/wp-json\/wp\/v2\/comments?post=73512"}],"version-history":[{"count":2,"href":"https:\/\/blogopara.com.br\/index.php\/wp-json\/wp\/v2\/posts\/73512\/revisions"}],"predecessor-version":[{"id":73515,"href":"https:\/\/blogopara.com.br\/index.php\/wp-json\/wp\/v2\/posts\/73512\/revisions\/73515"}],"wp:featuredmedia":[{"embeddable":true,"href":"https:\/\/blogopara.com.br\/index.php\/wp-json\/wp\/v2\/media\/73514"}],"wp:attachment":[{"href":"https:\/\/blogopara.com.br\/index.php\/wp-json\/wp\/v2\/media?parent=73512"}],"wp:term":[{"taxonomy":"category","embeddable":true,"href":"https:\/\/blogopara.com.br\/index.php\/wp-json\/wp\/v2\/categories?post=73512"},{"taxonomy":"post_tag","embeddable":true,"href":"https:\/\/blogopara.com.br\/index.php\/wp-json\/wp\/v2\/tags?post=73512"}],"curies":[{"name":"wp","href":"https:\/\/api.w.org\/{rel}","templated":true}]}}