{"id":73537,"date":"2025-03-10T09:54:08","date_gmt":"2025-03-10T12:54:08","guid":{"rendered":"https:\/\/blogopara.com.br\/?p=73537"},"modified":"2025-03-10T09:54:08","modified_gmt":"2025-03-10T12:54:08","slug":"um-mes-so-delas-secretaria-da-mulher-e-juventude-divulga-programacao-da-2a-semana-para-o-mes-da-mulher","status":"publish","type":"post","link":"https:\/\/blogopara.com.br\/index.php\/2025\/03\/10\/um-mes-so-delas-secretaria-da-mulher-e-juventude-divulga-programacao-da-2a-semana-para-o-mes-da-mulher","title":{"rendered":"Um m\u00eas s\u00f3 Delas: Secretaria da Mulher e Juventude divulga Programa\u00e7\u00e3o da 2\u00aa Semana para o m\u00eas da Mulher."},"content":{"rendered":"<p>Uma semana de servi\u00e7os. Essa \u00e9 a proposta da Secretaria da Mulher e Juventude (SMJ) para a segunda semana do m\u00eas de mar\u00e7o, dando continuidade \u00e0s comemora\u00e7\u00f5es ao Dia Internacional da Mulher.<\/p>\n<p>Ainda no domingo (9), acontecer\u00e1 a caminhada \u201cEla corre, ela conquista!\u201d, \u00e0s 6h da manh\u00e3, com sa\u00edda do bairro Quid\u00e9. J\u00e1 a partir da segunda-feira (10), em parceria com a Secretaria Estadual de Pol\u00edticas para as Mulheres e a Secretaria de Sa\u00fade do munic\u00edpio, unidade m\u00f3veis de servi\u00e7os estar\u00e3o pelos bairros da sede e nos distritos, oferecendo atendimento para as mulheres juazeirenses. O Odontom\u00f3vel atender\u00e1 apenas mulheres, durante toda a semana, com os servi\u00e7os odontol\u00f3gicos. J\u00e1 a Unidade M\u00f3vel da SPM oferecer\u00e1 servi\u00e7os de orienta\u00e7\u00e3o social e psicol\u00f3gica, al\u00e9m de rodas de conversas sobre direitos das mulheres.<\/p>\n<p>A Secret\u00e1ria da Mulher e Juventude, reafirma a import\u00e2ncia da presta\u00e7\u00e3o de servi\u00e7os e a organiza\u00e7\u00e3o da secretaria em buscar parcerias para o momento.<br \/>\n\u201cEntendendo a import\u00e2ncia de ter a\u00e7\u00f5es descentralizadas desde o centro da cidade, os bairros perif\u00e9ricos e tamb\u00e9m a zona rural, a gente vai realizar uma s\u00e9rie de atividades, principalmente na semana de 10 a 14. A gente vai oferecer diversos servi\u00e7os, um dia em cada local, servi\u00e7os de assist\u00eancia social, de sa\u00fade mental, sa\u00fade preventiva, at\u00e9 testes r\u00e1pidas, palestras.\u201d<\/p>\n<p><strong>QUER SABER ONDE E QUANDO?<\/strong><\/p>\n<p>Atendimentos das Unidades M\u00f3veis de Servi\u00e7o (SPM e Odontom\u00f3vel)<\/p>\n<p><strong><em>Dia 10.03<\/em><\/strong><\/p>\n<p><em>\u2022 Unidade M\u00f3vel da Secretaria Estadual de Pol\u00edticas para Mulheres<\/em><br \/>\n<em>Local: UBS do Junco Salitre Hor\u00e1rio: 9h \u00e0s 14h<\/em><\/p>\n<p><em>\u2022 Odontom\u00f3vel (Demanda livre, 15 vagas para mulheres)<\/em><br \/>\n<em>Local: UBS CAIC Hor\u00e1rio: 8h<\/em><\/p>\n<p><strong>Dia 11.03<\/strong><\/p>\n<p><em>\u2022 Unidade M\u00f3vel da Secretaria Estadual de Pol\u00edticas para Mulheres<\/em><\/p>\n<p><em>Local: UBS Kid\u00e9 Hor\u00e1rio: 9h \u00e0s 14h<\/em><\/p>\n<p><em>\u2022 Odontom\u00f3vel (Demanda livre, 15 vagas para mulheres)<\/em><br \/>\n<em>Local: CRAS Argemiro Hor\u00e1rio: 8h<\/em><\/p>\n<p><strong>Dia 12.03<\/strong><\/p>\n<p><em>\u2022 Unidade M\u00f3vel da Secretaria Estadual de Pol\u00edticas para Mulheres<\/em><br \/>\n<em>Local: Pra\u00e7a CEU, Tabuleiro Hor\u00e1rio: 9h \u00e0s 14h<\/em><\/p>\n<p><em>\u2022 Odontom\u00f3vel (Demanda livre, 15 vagas para mulheres)<\/em><br \/>\n<em>Local: Escola Municipal Promenor, Alto do Cruzeiro Hor\u00e1rio: 8h<\/em><\/p>\n<p><strong>Dia 13.03<\/strong><\/p>\n<p><em>\u2022 Unidade M\u00f3vel da Secretaria Estadual de Pol\u00edticas para Mulheres<\/em><br \/>\n<em>Local: UBS Itamotinga Hor\u00e1rio: 9h \u00e0s 14h<\/em><\/p>\n<p><em>\u2022 Odontom\u00f3vel (Demanda livre, 15 vagas para mulheres)<\/em><br \/>\n<em>Local: Itaberaba Hor\u00e1rio: 8h<\/em><\/p>\n<p><strong>Dia 14.03<\/strong><\/p>\n<p><em>\u2022 Unidade M\u00f3vel da Secretaria Estadual de Pol\u00edticas para Mulheres<\/em><br \/>\n<em>Local: UBS Jo\u00e3o Paulo II Hor\u00e1rio: 9h \u00e0s 14h<\/em><\/p>\n<p><em>\u2022 Odontom\u00f3vel (Demanda livre, 15 vagas para mulheres)<\/em><br \/>\n<em>Local: UBS Dom Jos\u00e9 Rodrigues Hor\u00e1rio: 8h<\/em><\/p>\n<p><strong>\u2013 Celebra\u00e7\u00e3o do Dia da Mulher no Bairro Tabuleiro<\/strong><br \/>\n<em>Data: 14.03<\/em><br \/>\n<em>Local: Pra\u00e7a CEU<\/em><br \/>\n<em>Hor\u00e1rio:19h<\/em><br \/>\n<em>Realiza\u00e7\u00e3o: ACDT;\u00a0<\/em><em>Apoio: SMJ<\/em><\/p>\n<p>&nbsp;<\/p>\n<p>Ascom PMJ<\/p>\n","protected":false},"excerpt":{"rendered":"<p>Uma semana de servi\u00e7os. Essa \u00e9 a proposta da Secretaria da Mulher e Juventude (SMJ) para a segunda semana do m\u00eas de mar\u00e7o, dando continuidade \u00e0s comemora\u00e7\u00f5es ao Dia Internacional da Mulher. Ainda no domingo (9), acontecer\u00e1 a caminhada \u201cEla corre, ela conquista!\u201d, \u00e0s 6h da manh\u00e3, com sa\u00edda do bairro Quid\u00e9. J\u00e1 a partir [&hellip;]<\/p>\n","protected":false},"author":1,"featured_media":73538,"comment_status":"open","ping_status":"open","sticky":false,"template":"","format":"standard","meta":{"_uag_custom_page_level_css":"","_monsterinsights_skip_tracking":false,"_monsterinsights_sitenote_active":false,"_monsterinsights_sitenote_note":"","_monsterinsights_sitenote_category":0,"jetpack_post_was_ever_published":false,"_jetpack_newsletter_access":"","_jetpack_dont_email_post_to_subs":false,"_jetpack_newsletter_tier_id":0,"_jetpack_memberships_contains_paywalled_content":false,"_jetpack_memberships_contains_paid_content":false,"footnotes":"","jetpack_publicize_message":"","jetpack_publicize_feature_enabled":true,"jetpack_social_post_already_shared":true,"jetpack_social_options":{"image_generator_settings":{"template":"highway","default_image_id":0,"font":"","enabled":false},"version":2}},"categories":[203],"tags":[],"class_list":["post-73537","post","type-post","status-publish","format-standard","has-post-thumbnail","hentry","category-juazeiro"],"jetpack_publicize_connections":[],"jetpack_featured_media_url":"https:\/\/blogopara.com.br\/wp-content\/uploads\/2025\/03\/WhatsApp-Image-2025-03-08-at-12.12.25-240x300-1.jpeg","uagb_featured_image_src":{"full":["https:\/\/blogopara.com.br\/wp-content\/uploads\/2025\/03\/WhatsApp-Image-2025-03-08-at-12.12.25-240x300-1.jpeg",450,562,false],"thumbnail":["https:\/\/blogopara.com.br\/wp-content\/uploads\/2025\/03\/WhatsApp-Image-2025-03-08-at-12.12.25-240x300-1-150x150.jpeg",150,150,true],"medium":["https:\/\/blogopara.com.br\/wp-content\/uploads\/2025\/03\/WhatsApp-Image-2025-03-08-at-12.12.25-240x300-1-240x300.jpeg",240,300,true],"medium_large":["https:\/\/blogopara.com.br\/wp-content\/uploads\/2025\/03\/WhatsApp-Image-2025-03-08-at-12.12.25-240x300-1.jpeg",450,562,false],"large":["https:\/\/blogopara.com.br\/wp-content\/uploads\/2025\/03\/WhatsApp-Image-2025-03-08-at-12.12.25-240x300-1.jpeg",450,562,false],"1536x1536":["https:\/\/blogopara.com.br\/wp-content\/uploads\/2025\/03\/WhatsApp-Image-2025-03-08-at-12.12.25-240x300-1.jpeg",450,562,false],"2048x2048":["https:\/\/blogopara.com.br\/wp-content\/uploads\/2025\/03\/WhatsApp-Image-2025-03-08-at-12.12.25-240x300-1.jpeg",450,562,false],"mantranews-slider-large":["https:\/\/blogopara.com.br\/wp-content\/uploads\/2025\/03\/WhatsApp-Image-2025-03-08-at-12.12.25-240x300-1.jpeg",450,562,false],"mantranews-featured-medium":["https:\/\/blogopara.com.br\/wp-content\/uploads\/2025\/03\/WhatsApp-Image-2025-03-08-at-12.12.25-240x300-1-420x307.jpeg",420,307,true],"mantranews-featured-long":["https:\/\/blogopara.com.br\/wp-content\/uploads\/2025\/03\/WhatsApp-Image-2025-03-08-at-12.12.25-240x300-1-300x443.jpeg",300,443,true],"mantranews-block-medium":["https:\/\/blogopara.com.br\/wp-content\/uploads\/2025\/03\/WhatsApp-Image-2025-03-08-at-12.12.25-240x300-1-450x290.jpeg",450,290,true],"mantranews-carousel-image":["https:\/\/blogopara.com.br\/wp-content\/uploads\/2025\/03\/WhatsApp-Image-2025-03-08-at-12.12.25-240x300-1-450x500.jpeg",450,500,true],"mantranews-block-thumb":["https:\/\/blogopara.com.br\/wp-content\/uploads\/2025\/03\/WhatsApp-Image-2025-03-08-at-12.12.25-240x300-1-322x230.jpeg",322,230,true],"mantranews-single-large":["https:\/\/blogopara.com.br\/wp-content\/uploads\/2025\/03\/WhatsApp-Image-2025-03-08-at-12.12.25-240x300-1.jpeg",450,562,false]},"uagb_author_info":{"display_name":"Reda\u00e7\u00e3o geral","author_link":"https:\/\/blogopara.com.br\/index.php\/author\/blogopara"},"uagb_comment_info":0,"uagb_excerpt":"Uma semana de servi\u00e7os. Essa \u00e9 a proposta da Secretaria da Mulher e Juventude (SMJ) para a segunda semana do m\u00eas de mar\u00e7o, dando continuidade \u00e0s comemora\u00e7\u00f5es ao Dia Internacional da Mulher. Ainda no domingo (9), acontecer\u00e1 a caminhada \u201cEla corre, ela conquista!\u201d, \u00e0s 6h da manh\u00e3, com sa\u00edda do bairro Quid\u00e9. J\u00e1 a partir&hellip;","jetpack_sharing_enabled":true,"jetpack_likes_enabled":true,"_links":{"self":[{"href":"https:\/\/blogopara.com.br\/index.php\/wp-json\/wp\/v2\/posts\/73537","targetHints":{"allow":["GET"]}}],"collection":[{"href":"https:\/\/blogopara.com.br\/index.php\/wp-json\/wp\/v2\/posts"}],"about":[{"href":"https:\/\/blogopara.com.br\/index.php\/wp-json\/wp\/v2\/types\/post"}],"author":[{"embeddable":true,"href":"https:\/\/blogopara.com.br\/index.php\/wp-json\/wp\/v2\/users\/1"}],"replies":[{"embeddable":true,"href":"https:\/\/blogopara.com.br\/index.php\/wp-json\/wp\/v2\/comments?post=73537"}],"version-history":[{"count":1,"href":"https:\/\/blogopara.com.br\/index.php\/wp-json\/wp\/v2\/posts\/73537\/revisions"}],"predecessor-version":[{"id":73539,"href":"https:\/\/blogopara.com.br\/index.php\/wp-json\/wp\/v2\/posts\/73537\/revisions\/73539"}],"wp:featuredmedia":[{"embeddable":true,"href":"https:\/\/blogopara.com.br\/index.php\/wp-json\/wp\/v2\/media\/73538"}],"wp:attachment":[{"href":"https:\/\/blogopara.com.br\/index.php\/wp-json\/wp\/v2\/media?parent=73537"}],"wp:term":[{"taxonomy":"category","embeddable":true,"href":"https:\/\/blogopara.com.br\/index.php\/wp-json\/wp\/v2\/categories?post=73537"},{"taxonomy":"post_tag","embeddable":true,"href":"https:\/\/blogopara.com.br\/index.php\/wp-json\/wp\/v2\/tags?post=73537"}],"curies":[{"name":"wp","href":"https:\/\/api.w.org\/{rel}","templated":true}]}}