{"id":73547,"date":"2025-03-10T10:31:57","date_gmt":"2025-03-10T13:31:57","guid":{"rendered":"https:\/\/blogopara.com.br\/?p=73547"},"modified":"2025-03-10T10:31:57","modified_gmt":"2025-03-10T13:31:57","slug":"inesperada-renuncia-de-eden-a-reeleicao-mostra-falencia-de-plano-de-renovacao-no-pt-abalando-controle-de-wagner-sobre-sigla","status":"publish","type":"post","link":"https:\/\/blogopara.com.br\/index.php\/2025\/03\/10\/inesperada-renuncia-de-eden-a-reeleicao-mostra-falencia-de-plano-de-renovacao-no-pt-abalando-controle-de-wagner-sobre-sigla","title":{"rendered":"Inesperada, ren\u00fancia de \u00c9den \u00e0 reelei\u00e7\u00e3o mostra fal\u00eancia de plano de renova\u00e7\u00e3o no PT, abalando controle de Wagner sobre sigla"},"content":{"rendered":"<p>Considerada uma surpresa de cabo a rabo no PT, a decis\u00e3o de Eden Valadares de abrir m\u00e3o de concorrer de novo \u00e0 presid\u00eancia estadual do partido, faltando quatro meses para as elei\u00e7\u00f5es, tem levado aos mais variados tipos de especula\u00e7\u00f5es menos \u00e0 de que teria sido uma estrat\u00e9gia, apesar de a quase totalidade da legenda achar que foi uma decis\u00e3o combinada com o senador Jaques Wagner, de quem ele tem sido o principal representante na agremia\u00e7\u00e3o desde que foi eleito ao cargo, em 2019.<\/p>\n<p>Por este motivo, h\u00e1 rumores de que Wagner sai enfraquecido com a atitude de \u00c9den.<\/p>\n<p>Para a maioria, a ren\u00fancia do presidente ao direito de disputar a reelei\u00e7\u00e3o abre caminho para o retorno ao comando do partido de Everaldo Anuncia\u00e7\u00e3o, ex-presidente com inser\u00e7\u00e3o nas v\u00e1rias correntes petistas que articula nos bastidores desde o ano passado sua campanha para a presid\u00eancia do PT e tem recebido est\u00edmulos para o desafio, dentre outras figuras importantes da sigla, do ministro chefe da Casa Civil, Rui Costa, envolvido numa disputa renhida com Wagner por influ\u00eancia no governo Jer\u00f4nimo Rodrigues.<\/p>\n<p>Como justificativa para a decis\u00e3o, Eden tem dito que defende a altern\u00e2ncia e que deixa o cargo para se dedicar \u00e0 campanha \u00e0 reelei\u00e7\u00e3o do senador e do amigo Lucas Reis, chefe de Gabinete de Wagner em Bras\u00edlia, a deputado federal, no ano que vem. A maneira repentina como anunciou a decis\u00e3o, passando a impress\u00e3o de que a tomou de afogadilho e com a participa\u00e7\u00e3o de poucos, minou, no entanto, qualquer perspectiva de que a iniciativa tivesse um impacto positivo neste sentido.<\/p>\n<p>Pelo contr\u00e1rio, acabou apenas refor\u00e7ando a ideia de que n\u00e3o teve alternativa a n\u00e3o ser abrir m\u00e3o da disputa no partido devido ao profundo n\u00edvel de isolamento interno que amarga, considerado sem precedentes na hist\u00f3ria da legenda na Bahia. Ent\u00e3o assessor direto do senador, \u00c9den chegou \u00e0 presid\u00eancia do PT h\u00e1 seis anos na esteira de uma estrat\u00e9gia montada com Wagner para assumir o controle do PT e tomar as r\u00e9deas da defini\u00e7\u00e3o da chapa governista em 2022 que foi muito bem sucedida.<\/p>\n<p>Na \u00e9poca, j\u00e1 em lit\u00edgio pol\u00edtico com Rui, o senador n\u00e3o descartava se lan\u00e7ar \u00e0 sucess\u00e3o dele no governo da Bahia. Foi por ter assumido o controle da legenda que Wagner conseguiu impedir que o governador renunciasse ao cargo para disputar o Senado naquela elei\u00e7\u00e3o, criando as condi\u00e7\u00f5es que terminaram desaguando no lan\u00e7amento da terceira candidatura de um petista ao governo, representada pelo hoje governador Jer\u00f4nimo Rodrigues.<\/p>\n<p>Toda a opera\u00e7\u00e3o ocorreu sob a presid\u00eancia de \u00c9den, que viu seu mandato ser prorrogado, como a dos demais dirigentes petistas no pa\u00eds, devido \u00e0 pandemia. Neste per\u00edodo, entretanto, ao inv\u00e9s de se aproximar das bases, o presidente encastelou-se, construindo o perfil de um burocrata partid\u00e1rio distante e alheio que n\u00e3o atendia a ningu\u00e9m: de deputados petistas a aliados, passando por prefeitos, vereadores, lideran\u00e7as do partido no interior e at\u00e9 jornalistas.<\/p>\n<p>Com o passar do tempo, a ideia de que era uma figura inacess\u00edvel consolidou-se, provocando uma verdadeira rejei\u00e7\u00e3o a ele nas v\u00e1rias inst\u00e2ncias partid\u00e1rias, mas principalmente entre os dirigentes do interior, cr\u00edticos da aproxima\u00e7\u00e3o de Jer\u00f4nimo com lideran\u00e7as ou prefeitos de oposi\u00e7\u00e3o em detrimento dos representantes partid\u00e1rios ou de pol\u00edticos que sempre estiveram com o governo.<\/p>\n<p>Com a proximidade das elei\u00e7\u00f5es para a renova\u00e7\u00e3o do PT, marcadas para julho, \u00c9den teria decidido entrar no modo campanha, mas percebeu rapidamente que j\u00e1 era tarde. Em algumas cidades onde o PT tem representa\u00e7\u00e3o, teria sido praticamente enxotado de encontros, sob cr\u00edticas duras e desabridas de correligion\u00e1rios, o que o levou a concluir que o projeto de reeleger-se tornara-se simplesmente imposs\u00edvel.<\/p>\n<p>Al\u00e9m disso, o estabelecimento pela dire\u00e7\u00e3o nacional de elei\u00e7\u00f5es diretas para o comando partid\u00e1rio, nas quais agora votam todos os filiados e n\u00e3o apenas cerca de 400 delegados, como no passado, teria tamb\u00e9m desencorajado \u00c9den de buscar a reelei\u00e7\u00e3o. Com a ajuda do governo, ele poderia at\u00e9 tentar exercer alguma influ\u00eancia sobre os delegados para neutralizar sua rejei\u00e7\u00e3o, mas num universo de milhares de militantes a iniciativa seria dific\u00edlima.<\/p>\n<p>Erros pol\u00edticos e estrat\u00e9gicos cometidos pelo PT ao longo da gest\u00e3o de \u00c9den tamb\u00e9m s\u00e3o colocados pelos petistas na conta do presidente, dado o que chamam de sua submiss\u00e3o a Wagner. O mais recente deles foi a aposta, no ano passado, na candidatura \u00e0 Prefeitura de Salvador do vice-governador Geraldo Jr. (MDB), cuja reputa\u00e7\u00e3o era abertamente questionada na legenda, em detrimento de nomes do partido, o que acabou dizimando a bancada municipal petista nas elei\u00e7\u00f5es de 2024 \u2013 apenas uma vereadora, Marta Rodrigues, conseguiu se reeleger, feito que \u00e9 atribu\u00eddo ao fato de ser irm\u00e3 do governador do Estado.<\/p>\n<p>Ainda antes de pensar na reelei\u00e7\u00e3o, o presidente fez gestos no sentido de abrir m\u00e3o do partido e montar sua sucess\u00e3o, para tentar assumir uma posi\u00e7\u00e3o no governo, mas a ideia n\u00e3o teve guarida da parte do governador. Moveria-se inspirado pelo prest\u00edgio e poder que tanto Lucas Reis quanto Adolfo Loyola, hoje secret\u00e1rio de Rela\u00e7\u00f5es Institui\u00e7\u00f5es, cujos caminhos pavimentou no PT, teriam ganhado, assumindo mais import\u00e2ncia do que ele pr\u00f3prio, com maior trajet\u00f3ria no partido do que ambos.<\/p>\n<p>Seu erro teria sido, no entanto, mirar na posi\u00e7\u00e3o errada. Desde o princ\u00edpio, achava que poderia assumir a secretaria de Comunica\u00e7\u00e3o do governo, a qual acabou destinada, em combina\u00e7\u00e3o com seu pr\u00f3prio grupo, ao publicit\u00e1rio Cid Andrade. O que mais surpreendeu petistas na decis\u00e3o de \u00c9den de n\u00e3o concorrer \u00e0 reelei\u00e7\u00e3o foi exatamente o fato de antes n\u00e3o ter pensando em preparar um sucessor.<\/p>\n<p>A situa\u00e7\u00e3o for\u00e7ar\u00e1 ele pr\u00f3prio e o grupo de Wagner a buscarem em cima da hora um nome, se n\u00e3o quiserem perder o controle sobre a legenda, mais uma vez fundamental para o senador poder liderar as tratativas para a sucess\u00e3o estadual no ano que vem, garantindo seu direito de concorrer \u00e0 reelei\u00e7\u00e3o ao Senado na chapa governista. Para a maioria, no entanto, Wagner se defronta com um cen\u00e1rio mais frustrante: o de assistir \u00e0 fal\u00eancia do seu plano de renova\u00e7\u00e3o da legenda.<\/p>\n<p>&nbsp;<\/p>\n<p><span class=\"assinatura_exclusiva\">Pol\u00edtica Livre<\/span><\/p>\n","protected":false},"excerpt":{"rendered":"<p>Considerada uma surpresa de cabo a rabo no PT, a decis\u00e3o de Eden Valadares de abrir m\u00e3o de concorrer de novo \u00e0 presid\u00eancia estadual do partido, faltando quatro meses para as elei\u00e7\u00f5es, tem levado aos mais variados tipos de especula\u00e7\u00f5es menos \u00e0 de que teria sido uma estrat\u00e9gia, apesar de a quase totalidade da legenda [&hellip;]<\/p>\n","protected":false},"author":1,"featured_media":73548,"comment_status":"open","ping_status":"open","sticky":false,"template":"","format":"standard","meta":{"_uag_custom_page_level_css":"","_monsterinsights_skip_tracking":false,"_monsterinsights_sitenote_active":false,"_monsterinsights_sitenote_note":"","_monsterinsights_sitenote_category":0,"jetpack_post_was_ever_published":false,"_jetpack_newsletter_access":"","_jetpack_dont_email_post_to_subs":false,"_jetpack_newsletter_tier_id":0,"_jetpack_memberships_contains_paywalled_content":false,"_jetpack_memberships_contains_paid_content":false,"footnotes":"","jetpack_publicize_message":"","jetpack_publicize_feature_enabled":true,"jetpack_social_post_already_shared":true,"jetpack_social_options":{"image_generator_settings":{"template":"highway","default_image_id":0,"font":"","enabled":false},"version":2}},"categories":[199,197],"tags":[],"class_list":["post-73547","post","type-post","status-publish","format-standard","has-post-thumbnail","hentry","category-bahia","category-politica"],"jetpack_publicize_connections":[],"jetpack_featured_media_url":"https:\/\/blogopara.com.br\/wp-content\/uploads\/2025\/03\/Captura-de-tela-2025-03-10-103107.jpg","uagb_featured_image_src":{"full":["https:\/\/blogopara.com.br\/wp-content\/uploads\/2025\/03\/Captura-de-tela-2025-03-10-103107.jpg",500,339,false],"thumbnail":["https:\/\/blogopara.com.br\/wp-content\/uploads\/2025\/03\/Captura-de-tela-2025-03-10-103107-150x150.jpg",150,150,true],"medium":["https:\/\/blogopara.com.br\/wp-content\/uploads\/2025\/03\/Captura-de-tela-2025-03-10-103107-300x203.jpg",300,203,true],"medium_large":["https:\/\/blogopara.com.br\/wp-content\/uploads\/2025\/03\/Captura-de-tela-2025-03-10-103107.jpg",500,339,false],"large":["https:\/\/blogopara.com.br\/wp-content\/uploads\/2025\/03\/Captura-de-tela-2025-03-10-103107.jpg",500,339,false],"1536x1536":["https:\/\/blogopara.com.br\/wp-content\/uploads\/2025\/03\/Captura-de-tela-2025-03-10-103107.jpg",500,339,false],"2048x2048":["https:\/\/blogopara.com.br\/wp-content\/uploads\/2025\/03\/Captura-de-tela-2025-03-10-103107.jpg",500,339,false],"mantranews-slider-large":["https:\/\/blogopara.com.br\/wp-content\/uploads\/2025\/03\/Captura-de-tela-2025-03-10-103107.jpg",500,339,false],"mantranews-featured-medium":["https:\/\/blogopara.com.br\/wp-content\/uploads\/2025\/03\/Captura-de-tela-2025-03-10-103107-420x307.jpg",420,307,true],"mantranews-featured-long":["https:\/\/blogopara.com.br\/wp-content\/uploads\/2025\/03\/Captura-de-tela-2025-03-10-103107-300x339.jpg",300,339,true],"mantranews-block-medium":["https:\/\/blogopara.com.br\/wp-content\/uploads\/2025\/03\/Captura-de-tela-2025-03-10-103107-464x290.jpg",464,290,true],"mantranews-carousel-image":["https:\/\/blogopara.com.br\/wp-content\/uploads\/2025\/03\/Captura-de-tela-2025-03-10-103107.jpg",500,339,false],"mantranews-block-thumb":["https:\/\/blogopara.com.br\/wp-content\/uploads\/2025\/03\/Captura-de-tela-2025-03-10-103107-322x230.jpg",322,230,true],"mantranews-single-large":["https:\/\/blogopara.com.br\/wp-content\/uploads\/2025\/03\/Captura-de-tela-2025-03-10-103107.jpg",500,339,false]},"uagb_author_info":{"display_name":"Reda\u00e7\u00e3o geral","author_link":"https:\/\/blogopara.com.br\/index.php\/author\/blogopara"},"uagb_comment_info":0,"uagb_excerpt":"Considerada uma surpresa de cabo a rabo no PT, a decis\u00e3o de Eden Valadares de abrir m\u00e3o de concorrer de novo \u00e0 presid\u00eancia estadual do partido, faltando quatro meses para as elei\u00e7\u00f5es, tem levado aos mais variados tipos de especula\u00e7\u00f5es menos \u00e0 de que teria sido uma estrat\u00e9gia, apesar de a quase totalidade da legenda&hellip;","jetpack_sharing_enabled":true,"jetpack_likes_enabled":true,"_links":{"self":[{"href":"https:\/\/blogopara.com.br\/index.php\/wp-json\/wp\/v2\/posts\/73547","targetHints":{"allow":["GET"]}}],"collection":[{"href":"https:\/\/blogopara.com.br\/index.php\/wp-json\/wp\/v2\/posts"}],"about":[{"href":"https:\/\/blogopara.com.br\/index.php\/wp-json\/wp\/v2\/types\/post"}],"author":[{"embeddable":true,"href":"https:\/\/blogopara.com.br\/index.php\/wp-json\/wp\/v2\/users\/1"}],"replies":[{"embeddable":true,"href":"https:\/\/blogopara.com.br\/index.php\/wp-json\/wp\/v2\/comments?post=73547"}],"version-history":[{"count":1,"href":"https:\/\/blogopara.com.br\/index.php\/wp-json\/wp\/v2\/posts\/73547\/revisions"}],"predecessor-version":[{"id":73549,"href":"https:\/\/blogopara.com.br\/index.php\/wp-json\/wp\/v2\/posts\/73547\/revisions\/73549"}],"wp:featuredmedia":[{"embeddable":true,"href":"https:\/\/blogopara.com.br\/index.php\/wp-json\/wp\/v2\/media\/73548"}],"wp:attachment":[{"href":"https:\/\/blogopara.com.br\/index.php\/wp-json\/wp\/v2\/media?parent=73547"}],"wp:term":[{"taxonomy":"category","embeddable":true,"href":"https:\/\/blogopara.com.br\/index.php\/wp-json\/wp\/v2\/categories?post=73547"},{"taxonomy":"post_tag","embeddable":true,"href":"https:\/\/blogopara.com.br\/index.php\/wp-json\/wp\/v2\/tags?post=73547"}],"curies":[{"name":"wp","href":"https:\/\/api.w.org\/{rel}","templated":true}]}}