{"id":73595,"date":"2025-03-11T13:50:30","date_gmt":"2025-03-11T16:50:30","guid":{"rendered":"https:\/\/blogopara.com.br\/?p=73595"},"modified":"2025-03-11T13:50:30","modified_gmt":"2025-03-11T16:50:30","slug":"idomed-reforca-compromisso-com-a-saude-publica-de-juazeiro-com-doacao-de-equipamentos","status":"publish","type":"post","link":"https:\/\/blogopara.com.br\/index.php\/2025\/03\/11\/idomed-reforca-compromisso-com-a-saude-publica-de-juazeiro-com-doacao-de-equipamentos","title":{"rendered":"IDOMED refor\u00e7a compromisso com a sa\u00fade p\u00fablica de Juazeiro com doa\u00e7\u00e3o de equipamentos\u00a0"},"content":{"rendered":"<div class=\"x_gmail-OutlineElement x_gmail-Ltr x_gmail-SCXW153715835 x_gmail-BCX0\">\n<p class=\"x_gmail-Paragraph x_gmail-SCXW153715835 x_gmail-BCX0\"><span class=\"x_gmail-TextRun x_gmail-SCXW153715835 x_gmail-BCX0\" lang=\"PT-BR\" style=\"font-size: 1rem;\"><span class=\"x_gmail-NormalTextRun x_gmail-SCXW153715835 x_gmail-BCX0\">No primeiro semestre de 2025, o Instituto de Educa\u00e7\u00e3o M\u00e9dica (IDOMED) Juazeiro reafirma seu compromisso com a sa\u00fade p\u00fablica do munic\u00edpio por meio de mais uma importante doa\u00e7\u00e3o de equipamentos para diversas unidades de sa\u00fade. Nesta segunda-feira (10), a unidade recebeu a comitiva da Secretaria de Sa\u00fade de Juazeiro, liderada pelo gestor da pasta, Helder Coutinho, para oficializar a entrega dos materiais.\u00a0\u00a0<\/span><\/span> <span style=\"font-size: 1rem;\">\u00a0<\/span><\/p>\n<\/div>\n<div class=\"x_gmail-OutlineElement x_gmail-Ltr x_gmail-SCXW153715835 x_gmail-BCX0\">\n<p class=\"x_gmail-Paragraph x_gmail-SCXW153715835 x_gmail-BCX0\"><span class=\"x_gmail-TextRun x_gmail-SCXW153715835 x_gmail-BCX0\" lang=\"PT-BR\"><span class=\"x_gmail-NormalTextRun x_gmail-SCXW153715835 x_gmail-BCX0\">A iniciativa \u00e9 viabilizada pelo Contrato Organizativo de A\u00e7\u00e3o P\u00fablica Ensino-Sa\u00fade (COAPES).\u00a0\u00a0<\/span><\/span> <span style=\"font-size: 1rem;\">\u00a0<\/span><\/p>\n<\/div>\n<div class=\"x_gmail-OutlineElement x_gmail-Ltr x_gmail-SCXW153715835 x_gmail-BCX0\">\n<p class=\"x_gmail-Paragraph x_gmail-SCXW153715835 x_gmail-BCX0\"><span class=\"x_gmail-TextRun x_gmail-SCXW153715835 x_gmail-BCX0\" lang=\"PT-BR\"><span class=\"x_gmail-NormalTextRun x_gmail-SCXW153715835 x_gmail-BCX0\">A visita contou com a presen\u00e7a da <\/span><span class=\"x_gmail-NormalTextRun x_gmail-SCXW153715835 x_gmail-BCX0\">coordenadora\u00a0financeira<\/span><span class=\"x_gmail-NormalTextRun x_gmail-SCXW153715835 x_gmail-BCX0\"> da institui\u00e7\u00e3o, Mirela Cardoso, e da coordenadora adjunta do internato, Mylena Ramos Macedo Ribeiro. Tamb\u00e9m acompanharam a comitiva Tatiane Malta e Gra\u00e7a Carvalho, representantes da Secretaria de Sa\u00fade.<\/span><\/span> <span style=\"font-size: 1rem;\">\u00a0<\/span><\/p>\n<\/div>\n<div class=\"x_gmail-OutlineElement x_gmail-Ltr x_gmail-SCXW153715835 x_gmail-BCX0\">\n<p class=\"x_gmail-Paragraph x_gmail-SCXW153715835 x_gmail-BCX0\"><span class=\"x_gmail-TextRun x_gmail-SCXW153715835 x_gmail-BCX0\" lang=\"PT-BR\"><span class=\"x_gmail-NormalTextRun x_gmail-SCXW153715835 x_gmail-BCX0\">A a\u00e7\u00e3o beneficiar\u00e1 a Maternidade Municipal, a Unidade de Pronto Atendimento 24h (UPA), a Unidade de Urg\u00eancia Pedi\u00e1trica (UPED), o Servi\u00e7o de Atendimento M\u00f3vel de Urg\u00eancia (SAMU), os Centros de Aten\u00e7\u00e3o Psicossocial (CAPS Infantil e CAPS 2), as Unidades B\u00e1sicas de Sa\u00fade (UBSs) e o Centro de Sa\u00fade.<\/span><\/span> <span style=\"font-size: 1rem;\">\u00a0<\/span><\/p>\n<\/div>\n<div class=\"x_gmail-OutlineElement x_gmail-Ltr x_gmail-SCXW153715835 x_gmail-BCX0\">\n<p class=\"x_gmail-Paragraph x_gmail-SCXW153715835 x_gmail-BCX0\"><span class=\"x_gmail-TextRun x_gmail-SCXW153715835 x_gmail-BCX0\" lang=\"PT-BR\"><span class=\"x_gmail-NormalTextRun x_gmail-SCXW153715835 x_gmail-BCX0\">Entre os itens doados est\u00e3o balan\u00e7as digitais, cadeiras, impressoras, computadores, arm\u00e1rios, sof\u00e1s, sonar fetal, simulador de RCP, roupas cir\u00fargicas, mesas e aparelhos m\u00e9dicos como esfigmoman\u00f4metros e <\/span><span class=\"x_gmail-NormalTextRun x_gmail-SpellingErrorV2Themed x_gmail-SCXW153715835 x_gmail-BCX0\">oto-oftalmosc\u00f3pios<\/span><span class=\"x_gmail-NormalTextRun x_gmail-SCXW153715835 x_gmail-BCX0\">. Al\u00e9m disso, a doa\u00e7\u00e3o inclui equipamentos como geladeiras, <\/span><\/span><span class=\"x_gmail-TextRun x_gmail-Highlight x_gmail-SCXW153715835 x_gmail-BCX0\" lang=\"PT-BR\"><span class=\"x_gmail-NormalTextRun x_gmail-SCXW153715835 x_gmail-BCX0\">ar<\/span><span class=\"x_gmail-NormalTextRun x_gmail-SCXW153715835 x_gmail-BCX0\">es<\/span><span class=\"x_gmail-NormalTextRun x_gmail-SCXW153715835 x_gmail-BCX0\">-condicionados<\/span><\/span><span class=\"x_gmail-TextRun x_gmail-SCXW153715835 x_gmail-BCX0\" lang=\"PT-BR\"><span class=\"x_gmail-NormalTextRun x_gmail-SCXW153715835 x_gmail-BCX0\">, micro-ondas e cafeteiras. A variedade dos materiais busca fortalecer a infraestrutura das unidades e garantir um atendimento mais eficiente \u00e0 popula\u00e7\u00e3o.<\/span><\/span> <span style=\"font-size: 1rem;\">\u00a0<\/span><\/p>\n<\/div>\n<div class=\"x_gmail-OutlineElement x_gmail-Ltr x_gmail-SCXW153715835 x_gmail-BCX0\">\n<p class=\"x_gmail-Paragraph x_gmail-SCXW153715835 x_gmail-BCX0\"><span class=\"x_gmail-TextRun x_gmail-SCXW153715835 x_gmail-BCX0\" lang=\"PT-BR\"><span class=\"x_gmail-NormalTextRun x_gmail-SCXW153715835 x_gmail-BCX0\">O diretor do IDOMED Juazeiro, Luiz Rodrigues, destacou a relev\u00e2ncia da a\u00e7\u00e3o. &#8220;Nosso compromisso vai al\u00e9m da forma\u00e7\u00e3o de profissionais de sa\u00fade. Buscamos impactar positivamente a comunidade, contribuindo para um sistema de sa\u00fade mais eficiente e acess\u00edvel. Com esses equipamentos, esperamos fortalecer ainda mais o atendimento nas unidades de Juazeiro, proporcionando melhores condi\u00e7\u00f5es para pacientes e profissionais da \u00e1rea&#8221;, afirmou.<\/span><\/span> <span style=\"font-size: 1rem;\">\u00a0<\/span><\/p>\n<\/div>\n<div class=\"x_gmail-OutlineElement x_gmail-Ltr x_gmail-SCXW153715835 x_gmail-BCX0\">\n<p class=\"x_gmail-Paragraph x_gmail-SCXW153715835 x_gmail-BCX0\"><span class=\"x_gmail-TextRun x_gmail-SCXW153715835 x_gmail-BCX0\" lang=\"PT-BR\"><span class=\"x_gmail-NormalTextRun x_gmail-SCXW153715835 x_gmail-BCX0\">&#8220;A doa\u00e7\u00e3o refor\u00e7a a miss\u00e3o do IDOMED de promover a excel\u00eancia na educa\u00e7\u00e3o m\u00e9dica, aliando ensino, infraestrutura e responsabilidade social para a melhoria cont\u00ednua da sa\u00fade p\u00fablica em Juazeiro&#8221;, complementa o diretor.<\/span><\/span> <span style=\"font-size: 1rem;\">\u00a0<\/span><\/p>\n<\/div>\n<div class=\"x_gmail-OutlineElement x_gmail-Ltr x_gmail-SCXW153715835 x_gmail-BCX0\">\n<p class=\"x_gmail-Paragraph x_gmail-SCXW153715835 x_gmail-BCX0\"><span class=\"x_gmail-TextRun x_gmail-SCXW153715835 x_gmail-BCX0\" lang=\"PT-BR\"><span class=\"x_gmail-NormalTextRun x_gmail-SCXW153715835 x_gmail-BCX0\">O secret\u00e1rio de Sa\u00fade de Juazeiro, Helder Coutinho, tamb\u00e9m ressaltou a import\u00e2ncia da parceria. &#8220;\u00c9 um enorme prazer estar aqui. Em primeiro lugar, quero agradecer essa parceria que temos com o IDOMED. Estamos recebendo <\/span><\/span><span class=\"x_gmail-TextRun x_gmail-Highlight x_gmail-SCXW153715835 x_gmail-BCX0\" lang=\"PT-BR\"><span class=\"x_gmail-NormalTextRun x_gmail-SCXW153715835 x_gmail-BCX0\">ar<\/span><span class=\"x_gmail-NormalTextRun x_gmail-SCXW153715835 x_gmail-BCX0\">es<\/span><span class=\"x_gmail-NormalTextRun x_gmail-SCXW153715835 x_gmail-BCX0\">-condicionados<\/span><\/span><span class=\"x_gmail-TextRun x_gmail-SCXW153715835 x_gmail-BCX0\" lang=\"PT-BR\"><span class=\"x_gmail-NormalTextRun x_gmail-SCXW153715835 x_gmail-BCX0\">, geladeiras, cadeiras, arm\u00e1rios, computadores, impressoras. S\u00e3o materiais que v\u00e3o possibilitar um ambiente mais adequado para os estudantes de medicina do IDOMED, que atuam dentro da rede de sa\u00fade, al\u00e9m de melhorar a assist\u00eancia \u00e0 nossa comunidade. Essa parceria \u00e9 muito valio<\/span><span class=\"x_gmail-NormalTextRun x_gmail-SCXW153715835 x_gmail-BCX0\">sa e queremos fortalec\u00ea-la cada vez mais&#8221;, afirmou.<\/span><\/span> <span style=\"font-size: 1rem;\">\u00a0<\/span><\/p>\n<\/div>\n<div class=\"x_gmail-OutlineElement x_gmail-Ltr x_gmail-SCXW153715835 x_gmail-BCX0\">\n<p class=\"x_gmail-Paragraph x_gmail-SCXW153715835 x_gmail-BCX0\"><span class=\"x_gmail-TextRun x_gmail-SCXW153715835 x_gmail-BCX0\" lang=\"PT-BR\"><span class=\"x_gmail-NormalTextRun x_gmail-SCXW153715835 x_gmail-BCX0\">Sobre o IDOMED\u00a0<\/span><\/span><span class=\"x_gmail-EOP x_gmail-SCXW153715835 x_gmail-BCX0\">\u00a0<\/span><\/p>\n<\/div>\n<div class=\"x_gmail-OutlineElement x_gmail-Ltr x_gmail-SCXW153715835 x_gmail-BCX0\">\n<p class=\"x_gmail-Paragraph x_gmail-SCXW153715835 x_gmail-BCX0\"><span class=\"x_gmail-EOP x_gmail-SCXW153715835 x_gmail-BCX0\">\u00a0<\/span><span class=\"x_gmail-TextRun x_gmail-SCXW153715835 x_gmail-BCX0\" lang=\"PT-BR\" style=\"font-size: 1rem;\"><span class=\"x_gmail-NormalTextRun x_gmail-SCXW153715835 x_gmail-BCX0\">Com mais de 25 anos de tradi\u00e7\u00e3o, o Instituto de Educa\u00e7\u00e3o M\u00e9dica \u2013 IDOMED \u00e9 um grupo que re\u00fane 18 escolas de medicina e conta com mais de 9 mil alunos distribu\u00eddos em v\u00e1rias regi\u00f5es do Brasil. A institui\u00e7\u00e3o \u00e9 reconhecida por sua excel\u00eancia no ensino m\u00e9dico, com foco em pr\u00e1ticas educacionais avan\u00e7adas, infraestrutura de ponta e uma forte conex\u00e3o com o mercado de trabalho. Al\u00e9m de cursos de gradua\u00e7\u00e3o, o grupo oferece p\u00f3s-gradua\u00e7\u00e3o, especializa\u00e7\u00f5es e programas de atualiza\u00e7\u00e3o, sendo um dos l\u00edderes em inova\u00e7\u00e3o te<\/span><span class=\"x_gmail-NormalTextRun x_gmail-SCXW153715835 x_gmail-BCX0\">cnol\u00f3gica na educa\u00e7\u00e3o m\u00e9dica no pa\u00eds<\/span><\/span><span class=\"x_gmail-EOP x_gmail-SCXW153715835 x_gmail-BCX0\" style=\"font-size: 1rem;\">\u00a0<\/span><\/p>\n<\/div>\n","protected":false},"excerpt":{"rendered":"<p>No primeiro semestre de 2025, o Instituto de Educa\u00e7\u00e3o M\u00e9dica (IDOMED) Juazeiro reafirma seu compromisso com a sa\u00fade p\u00fablica do munic\u00edpio por meio de mais uma importante doa\u00e7\u00e3o de equipamentos para diversas unidades de sa\u00fade. Nesta segunda-feira (10), a unidade recebeu a comitiva da Secretaria de Sa\u00fade de Juazeiro, liderada pelo gestor da pasta, Helder [&hellip;]<\/p>\n","protected":false},"author":1,"featured_media":73597,"comment_status":"open","ping_status":"open","sticky":false,"template":"","format":"standard","meta":{"_uag_custom_page_level_css":"","_monsterinsights_skip_tracking":false,"_monsterinsights_sitenote_active":false,"_monsterinsights_sitenote_note":"","_monsterinsights_sitenote_category":0,"jetpack_post_was_ever_published":false,"_jetpack_newsletter_access":"","_jetpack_dont_email_post_to_subs":false,"_jetpack_newsletter_tier_id":0,"_jetpack_memberships_contains_paywalled_content":false,"_jetpack_memberships_contains_paid_content":false,"footnotes":"","jetpack_publicize_message":"","jetpack_publicize_feature_enabled":true,"jetpack_social_post_already_shared":true,"jetpack_social_options":{"image_generator_settings":{"template":"highway","default_image_id":0,"font":"","enabled":false},"version":2}},"categories":[203,205],"tags":[],"class_list":["post-73595","post","type-post","status-publish","format-standard","has-post-thumbnail","hentry","category-juazeiro","category-saude"],"jetpack_publicize_connections":[],"jetpack_featured_media_url":"https:\/\/blogopara.com.br\/wp-content\/uploads\/2025\/03\/ID1.jpeg","uagb_featured_image_src":{"full":["https:\/\/blogopara.com.br\/wp-content\/uploads\/2025\/03\/ID1.jpeg",500,375,false],"thumbnail":["https:\/\/blogopara.com.br\/wp-content\/uploads\/2025\/03\/ID1-150x150.jpeg",150,150,true],"medium":["https:\/\/blogopara.com.br\/wp-content\/uploads\/2025\/03\/ID1-300x225.jpeg",300,225,true],"medium_large":["https:\/\/blogopara.com.br\/wp-content\/uploads\/2025\/03\/ID1.jpeg",500,375,false],"large":["https:\/\/blogopara.com.br\/wp-content\/uploads\/2025\/03\/ID1.jpeg",500,375,false],"1536x1536":["https:\/\/blogopara.com.br\/wp-content\/uploads\/2025\/03\/ID1.jpeg",500,375,false],"2048x2048":["https:\/\/blogopara.com.br\/wp-content\/uploads\/2025\/03\/ID1.jpeg",500,375,false],"mantranews-slider-large":["https:\/\/blogopara.com.br\/wp-content\/uploads\/2025\/03\/ID1.jpeg",500,375,false],"mantranews-featured-medium":["https:\/\/blogopara.com.br\/wp-content\/uploads\/2025\/03\/ID1-420x307.jpeg",420,307,true],"mantranews-featured-long":["https:\/\/blogopara.com.br\/wp-content\/uploads\/2025\/03\/ID1-300x375.jpeg",300,375,true],"mantranews-block-medium":["https:\/\/blogopara.com.br\/wp-content\/uploads\/2025\/03\/ID1-464x290.jpeg",464,290,true],"mantranews-carousel-image":["https:\/\/blogopara.com.br\/wp-content\/uploads\/2025\/03\/ID1.jpeg",500,375,false],"mantranews-block-thumb":["https:\/\/blogopara.com.br\/wp-content\/uploads\/2025\/03\/ID1-322x230.jpeg",322,230,true],"mantranews-single-large":["https:\/\/blogopara.com.br\/wp-content\/uploads\/2025\/03\/ID1.jpeg",500,375,false]},"uagb_author_info":{"display_name":"Reda\u00e7\u00e3o geral","author_link":"https:\/\/blogopara.com.br\/index.php\/author\/blogopara"},"uagb_comment_info":0,"uagb_excerpt":"No primeiro semestre de 2025, o Instituto de Educa\u00e7\u00e3o M\u00e9dica (IDOMED) Juazeiro reafirma seu compromisso com a sa\u00fade p\u00fablica do munic\u00edpio por meio de mais uma importante doa\u00e7\u00e3o de equipamentos para diversas unidades de sa\u00fade. Nesta segunda-feira (10), a unidade recebeu a comitiva da Secretaria de Sa\u00fade de Juazeiro, liderada pelo gestor da pasta, Helder&hellip;","jetpack_sharing_enabled":true,"jetpack_likes_enabled":true,"_links":{"self":[{"href":"https:\/\/blogopara.com.br\/index.php\/wp-json\/wp\/v2\/posts\/73595","targetHints":{"allow":["GET"]}}],"collection":[{"href":"https:\/\/blogopara.com.br\/index.php\/wp-json\/wp\/v2\/posts"}],"about":[{"href":"https:\/\/blogopara.com.br\/index.php\/wp-json\/wp\/v2\/types\/post"}],"author":[{"embeddable":true,"href":"https:\/\/blogopara.com.br\/index.php\/wp-json\/wp\/v2\/users\/1"}],"replies":[{"embeddable":true,"href":"https:\/\/blogopara.com.br\/index.php\/wp-json\/wp\/v2\/comments?post=73595"}],"version-history":[{"count":2,"href":"https:\/\/blogopara.com.br\/index.php\/wp-json\/wp\/v2\/posts\/73595\/revisions"}],"predecessor-version":[{"id":73599,"href":"https:\/\/blogopara.com.br\/index.php\/wp-json\/wp\/v2\/posts\/73595\/revisions\/73599"}],"wp:featuredmedia":[{"embeddable":true,"href":"https:\/\/blogopara.com.br\/index.php\/wp-json\/wp\/v2\/media\/73597"}],"wp:attachment":[{"href":"https:\/\/blogopara.com.br\/index.php\/wp-json\/wp\/v2\/media?parent=73595"}],"wp:term":[{"taxonomy":"category","embeddable":true,"href":"https:\/\/blogopara.com.br\/index.php\/wp-json\/wp\/v2\/categories?post=73595"},{"taxonomy":"post_tag","embeddable":true,"href":"https:\/\/blogopara.com.br\/index.php\/wp-json\/wp\/v2\/tags?post=73595"}],"curies":[{"name":"wp","href":"https:\/\/api.w.org\/{rel}","templated":true}]}}