{"id":73808,"date":"2025-03-17T16:23:11","date_gmt":"2025-03-17T19:23:11","guid":{"rendered":"https:\/\/blogopara.com.br\/?p=73808"},"modified":"2025-03-25T16:10:00","modified_gmt":"2025-03-25T19:10:00","slug":"juvenilson-passos-se-reune-com-liderancas-de-remanso-e-se-apresenta-como-pre-candidato-a-deputado-estadual","status":"publish","type":"post","link":"https:\/\/blogopara.com.br\/index.php\/2025\/03\/17\/juvenilson-passos-se-reune-com-liderancas-de-remanso-e-se-apresenta-como-pre-candidato-a-deputado-estadual","title":{"rendered":"Juvenilson Passos se re\u00fane com lideran\u00e7as de Remanso e se apresenta como pr\u00e9-candidato a deputado estadual"},"content":{"rendered":"<p class=\"x_MsoNormal\">O ex-prefeito de Sento S\u00e9 e l\u00edder pol\u00edtico da regi\u00e3o, Juvenilson Passos, reuniu-se com lideran\u00e7as comunit\u00e1rias de Remanso neste s\u00e1bado (15), no Sindicato dos Trabalhadores Rurais de Remanso, para apresentar sua pr\u00e9-candidatura a deputado estadual. A reuni\u00e3o, que contou com a presen\u00e7a da ex-prefeita de Sento S\u00e9, Ana Passos, \u00e9 mais um passo na jornada de Juvenilson rumo \u00e0 Assembleia Legislativa da Bahia.<\/p>\n<p class=\"x_MsoNormal\">Em seu discurso, Juvenilson Passos destacou a import\u00e2ncia da uni\u00e3o e do di\u00e1logo com as comunidades para a constru\u00e7\u00e3o de um projeto pol\u00edtico que represente os interesses da popula\u00e7\u00e3o de Remanso e de toda a regi\u00e3o. Ele ressaltou sua experi\u00eancia como gestor p\u00fablico e seu compromisso com o desenvolvimento social e econ\u00f4mico do estado.<\/p>\n<p class=\"x_MsoNormal\">&#8220;Acredito que a pol\u00edtica deve ser feita com a participa\u00e7\u00e3o de todos, ouvindo as demandas e buscando solu\u00e7\u00f5es para os problemas que afligem a nossa gente&#8221;, afirmou Juvenilson Passos. &#8220;Por isso, estou aqui hoje, para colocar meu nome \u00e0 disposi\u00e7\u00e3o e construir, juntos, um futuro melhor para a nossa regi\u00e3o&#8221;.<\/p>\n","protected":false},"excerpt":{"rendered":"<p>O ex-prefeito de Sento S\u00e9 e l\u00edder pol\u00edtico da regi\u00e3o, Juvenilson Passos, reuniu-se com lideran\u00e7as comunit\u00e1rias de Remanso neste s\u00e1bado (15), no Sindicato dos Trabalhadores Rurais de Remanso, para apresentar sua pr\u00e9-candidatura a deputado estadual. A reuni\u00e3o, que contou com a presen\u00e7a da ex-prefeita de Sento S\u00e9, Ana Passos, \u00e9 mais um passo na jornada [&hellip;]<\/p>\n","protected":false},"author":1,"featured_media":73809,"comment_status":"open","ping_status":"open","sticky":false,"template":"","format":"standard","meta":{"_uag_custom_page_level_css":"","_monsterinsights_skip_tracking":false,"_monsterinsights_sitenote_active":false,"_monsterinsights_sitenote_note":"","_monsterinsights_sitenote_category":0,"jetpack_post_was_ever_published":false,"_jetpack_newsletter_access":"","_jetpack_dont_email_post_to_subs":false,"_jetpack_newsletter_tier_id":0,"_jetpack_memberships_contains_paywalled_content":false,"_jetpack_memberships_contains_paid_content":false,"footnotes":"","jetpack_publicize_message":"","jetpack_publicize_feature_enabled":true,"jetpack_social_post_already_shared":true,"jetpack_social_options":{"image_generator_settings":{"template":"highway","default_image_id":0,"font":"","enabled":false},"version":2}},"categories":[197],"tags":[],"class_list":["post-73808","post","type-post","status-publish","format-standard","has-post-thumbnail","hentry","category-politica"],"jetpack_publicize_connections":[],"jetpack_featured_media_url":"https:\/\/blogopara.com.br\/wp-content\/uploads\/2025\/03\/thumbnail_WhatsApp-Image-2025-03-15-at-15.24.43.jpg","uagb_featured_image_src":{"full":["https:\/\/blogopara.com.br\/wp-content\/uploads\/2025\/03\/thumbnail_WhatsApp-Image-2025-03-15-at-15.24.43.jpg",500,281,false],"thumbnail":["https:\/\/blogopara.com.br\/wp-content\/uploads\/2025\/03\/thumbnail_WhatsApp-Image-2025-03-15-at-15.24.43-150x150.jpg",150,150,true],"medium":["https:\/\/blogopara.com.br\/wp-content\/uploads\/2025\/03\/thumbnail_WhatsApp-Image-2025-03-15-at-15.24.43-300x169.jpg",300,169,true],"medium_large":["https:\/\/blogopara.com.br\/wp-content\/uploads\/2025\/03\/thumbnail_WhatsApp-Image-2025-03-15-at-15.24.43.jpg",500,281,false],"large":["https:\/\/blogopara.com.br\/wp-content\/uploads\/2025\/03\/thumbnail_WhatsApp-Image-2025-03-15-at-15.24.43.jpg",500,281,false],"1536x1536":["https:\/\/blogopara.com.br\/wp-content\/uploads\/2025\/03\/thumbnail_WhatsApp-Image-2025-03-15-at-15.24.43.jpg",500,281,false],"2048x2048":["https:\/\/blogopara.com.br\/wp-content\/uploads\/2025\/03\/thumbnail_WhatsApp-Image-2025-03-15-at-15.24.43.jpg",500,281,false],"mantranews-slider-large":["https:\/\/blogopara.com.br\/wp-content\/uploads\/2025\/03\/thumbnail_WhatsApp-Image-2025-03-15-at-15.24.43.jpg",500,281,false],"mantranews-featured-medium":["https:\/\/blogopara.com.br\/wp-content\/uploads\/2025\/03\/thumbnail_WhatsApp-Image-2025-03-15-at-15.24.43-420x281.jpg",420,281,true],"mantranews-featured-long":["https:\/\/blogopara.com.br\/wp-content\/uploads\/2025\/03\/thumbnail_WhatsApp-Image-2025-03-15-at-15.24.43-300x281.jpg",300,281,true],"mantranews-block-medium":["https:\/\/blogopara.com.br\/wp-content\/uploads\/2025\/03\/thumbnail_WhatsApp-Image-2025-03-15-at-15.24.43-464x281.jpg",464,281,true],"mantranews-carousel-image":["https:\/\/blogopara.com.br\/wp-content\/uploads\/2025\/03\/thumbnail_WhatsApp-Image-2025-03-15-at-15.24.43.jpg",500,281,false],"mantranews-block-thumb":["https:\/\/blogopara.com.br\/wp-content\/uploads\/2025\/03\/thumbnail_WhatsApp-Image-2025-03-15-at-15.24.43-322x230.jpg",322,230,true],"mantranews-single-large":["https:\/\/blogopara.com.br\/wp-content\/uploads\/2025\/03\/thumbnail_WhatsApp-Image-2025-03-15-at-15.24.43.jpg",500,281,false]},"uagb_author_info":{"display_name":"Reda\u00e7\u00e3o geral","author_link":"https:\/\/blogopara.com.br\/index.php\/author\/blogopara"},"uagb_comment_info":0,"uagb_excerpt":"O ex-prefeito de Sento S\u00e9 e l\u00edder pol\u00edtico da regi\u00e3o, Juvenilson Passos, reuniu-se com lideran\u00e7as comunit\u00e1rias de Remanso neste s\u00e1bado (15), no Sindicato dos Trabalhadores Rurais de Remanso, para apresentar sua pr\u00e9-candidatura a deputado estadual. A reuni\u00e3o, que contou com a presen\u00e7a da ex-prefeita de Sento S\u00e9, Ana Passos, \u00e9 mais um passo na jornada&hellip;","jetpack_sharing_enabled":true,"jetpack_likes_enabled":true,"_links":{"self":[{"href":"https:\/\/blogopara.com.br\/index.php\/wp-json\/wp\/v2\/posts\/73808","targetHints":{"allow":["GET"]}}],"collection":[{"href":"https:\/\/blogopara.com.br\/index.php\/wp-json\/wp\/v2\/posts"}],"about":[{"href":"https:\/\/blogopara.com.br\/index.php\/wp-json\/wp\/v2\/types\/post"}],"author":[{"embeddable":true,"href":"https:\/\/blogopara.com.br\/index.php\/wp-json\/wp\/v2\/users\/1"}],"replies":[{"embeddable":true,"href":"https:\/\/blogopara.com.br\/index.php\/wp-json\/wp\/v2\/comments?post=73808"}],"version-history":[{"count":2,"href":"https:\/\/blogopara.com.br\/index.php\/wp-json\/wp\/v2\/posts\/73808\/revisions"}],"predecessor-version":[{"id":74146,"href":"https:\/\/blogopara.com.br\/index.php\/wp-json\/wp\/v2\/posts\/73808\/revisions\/74146"}],"wp:featuredmedia":[{"embeddable":true,"href":"https:\/\/blogopara.com.br\/index.php\/wp-json\/wp\/v2\/media\/73809"}],"wp:attachment":[{"href":"https:\/\/blogopara.com.br\/index.php\/wp-json\/wp\/v2\/media?parent=73808"}],"wp:term":[{"taxonomy":"category","embeddable":true,"href":"https:\/\/blogopara.com.br\/index.php\/wp-json\/wp\/v2\/categories?post=73808"},{"taxonomy":"post_tag","embeddable":true,"href":"https:\/\/blogopara.com.br\/index.php\/wp-json\/wp\/v2\/tags?post=73808"}],"curies":[{"name":"wp","href":"https:\/\/api.w.org\/{rel}","templated":true}]}}