{"id":73840,"date":"2025-03-18T13:00:29","date_gmt":"2025-03-18T16:00:29","guid":{"rendered":"https:\/\/blogopara.com.br\/?p=73840"},"modified":"2025-03-18T13:00:29","modified_gmt":"2025-03-18T16:00:29","slug":"6-homens-morrem-em-confronto-com-a-rondesp-leste-em-terra-nova-drogas-e-armas-foram-apreendidas","status":"publish","type":"post","link":"https:\/\/blogopara.com.br\/index.php\/2025\/03\/18\/6-homens-morrem-em-confronto-com-a-rondesp-leste-em-terra-nova-drogas-e-armas-foram-apreendidas","title":{"rendered":"6 homens morrem em confronto com a Rondesp Leste em Terra Nova; drogas e armas foram apreendidas"},"content":{"rendered":"<p><main id=\"post-512623\" class=\"single mb-10 mb-md-12\" data-post-category=\"30606\" data-post-tags=\"36596,137850\"><\/p>\n<section class=\"single-body container-xl px-4 px-xl-0 mt-6 mt-md-7\" data-flash-single-body=\"1\">\n<div class=\"grid\">\n<article class=\"g-col-12 g-col-lg-8 tbl-forkorts-article\">\n<div class=\"single-content mb-4\">\n<p>Seis homens morreram durante confronto com policiais militares no munic\u00edpio de Terra Nova nesta segunda-feira (17). Na a\u00e7\u00e3o, um policial sofreu uma les\u00e3o no tornozelo, foi socorrido e passa bem.<\/p>\n<p>De acordo com informa\u00e7\u00f5es obtidas pelo Acorda Cidade, o confronto ocorreu depois que a pol\u00edcia recebeu a informa\u00e7\u00e3o de que v\u00e1rios criminosos estavam no local comercializando drogas e exibindo armas.<\/p>\n<p>Guarni\u00e7\u00f5es da Rondesp Leste, de Feira de Santana, foram at\u00e9 a cidade em apoio as guarni\u00e7\u00f5es da 97\u00aa CIPM, onde foram recebidas a tiros por cerca de 15 homens e houve o confronto. De acordo com o Major Denis, comandante da Rondesp, os seis homens baleados chegaram a ser socorridos, mas n\u00e3o resistiram.<\/p>\n<figure class=\"wp-block-image size-full\"><img loading=\"lazy\" decoding=\"async\" class=\"wp-image-512640 entered lazyloaded\" src=\"https:\/\/uploads.acordacidade.com.br\/2025\/03\/confronto-com-a-policia-em-TN.webp\" sizes=\"auto, (max-width: 640px) 100vw, 640px\" srcset=\"https:\/\/uploads.acordacidade.com.br\/2025\/03\/confronto-com-a-policia-em-TN-300x169.webp 300w, https:\/\/uploads.acordacidade.com.br\/2025\/03\/3CH8z4cb-confronto-com-a-policia-em-TN-150x84.webp 150w, https:\/\/uploads.acordacidade.com.br\/2025\/03\/confronto-com-a-policia-em-TN.webp 640w\" alt=\"Seis homens morrem em confronto com a pol\u00edcia em Terra Nova; drogas e armas foram apreendidas\" width=\"640\" height=\"360\" data-lazy-srcset=\"https:\/\/uploads.acordacidade.com.br\/2025\/03\/confronto-com-a-policia-em-TN-300x169.webp 300w, https:\/\/uploads.acordacidade.com.br\/2025\/03\/3CH8z4cb-confronto-com-a-policia-em-TN-150x84.webp 150w, https:\/\/uploads.acordacidade.com.br\/2025\/03\/confronto-com-a-policia-em-TN.webp 640w\" data-lazy-sizes=\"(max-width: 640px) 100vw, 640px\" data-lazy-src=\"https:\/\/uploads.acordacidade.com.br\/2025\/03\/confronto-com-a-policia-em-TN.webp\" data-ll-status=\"loaded\" \/><figcaption class=\"wp-element-caption\"><\/figcaption><\/figure>\n<p>Ao Acorda Cidade, o major Denis informou tamb\u00e9m que um dia antes do confronto uma fam\u00edlia foi expulsa por traficantes por ter acionado a pol\u00edcia em vez de cham\u00e1-los para resolver uma situa\u00e7\u00e3o de briga de casal.<\/p>\n<p>\u201cOntem houve uma informa\u00e7\u00e3o para um acionamento da guarni\u00e7\u00e3o da 97 CIPM para o atendimento de uma ocorr\u00eancia de briga de casal. Houve esse atendimento e por consequ\u00eancia disso, a criminalidade da regi\u00e3o chamou os envolvidos na briga e os indagaram porque teriam chamado a pol\u00edcia e n\u00e3o pessoas ligadas ao crime. E a\u00ed, ap\u00f3s essa indaga\u00e7\u00e3o, houve um processo em que essa fam\u00edlia toda foi expulsa da casa onde morava. Hoje ocorreu essa den\u00fancia da movimenta\u00e7\u00e3o grande de tr\u00e1fico de drogas na regi\u00e3o da feira livre na cidade e exibindo armas\u201d, explicou.<\/p>\n<\/div>\n<\/article>\n<\/div>\n<\/section>\n<p><\/main><\/p>\n","protected":false},"excerpt":{"rendered":"<p>Seis homens morreram durante confronto com policiais militares no munic\u00edpio de Terra Nova nesta segunda-feira (17). Na a\u00e7\u00e3o, um policial sofreu uma les\u00e3o no tornozelo, foi socorrido e passa bem. De acordo com informa\u00e7\u00f5es obtidas pelo Acorda Cidade, o confronto ocorreu depois que a pol\u00edcia recebeu a informa\u00e7\u00e3o de que v\u00e1rios criminosos estavam no local [&hellip;]<\/p>\n","protected":false},"author":1,"featured_media":73841,"comment_status":"open","ping_status":"open","sticky":false,"template":"","format":"standard","meta":{"_uag_custom_page_level_css":"","_monsterinsights_skip_tracking":false,"_monsterinsights_sitenote_active":false,"_monsterinsights_sitenote_note":"","_monsterinsights_sitenote_category":0,"jetpack_post_was_ever_published":false,"_jetpack_newsletter_access":"","_jetpack_dont_email_post_to_subs":false,"_jetpack_newsletter_tier_id":0,"_jetpack_memberships_contains_paywalled_content":false,"_jetpack_memberships_contains_paid_content":false,"footnotes":"","jetpack_publicize_message":"","jetpack_publicize_feature_enabled":true,"jetpack_social_post_already_shared":true,"jetpack_social_options":{"image_generator_settings":{"template":"highway","default_image_id":0,"font":"","enabled":false},"version":2}},"categories":[199],"tags":[],"class_list":["post-73840","post","type-post","status-publish","format-standard","has-post-thumbnail","hentry","category-bahia"],"jetpack_publicize_connections":[],"jetpack_featured_media_url":"https:\/\/blogopara.com.br\/wp-content\/uploads\/2025\/03\/imagem_2025-03-18_125955308-e1742313556879.png","uagb_featured_image_src":{"full":["https:\/\/blogopara.com.br\/wp-content\/uploads\/2025\/03\/imagem_2025-03-18_125955308-e1742313556879.png",500,359,false],"thumbnail":["https:\/\/blogopara.com.br\/wp-content\/uploads\/2025\/03\/imagem_2025-03-18_125955308-150x150.png",150,150,true],"medium":["https:\/\/blogopara.com.br\/wp-content\/uploads\/2025\/03\/imagem_2025-03-18_125955308-300x216.png",300,216,true],"medium_large":["https:\/\/blogopara.com.br\/wp-content\/uploads\/2025\/03\/imagem_2025-03-18_125955308-e1742313556879.png",500,359,false],"large":["https:\/\/blogopara.com.br\/wp-content\/uploads\/2025\/03\/imagem_2025-03-18_125955308-e1742313556879.png",500,359,false],"1536x1536":["https:\/\/blogopara.com.br\/wp-content\/uploads\/2025\/03\/imagem_2025-03-18_125955308-e1742313556879.png",500,359,false],"2048x2048":["https:\/\/blogopara.com.br\/wp-content\/uploads\/2025\/03\/imagem_2025-03-18_125955308-e1742313556879.png",500,359,false],"mantranews-slider-large":["https:\/\/blogopara.com.br\/wp-content\/uploads\/2025\/03\/imagem_2025-03-18_125955308-e1742313556879.png",500,359,false],"mantranews-featured-medium":["https:\/\/blogopara.com.br\/wp-content\/uploads\/2025\/03\/imagem_2025-03-18_125955308-420x307.png",420,307,true],"mantranews-featured-long":["https:\/\/blogopara.com.br\/wp-content\/uploads\/2025\/03\/imagem_2025-03-18_125955308-300x443.png",300,443,true],"mantranews-block-medium":["https:\/\/blogopara.com.br\/wp-content\/uploads\/2025\/03\/imagem_2025-03-18_125955308-464x290.png",464,290,true],"mantranews-carousel-image":["https:\/\/blogopara.com.br\/wp-content\/uploads\/2025\/03\/imagem_2025-03-18_125955308-600x460.png",600,460,true],"mantranews-block-thumb":["https:\/\/blogopara.com.br\/wp-content\/uploads\/2025\/03\/imagem_2025-03-18_125955308-322x230.png",322,230,true],"mantranews-single-large":["https:\/\/blogopara.com.br\/wp-content\/uploads\/2025\/03\/imagem_2025-03-18_125955308-e1742313556879.png",500,359,false]},"uagb_author_info":{"display_name":"Reda\u00e7\u00e3o geral","author_link":"https:\/\/blogopara.com.br\/index.php\/author\/blogopara"},"uagb_comment_info":0,"uagb_excerpt":"Seis homens morreram durante confronto com policiais militares no munic\u00edpio de Terra Nova nesta segunda-feira (17). Na a\u00e7\u00e3o, um policial sofreu uma les\u00e3o no tornozelo, foi socorrido e passa bem. De acordo com informa\u00e7\u00f5es obtidas pelo Acorda Cidade, o confronto ocorreu depois que a pol\u00edcia recebeu a informa\u00e7\u00e3o de que v\u00e1rios criminosos estavam no local&hellip;","jetpack_sharing_enabled":true,"jetpack_likes_enabled":true,"_links":{"self":[{"href":"https:\/\/blogopara.com.br\/index.php\/wp-json\/wp\/v2\/posts\/73840","targetHints":{"allow":["GET"]}}],"collection":[{"href":"https:\/\/blogopara.com.br\/index.php\/wp-json\/wp\/v2\/posts"}],"about":[{"href":"https:\/\/blogopara.com.br\/index.php\/wp-json\/wp\/v2\/types\/post"}],"author":[{"embeddable":true,"href":"https:\/\/blogopara.com.br\/index.php\/wp-json\/wp\/v2\/users\/1"}],"replies":[{"embeddable":true,"href":"https:\/\/blogopara.com.br\/index.php\/wp-json\/wp\/v2\/comments?post=73840"}],"version-history":[{"count":1,"href":"https:\/\/blogopara.com.br\/index.php\/wp-json\/wp\/v2\/posts\/73840\/revisions"}],"predecessor-version":[{"id":73842,"href":"https:\/\/blogopara.com.br\/index.php\/wp-json\/wp\/v2\/posts\/73840\/revisions\/73842"}],"wp:featuredmedia":[{"embeddable":true,"href":"https:\/\/blogopara.com.br\/index.php\/wp-json\/wp\/v2\/media\/73841"}],"wp:attachment":[{"href":"https:\/\/blogopara.com.br\/index.php\/wp-json\/wp\/v2\/media?parent=73840"}],"wp:term":[{"taxonomy":"category","embeddable":true,"href":"https:\/\/blogopara.com.br\/index.php\/wp-json\/wp\/v2\/categories?post=73840"},{"taxonomy":"post_tag","embeddable":true,"href":"https:\/\/blogopara.com.br\/index.php\/wp-json\/wp\/v2\/tags?post=73840"}],"curies":[{"name":"wp","href":"https:\/\/api.w.org\/{rel}","templated":true}]}}