{"id":73900,"date":"2025-03-19T18:56:17","date_gmt":"2025-03-19T21:56:17","guid":{"rendered":"https:\/\/blogopara.com.br\/?p=73900"},"modified":"2025-03-19T18:56:17","modified_gmt":"2025-03-19T21:56:17","slug":"retaliacao-do-bdm-rodoviario-e-executado-dentro-de-casa-apos-morte-de-traficantes","status":"publish","type":"post","link":"https:\/\/blogopara.com.br\/index.php\/2025\/03\/19\/retaliacao-do-bdm-rodoviario-e-executado-dentro-de-casa-apos-morte-de-traficantes","title":{"rendered":"Retalia\u00e7\u00e3o do BDM: rodovi\u00e1rio \u00e9 executado dentro de casa ap\u00f3s morte de traficantes"},"content":{"rendered":"<div class=\"flex flex-col p-2 px-0 w-full font-normal text-[18px] leading-[30px] text-tw-theme-text-default\">\n<p id=\"paragrafo-gf362qo54b\">Dois dias ap\u00f3s<a class=\"link\" href=\"https:\/\/www.correio24horas.com.br\/minha-bahia\/acao-policial-deixa-quatro-mortos-em-fazenda-grande-do-retiro-0325\" target=\"_blank\" rel=\"noopener\">\u00a0quatro integrantes da fac\u00e7\u00e3o Bonde do Maluco (BDM) morrerem em confronto<\/a> com agentes da Pol\u00edcia Militar da Bahia (PM-BA), um novo caso de viol\u00eancia foi registrado na noite de ter\u00e7a-feira (18), na localidade da Fonte do Capim, no bairro de Fazenda Grande do Retiro, em Salvador. Nessa ocorr\u00eancia, um homem identificado como Waldir Barreto Lopes, 54 anos, que trabalhava como rodovi\u00e1rio, teve a casa invadida e foi executado a tiros.<\/p>\n<\/div>\n<div class=\"flex flex-col p-2 px-0 w-full font-normal text-[18px] leading-[30px] text-tw-theme-text-default\">\n<p id=\"paragrafo-un5rpb4n7m\">Procurada, a Pol\u00edcia Militar da Bahia (PM-BA) informou que agentes da 9\u00aa Companhia Independente (CIPM) foram acionados para o caso, que foi registrado no interior de um im\u00f3vel na Rua Rio Catu. No local, os militares encontraram a v\u00edtima, acionando o Samu. Waldir, no entanto, n\u00e3o resistiu aos ferimentos e teve o \u00f3bito atestado pela equipe m\u00e9dica que o atendeu.<\/p>\n<\/div>\n<div class=\"flex flex-col p-2 px-0 w-full\">\n<div id=\"imagem-n89639n1ro\" class=\"w-full\">Waldir Barreto Lopes, 54 anos, foi morto dentro de casa\u00a0<span class=\"font-bold\">Cr\u00e9dito: Reprodu\u00e7\u00e3o<\/span><\/div>\n<\/div>\n<div class=\"flex flex-col p-2 px-0 w-full font-normal text-[18px] leading-[30px] text-tw-theme-text-default\">\n<p id=\"paragrafo-90f23vuyrk\">Consultada pela reportagem, uma fonte da pol\u00edcia, que prefere manter anonimato, afirmou que h\u00e1 a suspeita de que Waldir tenha sido morto por conta da a\u00e7\u00e3o de domingo. \u201cN\u00f3s temos informa\u00e7\u00f5es de que, ap\u00f3s a a\u00e7\u00e3o policial, houve uma esp\u00e9cie de ca\u00e7a na \u00e1rea pelo BDM porque, supostamente, eles estavam atr\u00e1s de quem fez a den\u00fancia para a a\u00e7\u00e3o, o que sempre fica sob sigilo\u201d, aponta o policial.<\/p>\n<\/div>\n<div class=\"flex flex-col p-2 px-0 w-full font-normal text-[18px] leading-[30px] text-tw-theme-text-default\">\n<p id=\"paragrafo-j6no2yabbj\">Ao ser questionada pelo CORREIO sobre a a\u00e7\u00e3o do domingo, os quatro integrantes do BDM estariam traficando drogas na localidade e foram denunciados. Na chegada dos policiais, entretanto, houve tiroteio. Houve revide da PM e, ap\u00f3s a troca de tiros, quatro suspeitos foram encontrados feridos e socorridos para o Hospital Ernesto Sim\u00f5es Filho, onde n\u00e3o resistiram aos ferimentos.<\/p>\n<\/div>\n<div class=\"flex flex-col p-2 px-0 w-full font-normal text-[18px] leading-[30px] text-tw-theme-text-default\">\n<p id=\"paragrafo-wtcj9bywu3\">O policial destaca que as den\u00fancias s\u00e3o preservadas em anonimato. \u201c\u00c9 poss\u00edvel fazer esse tipo de den\u00fancia com absoluto sigilo, sem correr risco. Esse caso, por exemplo, pode ser uma situa\u00e7\u00e3o de morte de uma pessoa que nem denunciou. Muitas vezes, por fofoca, essa informa\u00e7\u00e3o chega na fac\u00e7\u00e3o e, mesmo que n\u00e3o seja verdade, acabam executando as v\u00edtimas como retalia\u00e7\u00e3o\u201d, completa.<\/p>\n<\/div>\n<div class=\"flex flex-col p-2 px-0 w-full font-normal text-[18px] leading-[30px] text-tw-theme-text-default\">\n<p id=\"paragrafo-tpdzmqyhtn\">Relatos iniciais apontam que Waldir trabalhava como rodovi\u00e1rio em Salvador e o Sindicato dos Rodovi\u00e1rios foi acionado para confirmar a informa\u00e7\u00e3o, mas a reportagem n\u00e3o obteve resposta. O caso ser\u00e1 investigado pela 3\u00aa Delegacia de Homic\u00eddios (DH\/BTS). A per\u00edcia e remo\u00e7\u00e3o do corpo foi feita pelo Departamento de Pol\u00edcia T\u00e9cnica (DPT).<\/p>\n<\/div>\n","protected":false},"excerpt":{"rendered":"<p>Dois dias ap\u00f3s\u00a0quatro integrantes da fac\u00e7\u00e3o Bonde do Maluco (BDM) morrerem em confronto com agentes da Pol\u00edcia Militar da Bahia (PM-BA), um novo caso de viol\u00eancia foi registrado na noite de ter\u00e7a-feira (18), na localidade da Fonte do Capim, no bairro de Fazenda Grande do Retiro, em Salvador. Nessa ocorr\u00eancia, um homem identificado como Waldir [&hellip;]<\/p>\n","protected":false},"author":1,"featured_media":73901,"comment_status":"open","ping_status":"open","sticky":false,"template":"","format":"standard","meta":{"_uag_custom_page_level_css":"","_monsterinsights_skip_tracking":false,"_monsterinsights_sitenote_active":false,"_monsterinsights_sitenote_note":"","_monsterinsights_sitenote_category":0,"jetpack_post_was_ever_published":false,"_jetpack_newsletter_access":"","_jetpack_dont_email_post_to_subs":false,"_jetpack_newsletter_tier_id":0,"_jetpack_memberships_contains_paywalled_content":false,"_jetpack_memberships_contains_paid_content":false,"footnotes":"","jetpack_publicize_message":"","jetpack_publicize_feature_enabled":true,"jetpack_social_post_already_shared":true,"jetpack_social_options":{"image_generator_settings":{"template":"highway","default_image_id":0,"font":"","enabled":false},"version":2}},"categories":[199,202],"tags":[],"class_list":["post-73900","post","type-post","status-publish","format-standard","has-post-thumbnail","hentry","category-bahia","category-policia"],"jetpack_publicize_connections":[],"jetpack_featured_media_url":"https:\/\/blogopara.com.br\/wp-content\/uploads\/2025\/03\/fffffffffffffffffffffffffffffffffffffffffffffffffff.jpg","uagb_featured_image_src":{"full":["https:\/\/blogopara.com.br\/wp-content\/uploads\/2025\/03\/fffffffffffffffffffffffffffffffffffffffffffffffffff.jpg",500,382,false],"thumbnail":["https:\/\/blogopara.com.br\/wp-content\/uploads\/2025\/03\/fffffffffffffffffffffffffffffffffffffffffffffffffff-150x150.jpg",150,150,true],"medium":["https:\/\/blogopara.com.br\/wp-content\/uploads\/2025\/03\/fffffffffffffffffffffffffffffffffffffffffffffffffff-300x229.jpg",300,229,true],"medium_large":["https:\/\/blogopara.com.br\/wp-content\/uploads\/2025\/03\/fffffffffffffffffffffffffffffffffffffffffffffffffff.jpg",500,382,false],"large":["https:\/\/blogopara.com.br\/wp-content\/uploads\/2025\/03\/fffffffffffffffffffffffffffffffffffffffffffffffffff.jpg",500,382,false],"1536x1536":["https:\/\/blogopara.com.br\/wp-content\/uploads\/2025\/03\/fffffffffffffffffffffffffffffffffffffffffffffffffff.jpg",500,382,false],"2048x2048":["https:\/\/blogopara.com.br\/wp-content\/uploads\/2025\/03\/fffffffffffffffffffffffffffffffffffffffffffffffffff.jpg",500,382,false],"mantranews-slider-large":["https:\/\/blogopara.com.br\/wp-content\/uploads\/2025\/03\/fffffffffffffffffffffffffffffffffffffffffffffffffff.jpg",500,382,false],"mantranews-featured-medium":["https:\/\/blogopara.com.br\/wp-content\/uploads\/2025\/03\/fffffffffffffffffffffffffffffffffffffffffffffffffff-420x307.jpg",420,307,true],"mantranews-featured-long":["https:\/\/blogopara.com.br\/wp-content\/uploads\/2025\/03\/fffffffffffffffffffffffffffffffffffffffffffffffffff-300x382.jpg",300,382,true],"mantranews-block-medium":["https:\/\/blogopara.com.br\/wp-content\/uploads\/2025\/03\/fffffffffffffffffffffffffffffffffffffffffffffffffff-464x290.jpg",464,290,true],"mantranews-carousel-image":["https:\/\/blogopara.com.br\/wp-content\/uploads\/2025\/03\/fffffffffffffffffffffffffffffffffffffffffffffffffff.jpg",500,382,false],"mantranews-block-thumb":["https:\/\/blogopara.com.br\/wp-content\/uploads\/2025\/03\/fffffffffffffffffffffffffffffffffffffffffffffffffff-322x230.jpg",322,230,true],"mantranews-single-large":["https:\/\/blogopara.com.br\/wp-content\/uploads\/2025\/03\/fffffffffffffffffffffffffffffffffffffffffffffffffff.jpg",500,382,false]},"uagb_author_info":{"display_name":"Reda\u00e7\u00e3o geral","author_link":"https:\/\/blogopara.com.br\/index.php\/author\/blogopara"},"uagb_comment_info":0,"uagb_excerpt":"Dois dias ap\u00f3s\u00a0quatro integrantes da fac\u00e7\u00e3o Bonde do Maluco (BDM) morrerem em confronto com agentes da Pol\u00edcia Militar da Bahia (PM-BA), um novo caso de viol\u00eancia foi registrado na noite de ter\u00e7a-feira (18), na localidade da Fonte do Capim, no bairro de Fazenda Grande do Retiro, em Salvador. Nessa ocorr\u00eancia, um homem identificado como Waldir&hellip;","jetpack_sharing_enabled":true,"jetpack_likes_enabled":true,"_links":{"self":[{"href":"https:\/\/blogopara.com.br\/index.php\/wp-json\/wp\/v2\/posts\/73900","targetHints":{"allow":["GET"]}}],"collection":[{"href":"https:\/\/blogopara.com.br\/index.php\/wp-json\/wp\/v2\/posts"}],"about":[{"href":"https:\/\/blogopara.com.br\/index.php\/wp-json\/wp\/v2\/types\/post"}],"author":[{"embeddable":true,"href":"https:\/\/blogopara.com.br\/index.php\/wp-json\/wp\/v2\/users\/1"}],"replies":[{"embeddable":true,"href":"https:\/\/blogopara.com.br\/index.php\/wp-json\/wp\/v2\/comments?post=73900"}],"version-history":[{"count":1,"href":"https:\/\/blogopara.com.br\/index.php\/wp-json\/wp\/v2\/posts\/73900\/revisions"}],"predecessor-version":[{"id":73902,"href":"https:\/\/blogopara.com.br\/index.php\/wp-json\/wp\/v2\/posts\/73900\/revisions\/73902"}],"wp:featuredmedia":[{"embeddable":true,"href":"https:\/\/blogopara.com.br\/index.php\/wp-json\/wp\/v2\/media\/73901"}],"wp:attachment":[{"href":"https:\/\/blogopara.com.br\/index.php\/wp-json\/wp\/v2\/media?parent=73900"}],"wp:term":[{"taxonomy":"category","embeddable":true,"href":"https:\/\/blogopara.com.br\/index.php\/wp-json\/wp\/v2\/categories?post=73900"},{"taxonomy":"post_tag","embeddable":true,"href":"https:\/\/blogopara.com.br\/index.php\/wp-json\/wp\/v2\/tags?post=73900"}],"curies":[{"name":"wp","href":"https:\/\/api.w.org\/{rel}","templated":true}]}}