{"id":73903,"date":"2025-03-19T18:59:07","date_gmt":"2025-03-19T21:59:07","guid":{"rendered":"https:\/\/blogopara.com.br\/?p=73903"},"modified":"2025-03-19T18:59:07","modified_gmt":"2025-03-19T21:59:07","slug":"juazeiro-suzana-ramos-tem-contas-aprovadas-pela-camara-de-vereadores-apos-votacao-no-tcm","status":"publish","type":"post","link":"https:\/\/blogopara.com.br\/index.php\/2025\/03\/19\/juazeiro-suzana-ramos-tem-contas-aprovadas-pela-camara-de-vereadores-apos-votacao-no-tcm","title":{"rendered":"Juazeiro: Suzana Ramos tem contas aprovadas pela C\u00e2mara de Vereadores,  ap\u00f3s vota\u00e7\u00e3o no TCM"},"content":{"rendered":"<p class=\"x_MsoNormal\">Nesta quarta-feira (19), a C\u00e2mara de Vereadores de Juazeiro aprovou sem ressalvas as contas da ex-prefeita Suzana Ramos, referentes ao exerc\u00edcio de 2022. A decis\u00e3o segue o parecer favor\u00e1vel do Tribunal de Contas dos Munic\u00edpios da Bahia (TCM-BA), que tamb\u00e9m aprovou as contas da gestora \u00e0 frente do Pa\u00e7o Municipal em 2022.<\/p>\n<p class=\"x_MsoNormal\">Suzana Ramos comemorou o resultado e destacou que a aprova\u00e7\u00e3o sem ressalvas comprova sua gest\u00e3o respons\u00e1vel e transparente. &#8220;Sempre administrei Juazeiro com seriedade e compromisso, garantindo que cada recurso fosse aplicado corretamente para o bem da popula\u00e7\u00e3o&#8221;, afirmou.<\/p>\n<p class=\"x_MsoNormal\">Com a aprova\u00e7\u00e3o das contas pelo TCM e pela C\u00e2mara Municipal, Suzana ressaltou que sua gest\u00e3o sempre priorizou a responsabilidade fiscal. \u201cInvestimos na reforma das unidades de sa\u00fade, na constru\u00e7\u00e3o e requalifica\u00e7\u00e3o de escolas, na pavimenta\u00e7\u00e3o de ruas e na execu\u00e7\u00e3o de projetos importantes com recursos pr\u00f3prios\u201d, destacou.<\/p>\n<p class=\"x_MsoNormal\">\n<p class=\"x_MsoNormal\">&#8211;<\/p>\n<p class=\"x_MsoNormal\">Ascom Suzana Ramos<\/p>\n","protected":false},"excerpt":{"rendered":"<p>Nesta quarta-feira (19), a C\u00e2mara de Vereadores de Juazeiro aprovou sem ressalvas as contas da ex-prefeita Suzana Ramos, referentes ao exerc\u00edcio de 2022. A decis\u00e3o segue o parecer favor\u00e1vel do Tribunal de Contas dos Munic\u00edpios da Bahia (TCM-BA), que tamb\u00e9m aprovou as contas da gestora \u00e0 frente do Pa\u00e7o Municipal em 2022. Suzana Ramos comemorou [&hellip;]<\/p>\n","protected":false},"author":1,"featured_media":64716,"comment_status":"open","ping_status":"open","sticky":false,"template":"","format":"standard","meta":{"_uag_custom_page_level_css":"","_monsterinsights_skip_tracking":false,"_monsterinsights_sitenote_active":false,"_monsterinsights_sitenote_note":"","_monsterinsights_sitenote_category":0,"jetpack_post_was_ever_published":false,"_jetpack_newsletter_access":"","_jetpack_dont_email_post_to_subs":false,"_jetpack_newsletter_tier_id":0,"_jetpack_memberships_contains_paywalled_content":false,"_jetpack_memberships_contains_paid_content":false,"footnotes":"","jetpack_publicize_message":"","jetpack_publicize_feature_enabled":true,"jetpack_social_post_already_shared":true,"jetpack_social_options":{"image_generator_settings":{"template":"highway","default_image_id":0,"font":"","enabled":false},"version":2}},"categories":[203,197],"tags":[],"class_list":["post-73903","post","type-post","status-publish","format-standard","has-post-thumbnail","hentry","category-juazeiro","category-politica"],"jetpack_publicize_connections":[],"jetpack_featured_media_url":"https:\/\/blogopara.com.br\/wp-content\/uploads\/2024\/05\/thumbnail_Suzana-Ramos.jpg","uagb_featured_image_src":{"full":["https:\/\/blogopara.com.br\/wp-content\/uploads\/2024\/05\/thumbnail_Suzana-Ramos.jpg",500,312,false],"thumbnail":["https:\/\/blogopara.com.br\/wp-content\/uploads\/2024\/05\/thumbnail_Suzana-Ramos-150x150.jpg",150,150,true],"medium":["https:\/\/blogopara.com.br\/wp-content\/uploads\/2024\/05\/thumbnail_Suzana-Ramos-300x187.jpg",300,187,true],"medium_large":["https:\/\/blogopara.com.br\/wp-content\/uploads\/2024\/05\/thumbnail_Suzana-Ramos.jpg",500,312,false],"large":["https:\/\/blogopara.com.br\/wp-content\/uploads\/2024\/05\/thumbnail_Suzana-Ramos.jpg",500,312,false],"1536x1536":["https:\/\/blogopara.com.br\/wp-content\/uploads\/2024\/05\/thumbnail_Suzana-Ramos.jpg",500,312,false],"2048x2048":["https:\/\/blogopara.com.br\/wp-content\/uploads\/2024\/05\/thumbnail_Suzana-Ramos.jpg",500,312,false],"mantranews-slider-large":["https:\/\/blogopara.com.br\/wp-content\/uploads\/2024\/05\/thumbnail_Suzana-Ramos.jpg",500,312,false],"mantranews-featured-medium":["https:\/\/blogopara.com.br\/wp-content\/uploads\/2024\/05\/thumbnail_Suzana-Ramos-420x307.jpg",420,307,true],"mantranews-featured-long":["https:\/\/blogopara.com.br\/wp-content\/uploads\/2024\/05\/thumbnail_Suzana-Ramos-300x312.jpg",300,312,true],"mantranews-block-medium":["https:\/\/blogopara.com.br\/wp-content\/uploads\/2024\/05\/thumbnail_Suzana-Ramos-464x290.jpg",464,290,true],"mantranews-carousel-image":["https:\/\/blogopara.com.br\/wp-content\/uploads\/2024\/05\/thumbnail_Suzana-Ramos.jpg",500,312,false],"mantranews-block-thumb":["https:\/\/blogopara.com.br\/wp-content\/uploads\/2024\/05\/thumbnail_Suzana-Ramos-322x230.jpg",322,230,true],"mantranews-single-large":["https:\/\/blogopara.com.br\/wp-content\/uploads\/2024\/05\/thumbnail_Suzana-Ramos.jpg",500,312,false]},"uagb_author_info":{"display_name":"Reda\u00e7\u00e3o geral","author_link":"https:\/\/blogopara.com.br\/index.php\/author\/blogopara"},"uagb_comment_info":0,"uagb_excerpt":"Nesta quarta-feira (19), a C\u00e2mara de Vereadores de Juazeiro aprovou sem ressalvas as contas da ex-prefeita Suzana Ramos, referentes ao exerc\u00edcio de 2022. A decis\u00e3o segue o parecer favor\u00e1vel do Tribunal de Contas dos Munic\u00edpios da Bahia (TCM-BA), que tamb\u00e9m aprovou as contas da gestora \u00e0 frente do Pa\u00e7o Municipal em 2022. Suzana Ramos comemorou&hellip;","jetpack_sharing_enabled":true,"jetpack_likes_enabled":true,"_links":{"self":[{"href":"https:\/\/blogopara.com.br\/index.php\/wp-json\/wp\/v2\/posts\/73903","targetHints":{"allow":["GET"]}}],"collection":[{"href":"https:\/\/blogopara.com.br\/index.php\/wp-json\/wp\/v2\/posts"}],"about":[{"href":"https:\/\/blogopara.com.br\/index.php\/wp-json\/wp\/v2\/types\/post"}],"author":[{"embeddable":true,"href":"https:\/\/blogopara.com.br\/index.php\/wp-json\/wp\/v2\/users\/1"}],"replies":[{"embeddable":true,"href":"https:\/\/blogopara.com.br\/index.php\/wp-json\/wp\/v2\/comments?post=73903"}],"version-history":[{"count":1,"href":"https:\/\/blogopara.com.br\/index.php\/wp-json\/wp\/v2\/posts\/73903\/revisions"}],"predecessor-version":[{"id":73904,"href":"https:\/\/blogopara.com.br\/index.php\/wp-json\/wp\/v2\/posts\/73903\/revisions\/73904"}],"wp:featuredmedia":[{"embeddable":true,"href":"https:\/\/blogopara.com.br\/index.php\/wp-json\/wp\/v2\/media\/64716"}],"wp:attachment":[{"href":"https:\/\/blogopara.com.br\/index.php\/wp-json\/wp\/v2\/media?parent=73903"}],"wp:term":[{"taxonomy":"category","embeddable":true,"href":"https:\/\/blogopara.com.br\/index.php\/wp-json\/wp\/v2\/categories?post=73903"},{"taxonomy":"post_tag","embeddable":true,"href":"https:\/\/blogopara.com.br\/index.php\/wp-json\/wp\/v2\/tags?post=73903"}],"curies":[{"name":"wp","href":"https:\/\/api.w.org\/{rel}","templated":true}]}}