{"id":7391,"date":"2020-02-20T20:16:18","date_gmt":"2020-02-20T23:16:18","guid":{"rendered":"http:\/\/blogopara.com.br\/?p=7391"},"modified":"2020-02-20T20:16:25","modified_gmt":"2020-02-20T23:16:25","slug":"juazeiro-pp-frusta-sonho-governista-de-apoio-para-as-eleicoes-de-2020","status":"publish","type":"post","link":"https:\/\/blogopara.com.br\/index.php\/2020\/02\/20\/juazeiro-pp-frusta-sonho-governista-de-apoio-para-as-eleicoes-de-2020","title":{"rendered":"Juazeiro: PP frusta sonho governista de apoio para as elei\u00e7\u00f5es de 2020"},"content":{"rendered":"<p>Bem que o deputado Estadual Eduardo Salles tentou, mas o sonho demorou pouco. Essa semana Eduardo Salles, que \u00e9 muito ligado ao prefeito Isaac Carvalho, postou nas redes sociais uma declara\u00e7\u00e3o de que o Partido Progressista estaria &#8220;batendo o martelo&#8221; em apoio \u00e0 reelei\u00e7\u00e3o de Paulo Bomfim (sem partido), foi o bastante para os vereadores Cida Gama (PP) e Anderson da Ilumina\u00e7\u00e3o (PP) soltarem fogos para comemorar.<\/p>\n<p>Mas alegria demorou pouco, uma enxurrada de cr\u00edticas a gest\u00e3o municipal inundou o perfil do deputado, rapidamente a executiva do partido se reuniu e emitiu seguinte nota, confira abaixo:<\/p>\n<p style=\"text-align: justify;\">&#8220;Aos amigos de Juazeiro que me seguem e que tenho grande respeito e considera\u00e7\u00e3o quero informar que n\u00e3o h\u00e1 nenhuma decis\u00e3o tomada sobre como o partido dos progressistas se posicionar\u00e1 no munic\u00edpio para as elei\u00e7\u00f5es 2020.<\/p>\n<p style=\"text-align: justify;\">O nosso partido cresceu muito e hoje temos o nosso Vice Governador Jo\u00e3o Le\u00e3o, o Presidente da Assembleia, 10 Deputados Estaduais e 4 Deputados Federais. Nosso planejamento \u00e9 lan\u00e7ar o maior n\u00famero de candidatos a Prefeito no estado. Na \u00faltima reuni\u00e3o da Executiva Estadual que ocorreu no dia 14 de Fevereiro na sexta feira que passou, ficou acertado que o primeiro projeto nosso \u00e9 lan\u00e7ar candidatura a Prefeito em Juazeiro.<\/p>\n<p style=\"text-align: justify;\">Foi apresentado um projeto com a possibilidade do ingresso no partido do Coronel Anselmo Bispo, que foi aceito por todos e com o aval do Presidente do partido Jo\u00e3o Le\u00e3o. Contudo, quero ressaltar que existe uma posi\u00e7\u00e3o diferente de grande amigo que \u00e9 Deputado Estadual do nosso partido e que pretende manter o partido na base do atual Prefeito do munic\u00edpio, mas quero insistir que nenhuma decis\u00e3o foi tomada e isso foi confirmado ontem dia 19 de Fevereiro pelo Vice Governador Jo\u00e3o Le\u00e3o.<\/p>\n<p style=\"text-align: justify;\">Passado o Carnaval com muita tranquilidade e serenidade, o Presidente Jo\u00e3o Le\u00e3o vai conversar com Coronel Anselmo e com Paulo Bonfim e depois em reuni\u00e3o da executiva estadual, vamos definir a situa\u00e7\u00e3o do partido em Juazeiro.<\/p>\n<p style=\"text-align: justify;\">Quero aproveitar para desejar um excelente Carnaval a todos! Juazeiro forte!<br \/>\nForte abra\u00e7o,<\/p>\n<p style=\"text-align: justify;\">M\u00e1rio Negromonte J\u00fanior<br \/>\nDeputado Federal<br \/>\nVice Presidente dos Progressistas da Bahia&#8221;<\/p>\n","protected":false},"excerpt":{"rendered":"<p>Bem que o deputado Estadual Eduardo Salles tentou, mas o sonho demorou pouco. Essa semana Eduardo Salles, que \u00e9 muito ligado ao prefeito Isaac Carvalho, postou nas redes sociais uma declara\u00e7\u00e3o de que o Partido Progressista estaria &#8220;batendo o martelo&#8221; em apoio \u00e0 reelei\u00e7\u00e3o de Paulo Bomfim (sem partido), foi o bastante para os vereadores [&hellip;]<\/p>\n","protected":false},"author":1,"featured_media":7392,"comment_status":"open","ping_status":"open","sticky":false,"template":"","format":"standard","meta":{"_uag_custom_page_level_css":"","_monsterinsights_skip_tracking":false,"_monsterinsights_sitenote_active":false,"_monsterinsights_sitenote_note":"","_monsterinsights_sitenote_category":0,"jetpack_post_was_ever_published":false,"_jetpack_newsletter_access":"","_jetpack_dont_email_post_to_subs":false,"_jetpack_newsletter_tier_id":0,"_jetpack_memberships_contains_paywalled_content":false,"_jetpack_memberships_contains_paid_content":false,"footnotes":"","jetpack_publicize_message":"","jetpack_publicize_feature_enabled":true,"jetpack_social_post_already_shared":true,"jetpack_social_options":{"image_generator_settings":{"template":"highway","default_image_id":0,"font":"","enabled":false},"version":2}},"categories":[203],"tags":[],"class_list":["post-7391","post","type-post","status-publish","format-standard","has-post-thumbnail","hentry","category-juazeiro"],"jetpack_publicize_connections":[],"jetpack_featured_media_url":"https:\/\/blogopara.com.br\/wp-content\/uploads\/2020\/02\/pp.jpeg","uagb_featured_image_src":{"full":["https:\/\/blogopara.com.br\/wp-content\/uploads\/2020\/02\/pp.jpeg",1024,1016,false],"thumbnail":["https:\/\/blogopara.com.br\/wp-content\/uploads\/2020\/02\/pp-150x150.jpeg",150,150,true],"medium":["https:\/\/blogopara.com.br\/wp-content\/uploads\/2020\/02\/pp-300x298.jpeg",300,298,true],"medium_large":["https:\/\/blogopara.com.br\/wp-content\/uploads\/2020\/02\/pp-768x762.jpeg",640,635,true],"large":["https:\/\/blogopara.com.br\/wp-content\/uploads\/2020\/02\/pp.jpeg",640,635,false],"1536x1536":["https:\/\/blogopara.com.br\/wp-content\/uploads\/2020\/02\/pp.jpeg",1024,1016,false],"2048x2048":["https:\/\/blogopara.com.br\/wp-content\/uploads\/2020\/02\/pp.jpeg",1024,1016,false],"mantranews-slider-large":["https:\/\/blogopara.com.br\/wp-content\/uploads\/2020\/02\/pp.jpeg",747,741,false],"mantranews-featured-medium":["https:\/\/blogopara.com.br\/wp-content\/uploads\/2020\/02\/pp.jpeg",309,307,false],"mantranews-featured-long":["https:\/\/blogopara.com.br\/wp-content\/uploads\/2020\/02\/pp.jpeg",300,298,false],"mantranews-block-medium":["https:\/\/blogopara.com.br\/wp-content\/uploads\/2020\/02\/pp.jpeg",292,290,false],"mantranews-carousel-image":["https:\/\/blogopara.com.br\/wp-content\/uploads\/2020\/02\/pp.jpeg",504,500,false],"mantranews-block-thumb":["https:\/\/blogopara.com.br\/wp-content\/uploads\/2020\/02\/pp.jpeg",232,230,false],"mantranews-single-large":["https:\/\/blogopara.com.br\/wp-content\/uploads\/2020\/02\/pp.jpeg",647,642,false]},"uagb_author_info":{"display_name":"Reda\u00e7\u00e3o geral","author_link":"https:\/\/blogopara.com.br\/index.php\/author\/blogopara"},"uagb_comment_info":0,"uagb_excerpt":"Bem que o deputado Estadual Eduardo Salles tentou, mas o sonho demorou pouco. Essa semana Eduardo Salles, que \u00e9 muito ligado ao prefeito Isaac Carvalho, postou nas redes sociais uma declara\u00e7\u00e3o de que o Partido Progressista estaria &#8220;batendo o martelo&#8221; em apoio \u00e0 reelei\u00e7\u00e3o de Paulo Bomfim (sem partido), foi o bastante para os vereadores&hellip;","jetpack_sharing_enabled":true,"jetpack_likes_enabled":true,"_links":{"self":[{"href":"https:\/\/blogopara.com.br\/index.php\/wp-json\/wp\/v2\/posts\/7391","targetHints":{"allow":["GET"]}}],"collection":[{"href":"https:\/\/blogopara.com.br\/index.php\/wp-json\/wp\/v2\/posts"}],"about":[{"href":"https:\/\/blogopara.com.br\/index.php\/wp-json\/wp\/v2\/types\/post"}],"author":[{"embeddable":true,"href":"https:\/\/blogopara.com.br\/index.php\/wp-json\/wp\/v2\/users\/1"}],"replies":[{"embeddable":true,"href":"https:\/\/blogopara.com.br\/index.php\/wp-json\/wp\/v2\/comments?post=7391"}],"version-history":[{"count":3,"href":"https:\/\/blogopara.com.br\/index.php\/wp-json\/wp\/v2\/posts\/7391\/revisions"}],"predecessor-version":[{"id":7395,"href":"https:\/\/blogopara.com.br\/index.php\/wp-json\/wp\/v2\/posts\/7391\/revisions\/7395"}],"wp:featuredmedia":[{"embeddable":true,"href":"https:\/\/blogopara.com.br\/index.php\/wp-json\/wp\/v2\/media\/7392"}],"wp:attachment":[{"href":"https:\/\/blogopara.com.br\/index.php\/wp-json\/wp\/v2\/media?parent=7391"}],"wp:term":[{"taxonomy":"category","embeddable":true,"href":"https:\/\/blogopara.com.br\/index.php\/wp-json\/wp\/v2\/categories?post=7391"},{"taxonomy":"post_tag","embeddable":true,"href":"https:\/\/blogopara.com.br\/index.php\/wp-json\/wp\/v2\/tags?post=7391"}],"curies":[{"name":"wp","href":"https:\/\/api.w.org\/{rel}","templated":true}]}}