{"id":7409,"date":"2020-02-21T11:21:26","date_gmt":"2020-02-21T14:21:26","guid":{"rendered":"http:\/\/blogopara.com.br\/?p=7409"},"modified":"2020-02-21T12:24:58","modified_gmt":"2020-02-21T15:24:58","slug":"ceara-tem-29-homicidios-em-24-horas-media-diaria-e-de-6","status":"publish","type":"post","link":"https:\/\/blogopara.com.br\/index.php\/2020\/02\/21\/ceara-tem-29-homicidios-em-24-horas-media-diaria-e-de-6","title":{"rendered":"Cear\u00e1 tem 29 homic\u00eddios em 24 horas; m\u00e9dia di\u00e1ria \u00e9 de 6"},"content":{"rendered":"<p>O Cear\u00e1 registrou o per\u00edodo mais violento do ano entre 6h de quarta-feira (19) e 6h de ontem (20). De acordo com a Secretaria de Seguran\u00e7a P\u00fablica do estado, foram 29 assassinatos.<\/p>\n<p>O n\u00famero recorde \u00e9 registrado em meio ao motim dos policiais e bombeiros militares do estado por aumento salarial. De 1\u00ba de janeiro a 18 de fevereiro deste ano, a m\u00e9dia no Cear\u00e1 foi de seis homic\u00eddios por dia. At\u00e9 ent\u00e3o, a data mais violenta do ano tinha sido 18 de janeiro, quando ocorreram 17 crimes violentos letais.<\/p>\n<p>Na noite de ontem, ap\u00f3s reuni\u00e3o entre representantes da categoria e uma comiss\u00e3o de senadores, os policiais militares que participam do movimento decidiram recusar proposta do governo para chegar a um acordo do fim da paralisa\u00e7\u00e3o. O estado recebeu refor\u00e7o da For\u00e7a Nacional e For\u00e7as Armadas.<\/p>\n<pre>Fonte: Metro1<\/pre>\n","protected":false},"excerpt":{"rendered":"<p>Estado recebeu refor\u00e7o da For\u00e7a Nacional e For\u00e7as Armadas<\/p>\n","protected":false},"author":1,"featured_media":7425,"comment_status":"open","ping_status":"open","sticky":false,"template":"","format":"standard","meta":{"_uag_custom_page_level_css":"","_monsterinsights_skip_tracking":false,"_monsterinsights_sitenote_active":false,"_monsterinsights_sitenote_note":"","_monsterinsights_sitenote_category":0,"jetpack_post_was_ever_published":false,"_jetpack_newsletter_access":"","_jetpack_dont_email_post_to_subs":false,"_jetpack_newsletter_tier_id":0,"_jetpack_memberships_contains_paywalled_content":false,"_jetpack_memberships_contains_paid_content":false,"footnotes":"","jetpack_publicize_message":"","jetpack_publicize_feature_enabled":true,"jetpack_social_post_already_shared":true,"jetpack_social_options":{"image_generator_settings":{"template":"highway","default_image_id":0,"font":"","enabled":false},"version":2}},"categories":[200],"tags":[],"class_list":["post-7409","post","type-post","status-publish","format-standard","has-post-thumbnail","hentry","category-brasil"],"jetpack_publicize_connections":[],"jetpack_featured_media_url":"https:\/\/blogopara.com.br\/wp-content\/uploads\/2020\/02\/chacina-2824904.jpg","uagb_featured_image_src":{"full":["https:\/\/blogopara.com.br\/wp-content\/uploads\/2020\/02\/chacina-2824904.jpg",1140,759,false],"thumbnail":["https:\/\/blogopara.com.br\/wp-content\/uploads\/2020\/02\/chacina-2824904-150x150.jpg",150,150,true],"medium":["https:\/\/blogopara.com.br\/wp-content\/uploads\/2020\/02\/chacina-2824904-300x200.jpg",300,200,true],"medium_large":["https:\/\/blogopara.com.br\/wp-content\/uploads\/2020\/02\/chacina-2824904-768x511.jpg",640,426,true],"large":["https:\/\/blogopara.com.br\/wp-content\/uploads\/2020\/02\/chacina-2824904-1024x682.jpg",640,426,true],"1536x1536":["https:\/\/blogopara.com.br\/wp-content\/uploads\/2020\/02\/chacina-2824904.jpg",1140,759,false],"2048x2048":["https:\/\/blogopara.com.br\/wp-content\/uploads\/2020\/02\/chacina-2824904.jpg",1140,759,false],"mantranews-slider-large":["https:\/\/blogopara.com.br\/wp-content\/uploads\/2020\/02\/chacina-2824904.jpg",1020,679,false],"mantranews-featured-medium":["https:\/\/blogopara.com.br\/wp-content\/uploads\/2020\/02\/chacina-2824904.jpg",420,280,false],"mantranews-featured-long":["https:\/\/blogopara.com.br\/wp-content\/uploads\/2020\/02\/chacina-2824904.jpg",300,200,false],"mantranews-block-medium":["https:\/\/blogopara.com.br\/wp-content\/uploads\/2020\/02\/chacina-2824904.jpg",436,290,false],"mantranews-carousel-image":["https:\/\/blogopara.com.br\/wp-content\/uploads\/2020\/02\/chacina-2824904.jpg",600,399,false],"mantranews-block-thumb":["https:\/\/blogopara.com.br\/wp-content\/uploads\/2020\/02\/chacina-2824904.jpg",322,214,false],"mantranews-single-large":["https:\/\/blogopara.com.br\/wp-content\/uploads\/2020\/02\/chacina-2824904.jpg",964,642,false]},"uagb_author_info":{"display_name":"Reda\u00e7\u00e3o geral","author_link":"https:\/\/blogopara.com.br\/index.php\/author\/blogopara"},"uagb_comment_info":0,"uagb_excerpt":"Estado recebeu refor\u00e7o da For\u00e7a Nacional e For\u00e7as Armadas","jetpack_sharing_enabled":true,"jetpack_likes_enabled":true,"_links":{"self":[{"href":"https:\/\/blogopara.com.br\/index.php\/wp-json\/wp\/v2\/posts\/7409","targetHints":{"allow":["GET"]}}],"collection":[{"href":"https:\/\/blogopara.com.br\/index.php\/wp-json\/wp\/v2\/posts"}],"about":[{"href":"https:\/\/blogopara.com.br\/index.php\/wp-json\/wp\/v2\/types\/post"}],"author":[{"embeddable":true,"href":"https:\/\/blogopara.com.br\/index.php\/wp-json\/wp\/v2\/users\/1"}],"replies":[{"embeddable":true,"href":"https:\/\/blogopara.com.br\/index.php\/wp-json\/wp\/v2\/comments?post=7409"}],"version-history":[{"count":1,"href":"https:\/\/blogopara.com.br\/index.php\/wp-json\/wp\/v2\/posts\/7409\/revisions"}],"predecessor-version":[{"id":7410,"href":"https:\/\/blogopara.com.br\/index.php\/wp-json\/wp\/v2\/posts\/7409\/revisions\/7410"}],"wp:featuredmedia":[{"embeddable":true,"href":"https:\/\/blogopara.com.br\/index.php\/wp-json\/wp\/v2\/media\/7425"}],"wp:attachment":[{"href":"https:\/\/blogopara.com.br\/index.php\/wp-json\/wp\/v2\/media?parent=7409"}],"wp:term":[{"taxonomy":"category","embeddable":true,"href":"https:\/\/blogopara.com.br\/index.php\/wp-json\/wp\/v2\/categories?post=7409"},{"taxonomy":"post_tag","embeddable":true,"href":"https:\/\/blogopara.com.br\/index.php\/wp-json\/wp\/v2\/tags?post=7409"}],"curies":[{"name":"wp","href":"https:\/\/api.w.org\/{rel}","templated":true}]}}