{"id":74106,"date":"2025-03-24T15:01:21","date_gmt":"2025-03-24T18:01:21","guid":{"rendered":"https:\/\/blogopara.com.br\/?p=74106"},"modified":"2025-03-24T15:01:21","modified_gmt":"2025-03-24T18:01:21","slug":"procon-leva-atendimento-ao-bairro-joao-paulo-ii-nesta-quinta-feira-27","status":"publish","type":"post","link":"https:\/\/blogopara.com.br\/index.php\/2025\/03\/24\/procon-leva-atendimento-ao-bairro-joao-paulo-ii-nesta-quinta-feira-27","title":{"rendered":"Procon leva atendimento ao bairro Jo\u00e3o Paulo II nesta quinta-feira (27)"},"content":{"rendered":"<div>Dando continuidade \u00e0 programa\u00e7\u00e3o do M\u00eas do Consumidor, o Procon de Juazeiro realiza mais uma edi\u00e7\u00e3o do projeto \u201cProcon Perto da Gente\u201d, desta vez no bairro Jo\u00e3o Paulo II. O atendimento acontece nesta quinta-feira (27), no CRAS do bairro, das 8h \u00e0s 14h.<\/div>\n<div><\/div>\n<div>No local, os consumidores poder\u00e3o esclarecer d\u00favidas, registrar reclama\u00e7\u00f5es e buscar orienta\u00e7\u00f5es sobre compras online, planos de sa\u00fade, telefonia, servi\u00e7os banc\u00e1rios e outras quest\u00f5es de consumo. Al\u00e9m disso, o Servi\u00e7o de \u00c1gua e Saneamento Ambiental (SAAE) participa da a\u00e7\u00e3o, oferecendo condi\u00e7\u00f5es facilitadas para negocia\u00e7\u00e3o de d\u00e9bitos e regulariza\u00e7\u00e3o de contas de \u00e1gua.<\/div>\n<div><\/div>\n<div>O coordenador geral do Procon, Eg\u00eddio Felizardo, destaca que a iniciativa busca aproximar o atendimento da popula\u00e7\u00e3o. \u201cTamb\u00e9m ser\u00e3o abertos processos administrativos para solucionar conflitos de consumo, garantindo que os consumidores tenham acesso aos seus direitos de forma pr\u00e1tica e acess\u00edvel\u201d, explica.<\/div>\n<div><\/div>\n<div>O servi\u00e7o \u00e9 gratuito e aberto a toda a comunidade.<\/div>\n<div><\/div>\n<div>Ascom PMJ<\/div>\n","protected":false},"excerpt":{"rendered":"<p>Dando continuidade \u00e0 programa\u00e7\u00e3o do M\u00eas do Consumidor, o Procon de Juazeiro realiza mais uma edi\u00e7\u00e3o do projeto \u201cProcon Perto da Gente\u201d, desta vez no bairro Jo\u00e3o Paulo II. O atendimento acontece nesta quinta-feira (27), no CRAS do bairro, das 8h \u00e0s 14h. No local, os consumidores poder\u00e3o esclarecer d\u00favidas, registrar reclama\u00e7\u00f5es e buscar orienta\u00e7\u00f5es [&hellip;]<\/p>\n","protected":false},"author":1,"featured_media":74109,"comment_status":"open","ping_status":"open","sticky":false,"template":"","format":"standard","meta":{"_uag_custom_page_level_css":"","_monsterinsights_skip_tracking":false,"_monsterinsights_sitenote_active":false,"_monsterinsights_sitenote_note":"","_monsterinsights_sitenote_category":0,"jetpack_post_was_ever_published":false,"_jetpack_newsletter_access":"","_jetpack_dont_email_post_to_subs":false,"_jetpack_newsletter_tier_id":0,"_jetpack_memberships_contains_paywalled_content":false,"_jetpack_memberships_contains_paid_content":false,"footnotes":"","jetpack_publicize_message":"","jetpack_publicize_feature_enabled":true,"jetpack_social_post_already_shared":true,"jetpack_social_options":{"image_generator_settings":{"template":"highway","default_image_id":0,"font":"","enabled":false},"version":2}},"categories":[203],"tags":[],"class_list":["post-74106","post","type-post","status-publish","format-standard","has-post-thumbnail","hentry","category-juazeiro"],"jetpack_publicize_connections":[],"jetpack_featured_media_url":"https:\/\/blogopara.com.br\/wp-content\/uploads\/2025\/03\/JP-II-240x300-1.jpeg","uagb_featured_image_src":{"full":["https:\/\/blogopara.com.br\/wp-content\/uploads\/2025\/03\/JP-II-240x300-1.jpeg",445,438,false],"thumbnail":["https:\/\/blogopara.com.br\/wp-content\/uploads\/2025\/03\/JP-II-240x300-1-150x150.jpeg",150,150,true],"medium":["https:\/\/blogopara.com.br\/wp-content\/uploads\/2025\/03\/JP-II-240x300-1-300x295.jpeg",300,295,true],"medium_large":["https:\/\/blogopara.com.br\/wp-content\/uploads\/2025\/03\/JP-II-240x300-1.jpeg",445,438,false],"large":["https:\/\/blogopara.com.br\/wp-content\/uploads\/2025\/03\/JP-II-240x300-1.jpeg",445,438,false],"1536x1536":["https:\/\/blogopara.com.br\/wp-content\/uploads\/2025\/03\/JP-II-240x300-1.jpeg",445,438,false],"2048x2048":["https:\/\/blogopara.com.br\/wp-content\/uploads\/2025\/03\/JP-II-240x300-1.jpeg",445,438,false],"mantranews-slider-large":["https:\/\/blogopara.com.br\/wp-content\/uploads\/2025\/03\/JP-II-240x300-1.jpeg",445,438,false],"mantranews-featured-medium":["https:\/\/blogopara.com.br\/wp-content\/uploads\/2025\/03\/JP-II-240x300-1-420x307.jpeg",420,307,true],"mantranews-featured-long":["https:\/\/blogopara.com.br\/wp-content\/uploads\/2025\/03\/JP-II-240x300-1-300x438.jpeg",300,438,true],"mantranews-block-medium":["https:\/\/blogopara.com.br\/wp-content\/uploads\/2025\/03\/JP-II-240x300-1-445x290.jpeg",445,290,true],"mantranews-carousel-image":["https:\/\/blogopara.com.br\/wp-content\/uploads\/2025\/03\/JP-II-240x300-1.jpeg",445,438,false],"mantranews-block-thumb":["https:\/\/blogopara.com.br\/wp-content\/uploads\/2025\/03\/JP-II-240x300-1-322x230.jpeg",322,230,true],"mantranews-single-large":["https:\/\/blogopara.com.br\/wp-content\/uploads\/2025\/03\/JP-II-240x300-1.jpeg",445,438,false]},"uagb_author_info":{"display_name":"Reda\u00e7\u00e3o geral","author_link":"https:\/\/blogopara.com.br\/index.php\/author\/blogopara"},"uagb_comment_info":0,"uagb_excerpt":"Dando continuidade \u00e0 programa\u00e7\u00e3o do M\u00eas do Consumidor, o Procon de Juazeiro realiza mais uma edi\u00e7\u00e3o do projeto \u201cProcon Perto da Gente\u201d, desta vez no bairro Jo\u00e3o Paulo II. O atendimento acontece nesta quinta-feira (27), no CRAS do bairro, das 8h \u00e0s 14h. No local, os consumidores poder\u00e3o esclarecer d\u00favidas, registrar reclama\u00e7\u00f5es e buscar orienta\u00e7\u00f5es&hellip;","jetpack_sharing_enabled":true,"jetpack_likes_enabled":true,"_links":{"self":[{"href":"https:\/\/blogopara.com.br\/index.php\/wp-json\/wp\/v2\/posts\/74106","targetHints":{"allow":["GET"]}}],"collection":[{"href":"https:\/\/blogopara.com.br\/index.php\/wp-json\/wp\/v2\/posts"}],"about":[{"href":"https:\/\/blogopara.com.br\/index.php\/wp-json\/wp\/v2\/types\/post"}],"author":[{"embeddable":true,"href":"https:\/\/blogopara.com.br\/index.php\/wp-json\/wp\/v2\/users\/1"}],"replies":[{"embeddable":true,"href":"https:\/\/blogopara.com.br\/index.php\/wp-json\/wp\/v2\/comments?post=74106"}],"version-history":[{"count":2,"href":"https:\/\/blogopara.com.br\/index.php\/wp-json\/wp\/v2\/posts\/74106\/revisions"}],"predecessor-version":[{"id":74111,"href":"https:\/\/blogopara.com.br\/index.php\/wp-json\/wp\/v2\/posts\/74106\/revisions\/74111"}],"wp:featuredmedia":[{"embeddable":true,"href":"https:\/\/blogopara.com.br\/index.php\/wp-json\/wp\/v2\/media\/74109"}],"wp:attachment":[{"href":"https:\/\/blogopara.com.br\/index.php\/wp-json\/wp\/v2\/media?parent=74106"}],"wp:term":[{"taxonomy":"category","embeddable":true,"href":"https:\/\/blogopara.com.br\/index.php\/wp-json\/wp\/v2\/categories?post=74106"},{"taxonomy":"post_tag","embeddable":true,"href":"https:\/\/blogopara.com.br\/index.php\/wp-json\/wp\/v2\/tags?post=74106"}],"curies":[{"name":"wp","href":"https:\/\/api.w.org\/{rel}","templated":true}]}}