{"id":74129,"date":"2025-03-25T14:17:44","date_gmt":"2025-03-25T17:17:44","guid":{"rendered":"https:\/\/blogopara.com.br\/?p=74129"},"modified":"2025-03-25T14:17:44","modified_gmt":"2025-03-25T17:17:44","slug":"condenado-pelo-assassinato-de-eliza-samudio-goleiro-bruno-e-tietado-por-fas-e-dispara-nada-ate-hoje-foi-provado","status":"publish","type":"post","link":"https:\/\/blogopara.com.br\/index.php\/2025\/03\/25\/condenado-pelo-assassinato-de-eliza-samudio-goleiro-bruno-e-tietado-por-fas-e-dispara-nada-ate-hoje-foi-provado","title":{"rendered":"Condenado pelo assassinato de Eliza Sam\u00fadio, goleiro Bruno \u00e9 tietado por f\u00e3s e dispara: &#8216;Nada at\u00e9 hoje foi provado&#8217;"},"content":{"rendered":"<div class=\"flex flex-col p-2 px-0 w-full font-normal text-[18px] leading-[30px] text-tw-theme-text-default\">\n<p id=\"paragrafo-v6xssg06wa\">O goleiro Bruno Fernandes voltou a ser assunto nas redes sociais ap\u00f3s aparecer em um v\u00eddeo afirmando ser &#8216;inocente&#8217; no caso do assassinato da modelo Eliza Samudio. A grava\u00e7\u00e3o foi feita em Castelo, no Esp\u00edrito Santo, onde o ex-jogador do Flamengo estaria para disputar uma partida de futebol amador.<\/p>\n<\/div>\n<div class=\"flex flex-col p-2 px-0 w-full font-normal text-[18px] leading-[30px] text-tw-theme-text-default\">\n<p id=\"paragrafo-gfxvbqir8b\">Nas imagens, Bruno aparece conversando com f\u00e3s na entrada de uma loja de conveni\u00eancia. Uma pessoa ent\u00e3o afirma &#8220;sempre ter acreditado na inoc\u00eancia&#8221; do ex-atleta.<\/p>\n<\/div>\n<div class=\"flex flex-col p-2 px-0 w-full font-normal text-[18px] leading-[30px] text-tw-theme-text-default\">\n<p id=\"paragrafo-vfmzlhlpwk\">&#8220;Cara, nada at\u00e9 hoje foi provado, n\u00e9? Ent\u00e3o, eu acredito ainda que sou inocente, mesmo sendo a decis\u00e3o da Justi\u00e7a contr\u00e1ria. Mas vida que segue&#8221;, responde o goleiro, antes de\u00a0se despedir e entrar na loja.<\/p>\n<\/div>\n<div class=\"article_intext inline-block text-center w-full h-280\">\n<div id=\"internas_336x280_02\"><\/div>\n<\/div>\n<div class=\"flex flex-col p-2 px-0 w-full\">\n<div id=\"embed-x99pne82li\" class=\"component--embed \">\n<div class=\"twitter-tweet twitter-tweet-rendered\"><iframe id=\"twitter-widget-0\" class=\"\" title=\"X Post\" src=\"https:\/\/platform.twitter.com\/embed\/Tweet.html?dnt=false&amp;embedId=twitter-widget-0&amp;features=eyJ0ZndfdGltZWxpbmVfbGlzdCI6eyJidWNrZXQiOltdLCJ2ZXJzaW9uIjpudWxsfSwidGZ3X2ZvbGxvd2VyX2NvdW50X3N1bnNldCI6eyJidWNrZXQiOnRydWUsInZlcnNpb24iOm51bGx9LCJ0ZndfdHdlZXRfZWRpdF9iYWNrZW5kIjp7ImJ1Y2tldCI6Im9uIiwidmVyc2lvbiI6bnVsbH0sInRmd19yZWZzcmNfc2Vzc2lvbiI6eyJidWNrZXQiOiJvbiIsInZlcnNpb24iOm51bGx9LCJ0ZndfZm9zbnJfc29mdF9pbnRlcnZlbnRpb25zX2VuYWJsZWQiOnsiYnVja2V0Ijoib24iLCJ2ZXJzaW9uIjpudWxsfSwidGZ3X21peGVkX21lZGlhXzE1ODk3Ijp7ImJ1Y2tldCI6InRyZWF0bWVudCIsInZlcnNpb24iOm51bGx9LCJ0ZndfZXhwZXJpbWVudHNfY29va2llX2V4cGlyYXRpb24iOnsiYnVja2V0IjoxMjA5NjAwLCJ2ZXJzaW9uIjpudWxsfSwidGZ3X3Nob3dfYmlyZHdhdGNoX3Bpdm90c19lbmFibGVkIjp7ImJ1Y2tldCI6Im9uIiwidmVyc2lvbiI6bnVsbH0sInRmd19kdXBsaWNhdGVfc2NyaWJlc190b19zZXR0aW5ncyI6eyJidWNrZXQiOiJvbiIsInZlcnNpb24iOm51bGx9LCJ0ZndfdXNlX3Byb2ZpbGVfaW1hZ2Vfc2hhcGVfZW5hYmxlZCI6eyJidWNrZXQiOiJvbiIsInZlcnNpb24iOm51bGx9LCJ0ZndfdmlkZW9faGxzX2R5bmFtaWNfbWFuaWZlc3RzXzE1MDgyIjp7ImJ1Y2tldCI6InRydWVfYml0cmF0ZSIsInZlcnNpb24iOm51bGx9LCJ0ZndfbGVnYWN5X3RpbWVsaW5lX3N1bnNldCI6eyJidWNrZXQiOnRydWUsInZlcnNpb24iOm51bGx9LCJ0ZndfdHdlZXRfZWRpdF9mcm9udGVuZCI6eyJidWNrZXQiOiJvbiIsInZlcnNpb24iOm51bGx9fQ%3D%3D&amp;frame=false&amp;hideCard=false&amp;hideThread=false&amp;id=1904333363357577343&amp;lang=pt&amp;maxWidth=560px&amp;origin=https%3A%2F%2Fwww.correio24horas.com.br%2Fesportes%2Fcondenado-pelo-assassinato-de-eliza-samudio-goleiro-bruno-e-tietado-por-fas-e-dispara-nada-ate-hoje-foi-provado-0325&amp;sessionId=f70f5ab73a35d67b4b598b054c9198e296bbfe5c&amp;siteScreenName=correio24hba&amp;theme=light&amp;widgetsVersion=2615f7e52b7e0%3A1702314776716&amp;width=550px\" frameborder=\"0\" scrolling=\"no\" allowfullscreen=\"allowfullscreen\" data-tweet-id=\"1904333363357577343\" data-mce-fragment=\"1\"><\/iframe><\/div>\n<\/div>\n<\/div>\n<div class=\"flex flex-col p-2 px-0 w-full font-normal text-[18px] leading-[30px] text-tw-theme-text-default\">\n<p id=\"paragrafo-yi2nfec6xb\">A fala gerou um misto de surpresa e indigna\u00e7\u00e3o nas redes sociais. O\u00a0ex-jogador do Flamengo foi condenado, em mar\u00e7o de 2013,\u00a0a 22 anos e tr\u00eas meses de pris\u00e3o pelo assassinato de Eliza Samudio. Ele foi considerado culpado por homic\u00eddio triplamente qualificado, sequestro e oculta\u00e7\u00e3o de cad\u00e1ver.<\/p>\n<\/div>\n","protected":false},"excerpt":{"rendered":"<p>O goleiro Bruno Fernandes voltou a ser assunto nas redes sociais ap\u00f3s aparecer em um v\u00eddeo afirmando ser &#8216;inocente&#8217; no caso do assassinato da modelo Eliza Samudio. A grava\u00e7\u00e3o foi feita em Castelo, no Esp\u00edrito Santo, onde o ex-jogador do Flamengo estaria para disputar uma partida de futebol amador. Nas imagens, Bruno aparece conversando com [&hellip;]<\/p>\n","protected":false},"author":1,"featured_media":74138,"comment_status":"open","ping_status":"open","sticky":false,"template":"","format":"standard","meta":{"_uag_custom_page_level_css":"","_monsterinsights_skip_tracking":false,"_monsterinsights_sitenote_active":false,"_monsterinsights_sitenote_note":"","_monsterinsights_sitenote_category":0,"jetpack_post_was_ever_published":false,"_jetpack_newsletter_access":"","_jetpack_dont_email_post_to_subs":false,"_jetpack_newsletter_tier_id":0,"_jetpack_memberships_contains_paywalled_content":false,"_jetpack_memberships_contains_paid_content":false,"footnotes":"","jetpack_publicize_message":"","jetpack_publicize_feature_enabled":true,"jetpack_social_post_already_shared":true,"jetpack_social_options":{"image_generator_settings":{"template":"highway","default_image_id":0,"font":"","enabled":false},"version":2}},"categories":[200],"tags":[],"class_list":["post-74129","post","type-post","status-publish","format-standard","has-post-thumbnail","hentry","category-brasil"],"jetpack_publicize_connections":[],"jetpack_featured_media_url":"https:\/\/blogopara.com.br\/wp-content\/uploads\/2025\/03\/unnamed-file-1.jpg","uagb_featured_image_src":{"full":["https:\/\/blogopara.com.br\/wp-content\/uploads\/2025\/03\/unnamed-file-1.jpg",500,307,false],"thumbnail":["https:\/\/blogopara.com.br\/wp-content\/uploads\/2025\/03\/unnamed-file-1-150x150.jpg",150,150,true],"medium":["https:\/\/blogopara.com.br\/wp-content\/uploads\/2025\/03\/unnamed-file-1-300x184.jpg",300,184,true],"medium_large":["https:\/\/blogopara.com.br\/wp-content\/uploads\/2025\/03\/unnamed-file-1.jpg",500,307,false],"large":["https:\/\/blogopara.com.br\/wp-content\/uploads\/2025\/03\/unnamed-file-1.jpg",500,307,false],"1536x1536":["https:\/\/blogopara.com.br\/wp-content\/uploads\/2025\/03\/unnamed-file-1.jpg",500,307,false],"2048x2048":["https:\/\/blogopara.com.br\/wp-content\/uploads\/2025\/03\/unnamed-file-1.jpg",500,307,false],"mantranews-slider-large":["https:\/\/blogopara.com.br\/wp-content\/uploads\/2025\/03\/unnamed-file-1.jpg",500,307,false],"mantranews-featured-medium":["https:\/\/blogopara.com.br\/wp-content\/uploads\/2025\/03\/unnamed-file-1-420x307.jpg",420,307,true],"mantranews-featured-long":["https:\/\/blogopara.com.br\/wp-content\/uploads\/2025\/03\/unnamed-file-1-300x307.jpg",300,307,true],"mantranews-block-medium":["https:\/\/blogopara.com.br\/wp-content\/uploads\/2025\/03\/unnamed-file-1-464x290.jpg",464,290,true],"mantranews-carousel-image":["https:\/\/blogopara.com.br\/wp-content\/uploads\/2025\/03\/unnamed-file-1.jpg",500,307,false],"mantranews-block-thumb":["https:\/\/blogopara.com.br\/wp-content\/uploads\/2025\/03\/unnamed-file-1-322x230.jpg",322,230,true],"mantranews-single-large":["https:\/\/blogopara.com.br\/wp-content\/uploads\/2025\/03\/unnamed-file-1.jpg",500,307,false]},"uagb_author_info":{"display_name":"Reda\u00e7\u00e3o geral","author_link":"https:\/\/blogopara.com.br\/index.php\/author\/blogopara"},"uagb_comment_info":0,"uagb_excerpt":"O goleiro Bruno Fernandes voltou a ser assunto nas redes sociais ap\u00f3s aparecer em um v\u00eddeo afirmando ser &#8216;inocente&#8217; no caso do assassinato da modelo Eliza Samudio. A grava\u00e7\u00e3o foi feita em Castelo, no Esp\u00edrito Santo, onde o ex-jogador do Flamengo estaria para disputar uma partida de futebol amador. Nas imagens, Bruno aparece conversando com&hellip;","jetpack_sharing_enabled":true,"jetpack_likes_enabled":true,"_links":{"self":[{"href":"https:\/\/blogopara.com.br\/index.php\/wp-json\/wp\/v2\/posts\/74129","targetHints":{"allow":["GET"]}}],"collection":[{"href":"https:\/\/blogopara.com.br\/index.php\/wp-json\/wp\/v2\/posts"}],"about":[{"href":"https:\/\/blogopara.com.br\/index.php\/wp-json\/wp\/v2\/types\/post"}],"author":[{"embeddable":true,"href":"https:\/\/blogopara.com.br\/index.php\/wp-json\/wp\/v2\/users\/1"}],"replies":[{"embeddable":true,"href":"https:\/\/blogopara.com.br\/index.php\/wp-json\/wp\/v2\/comments?post=74129"}],"version-history":[{"count":1,"href":"https:\/\/blogopara.com.br\/index.php\/wp-json\/wp\/v2\/posts\/74129\/revisions"}],"predecessor-version":[{"id":74139,"href":"https:\/\/blogopara.com.br\/index.php\/wp-json\/wp\/v2\/posts\/74129\/revisions\/74139"}],"wp:featuredmedia":[{"embeddable":true,"href":"https:\/\/blogopara.com.br\/index.php\/wp-json\/wp\/v2\/media\/74138"}],"wp:attachment":[{"href":"https:\/\/blogopara.com.br\/index.php\/wp-json\/wp\/v2\/media?parent=74129"}],"wp:term":[{"taxonomy":"category","embeddable":true,"href":"https:\/\/blogopara.com.br\/index.php\/wp-json\/wp\/v2\/categories?post=74129"},{"taxonomy":"post_tag","embeddable":true,"href":"https:\/\/blogopara.com.br\/index.php\/wp-json\/wp\/v2\/tags?post=74129"}],"curies":[{"name":"wp","href":"https:\/\/api.w.org\/{rel}","templated":true}]}}