{"id":74133,"date":"2025-03-25T14:15:50","date_gmt":"2025-03-25T17:15:50","guid":{"rendered":"https:\/\/blogopara.com.br\/?p=74133"},"modified":"2025-03-25T14:15:50","modified_gmt":"2025-03-25T17:15:50","slug":"prefeitura-de-senhor-do-bonfim-e-sebrae-alinham-retomada-do-programa-agente-territorial","status":"publish","type":"post","link":"https:\/\/blogopara.com.br\/index.php\/2025\/03\/25\/prefeitura-de-senhor-do-bonfim-e-sebrae-alinham-retomada-do-programa-agente-territorial","title":{"rendered":"Prefeitura de Senhor do Bonfim e Sebrae alinham retomada do Programa Agente Territorial"},"content":{"rendered":"<p class=\"x_MsoNormal\">A Prefeitura de Senhor do Bonfim, por meio da Secretaria Municipal de Desenvolvimento Econ\u00f4mico e Turismo, promoveu nesta segunda-feira (24) uma reuni\u00e3o estrat\u00e9gica com a consultoria designada pelo Sebrae (Servi\u00e7o Brasileiro de Apoio \u00e0s Micro e Pequenas Empresas) para alinhar a retomada das a\u00e7\u00f5es do Programa Agente Territorial Sebrae BA (ATS BA). O encontro aconteceu na sede da secretaria e reuniu representantes das pastas de Finan\u00e7as e Desenvolvimento Econ\u00f4mico, al\u00e9m de assessores e t\u00e9cnicos.<\/p>\n<p class=\"x_MsoNormal\">Participaram da reuni\u00e3o a secret\u00e1ria municipal de Finan\u00e7as, Elis\u00e2ngela Passos; a secret\u00e1ria de Desenvolvimento Econ\u00f4mico e Turismo, Ana Cl\u00e1udia Matos; o superintendente de Desenvolvimento Econ\u00f4mico, Anfil\u00f3fio Freitas; o assessor Beto Silva; e representando o Sebrae, o consultor t\u00e9cnico Neudenir de Sena Silva, que ser\u00e1 respons\u00e1vel pelo acompanhamento do programa no munic\u00edpio.<\/p>\n<p class=\"x_MsoNormal\">A pauta principal do encontro foi a implementa\u00e7\u00e3o de a\u00e7\u00f5es voltadas \u00e0 moderniza\u00e7\u00e3o da gest\u00e3o p\u00fablica, qualifica\u00e7\u00e3o dos servi\u00e7os municipais e integra\u00e7\u00e3o de solu\u00e7\u00f5es tecnol\u00f3gicas para o desenvolvimento sustent\u00e1vel de Senhor do Bonfim. \u201cEstamos retomando com firmeza as a\u00e7\u00f5es estrat\u00e9gicas do Programa ATS BA em total sintonia com o plano de governo municipal, que prioriza a inova\u00e7\u00e3o, a digitaliza\u00e7\u00e3o dos servi\u00e7os, o cuidado com o meio ambiente e a gera\u00e7\u00e3o de oportunidades locais. Essa parceria com o Sebrae fortalece a efici\u00eancia da gest\u00e3o e impulsiona o desenvolvimento sustent\u00e1vel, com solu\u00e7\u00f5es que respeitam as voca\u00e7\u00f5es do nosso territ\u00f3rio\u201d, destacou.<\/p>\n<p class=\"x_MsoNormal\">\n<p class=\"x_MsoNormal\">&#8212;<\/p>\n<p class=\"x_MsoNormal\">Texto: Ascom PMSB<\/p>\n","protected":false},"excerpt":{"rendered":"<p>A Prefeitura de Senhor do Bonfim, por meio da Secretaria Municipal de Desenvolvimento Econ\u00f4mico e Turismo, promoveu nesta segunda-feira (24) uma reuni\u00e3o estrat\u00e9gica com a consultoria designada pelo Sebrae (Servi\u00e7o Brasileiro de Apoio \u00e0s Micro e Pequenas Empresas) para alinhar a retomada das a\u00e7\u00f5es do Programa Agente Territorial Sebrae BA (ATS BA). O encontro aconteceu [&hellip;]<\/p>\n","protected":false},"author":1,"featured_media":74134,"comment_status":"open","ping_status":"open","sticky":false,"template":"","format":"standard","meta":{"_uag_custom_page_level_css":"","_monsterinsights_skip_tracking":false,"_monsterinsights_sitenote_active":false,"_monsterinsights_sitenote_note":"","_monsterinsights_sitenote_category":0,"jetpack_post_was_ever_published":false,"_jetpack_newsletter_access":"","_jetpack_dont_email_post_to_subs":false,"_jetpack_newsletter_tier_id":0,"_jetpack_memberships_contains_paywalled_content":false,"_jetpack_memberships_contains_paid_content":false,"footnotes":"","jetpack_publicize_message":"","jetpack_publicize_feature_enabled":true,"jetpack_social_post_already_shared":true,"jetpack_social_options":{"image_generator_settings":{"template":"highway","default_image_id":0,"font":"","enabled":false},"version":2}},"categories":[197],"tags":[],"class_list":["post-74133","post","type-post","status-publish","format-standard","has-post-thumbnail","hentry","category-politica"],"jetpack_publicize_connections":[],"jetpack_featured_media_url":"https:\/\/blogopara.com.br\/wp-content\/uploads\/2025\/03\/WhatsApp-Image-2025-03-25-at-10.33.55.jpeg","uagb_featured_image_src":{"full":["https:\/\/blogopara.com.br\/wp-content\/uploads\/2025\/03\/WhatsApp-Image-2025-03-25-at-10.33.55.jpeg",500,489,false],"thumbnail":["https:\/\/blogopara.com.br\/wp-content\/uploads\/2025\/03\/WhatsApp-Image-2025-03-25-at-10.33.55-150x150.jpeg",150,150,true],"medium":["https:\/\/blogopara.com.br\/wp-content\/uploads\/2025\/03\/WhatsApp-Image-2025-03-25-at-10.33.55-300x293.jpeg",300,293,true],"medium_large":["https:\/\/blogopara.com.br\/wp-content\/uploads\/2025\/03\/WhatsApp-Image-2025-03-25-at-10.33.55.jpeg",500,489,false],"large":["https:\/\/blogopara.com.br\/wp-content\/uploads\/2025\/03\/WhatsApp-Image-2025-03-25-at-10.33.55.jpeg",500,489,false],"1536x1536":["https:\/\/blogopara.com.br\/wp-content\/uploads\/2025\/03\/WhatsApp-Image-2025-03-25-at-10.33.55.jpeg",500,489,false],"2048x2048":["https:\/\/blogopara.com.br\/wp-content\/uploads\/2025\/03\/WhatsApp-Image-2025-03-25-at-10.33.55.jpeg",500,489,false],"mantranews-slider-large":["https:\/\/blogopara.com.br\/wp-content\/uploads\/2025\/03\/WhatsApp-Image-2025-03-25-at-10.33.55.jpeg",500,489,false],"mantranews-featured-medium":["https:\/\/blogopara.com.br\/wp-content\/uploads\/2025\/03\/WhatsApp-Image-2025-03-25-at-10.33.55-420x307.jpeg",420,307,true],"mantranews-featured-long":["https:\/\/blogopara.com.br\/wp-content\/uploads\/2025\/03\/WhatsApp-Image-2025-03-25-at-10.33.55-300x443.jpeg",300,443,true],"mantranews-block-medium":["https:\/\/blogopara.com.br\/wp-content\/uploads\/2025\/03\/WhatsApp-Image-2025-03-25-at-10.33.55-464x290.jpeg",464,290,true],"mantranews-carousel-image":["https:\/\/blogopara.com.br\/wp-content\/uploads\/2025\/03\/WhatsApp-Image-2025-03-25-at-10.33.55.jpeg",500,489,false],"mantranews-block-thumb":["https:\/\/blogopara.com.br\/wp-content\/uploads\/2025\/03\/WhatsApp-Image-2025-03-25-at-10.33.55-322x230.jpeg",322,230,true],"mantranews-single-large":["https:\/\/blogopara.com.br\/wp-content\/uploads\/2025\/03\/WhatsApp-Image-2025-03-25-at-10.33.55.jpeg",500,489,false]},"uagb_author_info":{"display_name":"Reda\u00e7\u00e3o geral","author_link":"https:\/\/blogopara.com.br\/index.php\/author\/blogopara"},"uagb_comment_info":0,"uagb_excerpt":"A Prefeitura de Senhor do Bonfim, por meio da Secretaria Municipal de Desenvolvimento Econ\u00f4mico e Turismo, promoveu nesta segunda-feira (24) uma reuni\u00e3o estrat\u00e9gica com a consultoria designada pelo Sebrae (Servi\u00e7o Brasileiro de Apoio \u00e0s Micro e Pequenas Empresas) para alinhar a retomada das a\u00e7\u00f5es do Programa Agente Territorial Sebrae BA (ATS BA). O encontro aconteceu&hellip;","jetpack_sharing_enabled":true,"jetpack_likes_enabled":true,"_links":{"self":[{"href":"https:\/\/blogopara.com.br\/index.php\/wp-json\/wp\/v2\/posts\/74133","targetHints":{"allow":["GET"]}}],"collection":[{"href":"https:\/\/blogopara.com.br\/index.php\/wp-json\/wp\/v2\/posts"}],"about":[{"href":"https:\/\/blogopara.com.br\/index.php\/wp-json\/wp\/v2\/types\/post"}],"author":[{"embeddable":true,"href":"https:\/\/blogopara.com.br\/index.php\/wp-json\/wp\/v2\/users\/1"}],"replies":[{"embeddable":true,"href":"https:\/\/blogopara.com.br\/index.php\/wp-json\/wp\/v2\/comments?post=74133"}],"version-history":[{"count":1,"href":"https:\/\/blogopara.com.br\/index.php\/wp-json\/wp\/v2\/posts\/74133\/revisions"}],"predecessor-version":[{"id":74135,"href":"https:\/\/blogopara.com.br\/index.php\/wp-json\/wp\/v2\/posts\/74133\/revisions\/74135"}],"wp:featuredmedia":[{"embeddable":true,"href":"https:\/\/blogopara.com.br\/index.php\/wp-json\/wp\/v2\/media\/74134"}],"wp:attachment":[{"href":"https:\/\/blogopara.com.br\/index.php\/wp-json\/wp\/v2\/media?parent=74133"}],"wp:term":[{"taxonomy":"category","embeddable":true,"href":"https:\/\/blogopara.com.br\/index.php\/wp-json\/wp\/v2\/categories?post=74133"},{"taxonomy":"post_tag","embeddable":true,"href":"https:\/\/blogopara.com.br\/index.php\/wp-json\/wp\/v2\/tags?post=74133"}],"curies":[{"name":"wp","href":"https:\/\/api.w.org\/{rel}","templated":true}]}}