{"id":74311,"date":"2025-03-30T15:43:08","date_gmt":"2025-03-30T18:43:08","guid":{"rendered":"https:\/\/blogopara.com.br\/?p=74311"},"modified":"2025-03-30T15:43:08","modified_gmt":"2025-03-30T18:43:08","slug":"casa-nova-realiza-acolhimento-para-profissionais-do-programa-mais-medicos","status":"publish","type":"post","link":"https:\/\/blogopara.com.br\/index.php\/2025\/03\/30\/casa-nova-realiza-acolhimento-para-profissionais-do-programa-mais-medicos","title":{"rendered":"Casa Nova realiza acolhimento para profissionais do Programa Mais M\u00e9dicos"},"content":{"rendered":"<p class=\"x_MsoNormal\">A Prefeitura de Casa Nova, por meio da Secretaria Municipal de Sa\u00fade, realizou nesta semana um acolhimento especial para os profissionais da aten\u00e7\u00e3o b\u00e1sica que integram o Programa Mais M\u00e9dicos e o Programa M\u00e9dicos pelo Brasil.<\/p>\n<p class=\"x_MsoNormal\">A a\u00e7\u00e3o foi promovida pela pr\u00f3pria secretaria e contou com a presen\u00e7a de representantes do n\u00edvel central do Minist\u00e9rio da Sa\u00fade e da coordena\u00e7\u00e3o estadual do programa, refor\u00e7ando o compromisso com o fortalecimento da aten\u00e7\u00e3o prim\u00e1ria no munic\u00edpio. Estiveram presentes Renata Dam\u00e1sio de Ara\u00fajo, coordenadora nacional do PMM pelo Minist\u00e9rio da Sa\u00fade, e Alexandra Costa dos Santos, coordenadora estadual da Macrorregi\u00e3o de Juazeiro.<\/p>\n<p class=\"x_MsoNormal\">Durante o encontro, foram discutidos temas como o cumprimento da carga hor\u00e1ria, o acolhimento dos profissionais na rede municipal e a import\u00e2ncia do atendimento humanizado \u00e0 popula\u00e7\u00e3o. A secret\u00e1ria de Sa\u00fade, Rosania Rabelo, destacou a import\u00e2ncia do momento. \u201cEsse acolhimento \u00e9 essencial para fortalecer a rela\u00e7\u00e3o entre os profissionais e a gest\u00e3o. Queremos garantir que nossos m\u00e9dicos estejam bem integrados \u00e0 rede e comprometidos com um atendimento de qualidade para o povo de Casa Nova,\u201d afirmou.<\/p>\n","protected":false},"excerpt":{"rendered":"<p>A Prefeitura de Casa Nova, por meio da Secretaria Municipal de Sa\u00fade, realizou nesta semana um acolhimento especial para os profissionais da aten\u00e7\u00e3o b\u00e1sica que integram o Programa Mais M\u00e9dicos e o Programa M\u00e9dicos pelo Brasil. A a\u00e7\u00e3o foi promovida pela pr\u00f3pria secretaria e contou com a presen\u00e7a de representantes do n\u00edvel central do Minist\u00e9rio [&hellip;]<\/p>\n","protected":false},"author":1,"featured_media":74312,"comment_status":"open","ping_status":"open","sticky":false,"template":"","format":"standard","meta":{"_uag_custom_page_level_css":"","_monsterinsights_skip_tracking":false,"_monsterinsights_sitenote_active":false,"_monsterinsights_sitenote_note":"","_monsterinsights_sitenote_category":0,"jetpack_post_was_ever_published":false,"_jetpack_newsletter_access":"","_jetpack_dont_email_post_to_subs":false,"_jetpack_newsletter_tier_id":0,"_jetpack_memberships_contains_paywalled_content":false,"_jetpack_memberships_contains_paid_content":false,"footnotes":"","jetpack_publicize_message":"","jetpack_publicize_feature_enabled":true,"jetpack_social_post_already_shared":true,"jetpack_social_options":{"image_generator_settings":{"template":"highway","default_image_id":0,"font":"","enabled":false},"version":2}},"categories":[197],"tags":[],"class_list":["post-74311","post","type-post","status-publish","format-standard","has-post-thumbnail","hentry","category-politica"],"jetpack_publicize_connections":[],"jetpack_featured_media_url":"https:\/\/blogopara.com.br\/wp-content\/uploads\/2025\/03\/thumbnail_WhatsApp-Image-2025-03-29-at-11.56.34-1.jpg","uagb_featured_image_src":{"full":["https:\/\/blogopara.com.br\/wp-content\/uploads\/2025\/03\/thumbnail_WhatsApp-Image-2025-03-29-at-11.56.34-1.jpg",500,333,false],"thumbnail":["https:\/\/blogopara.com.br\/wp-content\/uploads\/2025\/03\/thumbnail_WhatsApp-Image-2025-03-29-at-11.56.34-1-150x150.jpg",150,150,true],"medium":["https:\/\/blogopara.com.br\/wp-content\/uploads\/2025\/03\/thumbnail_WhatsApp-Image-2025-03-29-at-11.56.34-1-300x200.jpg",300,200,true],"medium_large":["https:\/\/blogopara.com.br\/wp-content\/uploads\/2025\/03\/thumbnail_WhatsApp-Image-2025-03-29-at-11.56.34-1.jpg",500,333,false],"large":["https:\/\/blogopara.com.br\/wp-content\/uploads\/2025\/03\/thumbnail_WhatsApp-Image-2025-03-29-at-11.56.34-1.jpg",500,333,false],"1536x1536":["https:\/\/blogopara.com.br\/wp-content\/uploads\/2025\/03\/thumbnail_WhatsApp-Image-2025-03-29-at-11.56.34-1.jpg",500,333,false],"2048x2048":["https:\/\/blogopara.com.br\/wp-content\/uploads\/2025\/03\/thumbnail_WhatsApp-Image-2025-03-29-at-11.56.34-1.jpg",500,333,false],"mantranews-slider-large":["https:\/\/blogopara.com.br\/wp-content\/uploads\/2025\/03\/thumbnail_WhatsApp-Image-2025-03-29-at-11.56.34-1.jpg",500,333,false],"mantranews-featured-medium":["https:\/\/blogopara.com.br\/wp-content\/uploads\/2025\/03\/thumbnail_WhatsApp-Image-2025-03-29-at-11.56.34-1-420x307.jpg",420,307,true],"mantranews-featured-long":["https:\/\/blogopara.com.br\/wp-content\/uploads\/2025\/03\/thumbnail_WhatsApp-Image-2025-03-29-at-11.56.34-1-300x333.jpg",300,333,true],"mantranews-block-medium":["https:\/\/blogopara.com.br\/wp-content\/uploads\/2025\/03\/thumbnail_WhatsApp-Image-2025-03-29-at-11.56.34-1-464x290.jpg",464,290,true],"mantranews-carousel-image":["https:\/\/blogopara.com.br\/wp-content\/uploads\/2025\/03\/thumbnail_WhatsApp-Image-2025-03-29-at-11.56.34-1.jpg",500,333,false],"mantranews-block-thumb":["https:\/\/blogopara.com.br\/wp-content\/uploads\/2025\/03\/thumbnail_WhatsApp-Image-2025-03-29-at-11.56.34-1-322x230.jpg",322,230,true],"mantranews-single-large":["https:\/\/blogopara.com.br\/wp-content\/uploads\/2025\/03\/thumbnail_WhatsApp-Image-2025-03-29-at-11.56.34-1.jpg",500,333,false]},"uagb_author_info":{"display_name":"Reda\u00e7\u00e3o geral","author_link":"https:\/\/blogopara.com.br\/index.php\/author\/blogopara"},"uagb_comment_info":0,"uagb_excerpt":"A Prefeitura de Casa Nova, por meio da Secretaria Municipal de Sa\u00fade, realizou nesta semana um acolhimento especial para os profissionais da aten\u00e7\u00e3o b\u00e1sica que integram o Programa Mais M\u00e9dicos e o Programa M\u00e9dicos pelo Brasil. A a\u00e7\u00e3o foi promovida pela pr\u00f3pria secretaria e contou com a presen\u00e7a de representantes do n\u00edvel central do Minist\u00e9rio&hellip;","jetpack_sharing_enabled":true,"jetpack_likes_enabled":true,"_links":{"self":[{"href":"https:\/\/blogopara.com.br\/index.php\/wp-json\/wp\/v2\/posts\/74311","targetHints":{"allow":["GET"]}}],"collection":[{"href":"https:\/\/blogopara.com.br\/index.php\/wp-json\/wp\/v2\/posts"}],"about":[{"href":"https:\/\/blogopara.com.br\/index.php\/wp-json\/wp\/v2\/types\/post"}],"author":[{"embeddable":true,"href":"https:\/\/blogopara.com.br\/index.php\/wp-json\/wp\/v2\/users\/1"}],"replies":[{"embeddable":true,"href":"https:\/\/blogopara.com.br\/index.php\/wp-json\/wp\/v2\/comments?post=74311"}],"version-history":[{"count":1,"href":"https:\/\/blogopara.com.br\/index.php\/wp-json\/wp\/v2\/posts\/74311\/revisions"}],"predecessor-version":[{"id":74313,"href":"https:\/\/blogopara.com.br\/index.php\/wp-json\/wp\/v2\/posts\/74311\/revisions\/74313"}],"wp:featuredmedia":[{"embeddable":true,"href":"https:\/\/blogopara.com.br\/index.php\/wp-json\/wp\/v2\/media\/74312"}],"wp:attachment":[{"href":"https:\/\/blogopara.com.br\/index.php\/wp-json\/wp\/v2\/media?parent=74311"}],"wp:term":[{"taxonomy":"category","embeddable":true,"href":"https:\/\/blogopara.com.br\/index.php\/wp-json\/wp\/v2\/categories?post=74311"},{"taxonomy":"post_tag","embeddable":true,"href":"https:\/\/blogopara.com.br\/index.php\/wp-json\/wp\/v2\/tags?post=74311"}],"curies":[{"name":"wp","href":"https:\/\/api.w.org\/{rel}","templated":true}]}}