{"id":74314,"date":"2025-03-30T15:46:07","date_gmt":"2025-03-30T18:46:07","guid":{"rendered":"https:\/\/blogopara.com.br\/?p=74314"},"modified":"2025-03-30T15:46:07","modified_gmt":"2025-03-30T18:46:07","slug":"prefeitura-de-senhor-do-bonfim-da-ordem-de-servico-para-requalificacao-da-praca-da-igreja-em-missao-do-sahy-nesta-segunda-31","status":"publish","type":"post","link":"https:\/\/blogopara.com.br\/index.php\/2025\/03\/30\/prefeitura-de-senhor-do-bonfim-da-ordem-de-servico-para-requalificacao-da-praca-da-igreja-em-missao-do-sahy-nesta-segunda-31","title":{"rendered":"Prefeitura de Senhor do Bonfim d\u00e1 ordem de servi\u00e7o para requalifica\u00e7\u00e3o da Pra\u00e7a da Igreja em Miss\u00e3o do Sahy nesta segunda (31)"},"content":{"rendered":"<p class=\"x_MsoNormal\">A Prefeitura de Senhor do Bonfim segue investindo na infraestrutura e no bem-estar da popula\u00e7\u00e3o. Nesta segunda-feira (31), \u00e0s 17h, ser\u00e1 assinada a ordem de servi\u00e7o para a requalifica\u00e7\u00e3o da Pra\u00e7a da Igreja no distrito de Miss\u00e3o do Sahy. A obra garantir\u00e1 um espa\u00e7o mais moderno, seguro e adequado para o lazer e a conviv\u00eancia dos moradores.<\/p>\n<p class=\"x_MsoNormal\">O prefeito La\u00e9rcio J\u00fanior destacou a import\u00e2ncia da obra. &#8220;Nosso compromisso \u00e9 levar melhorias para todas as regi\u00f5es do munic\u00edpio. A requalifica\u00e7\u00e3o dessa pra\u00e7a \u00e9 um pedido antigo dos moradores e, em breve, teremos um espa\u00e7o totalmente revitalizado para que as fam\u00edlias possam aproveitar com mais qualidade e seguran\u00e7a. Estamos transformando Senhor do Bonfim com trabalho e dedica\u00e7\u00e3o&#8221;, afirmou o gestor.<\/p>\n<p class=\"x_MsoNormal\"><b>A obra<\/b><\/p>\n<p class=\"x_MsoNormal\">O projeto inclui a instala\u00e7\u00e3o de um parque infantil, academia a c\u00e9u aberto, playground, bancos, piso intertravado, estacionamento e ilumina\u00e7\u00e3o em LED, proporcionando mais conforto e seguran\u00e7a para a comunidade.<\/p>\n<p class=\"x_MsoNormal\">Texto: Ascom PMSB<\/p>\n","protected":false},"excerpt":{"rendered":"<p>A Prefeitura de Senhor do Bonfim segue investindo na infraestrutura e no bem-estar da popula\u00e7\u00e3o. Nesta segunda-feira (31), \u00e0s 17h, ser\u00e1 assinada a ordem de servi\u00e7o para a requalifica\u00e7\u00e3o da Pra\u00e7a da Igreja no distrito de Miss\u00e3o do Sahy. A obra garantir\u00e1 um espa\u00e7o mais moderno, seguro e adequado para o lazer e a conviv\u00eancia [&hellip;]<\/p>\n","protected":false},"author":1,"featured_media":74315,"comment_status":"open","ping_status":"open","sticky":false,"template":"","format":"standard","meta":{"_uag_custom_page_level_css":"","_monsterinsights_skip_tracking":false,"_monsterinsights_sitenote_active":false,"_monsterinsights_sitenote_note":"","_monsterinsights_sitenote_category":0,"jetpack_post_was_ever_published":false,"_jetpack_newsletter_access":"","_jetpack_dont_email_post_to_subs":false,"_jetpack_newsletter_tier_id":0,"_jetpack_memberships_contains_paywalled_content":false,"_jetpack_memberships_contains_paid_content":false,"footnotes":"","jetpack_publicize_message":"","jetpack_publicize_feature_enabled":true,"jetpack_social_post_already_shared":true,"jetpack_social_options":{"image_generator_settings":{"template":"highway","default_image_id":0,"font":"","enabled":false},"version":2}},"categories":[197],"tags":[],"class_list":["post-74314","post","type-post","status-publish","format-standard","has-post-thumbnail","hentry","category-politica"],"jetpack_publicize_connections":[],"jetpack_featured_media_url":"https:\/\/blogopara.com.br\/wp-content\/uploads\/2025\/03\/WhatsApp-Image-2025-03-28-at-07.48.18.jpeg","uagb_featured_image_src":{"full":["https:\/\/blogopara.com.br\/wp-content\/uploads\/2025\/03\/WhatsApp-Image-2025-03-28-at-07.48.18.jpeg",487,524,false],"thumbnail":["https:\/\/blogopara.com.br\/wp-content\/uploads\/2025\/03\/WhatsApp-Image-2025-03-28-at-07.48.18-150x150.jpeg",150,150,true],"medium":["https:\/\/blogopara.com.br\/wp-content\/uploads\/2025\/03\/WhatsApp-Image-2025-03-28-at-07.48.18-279x300.jpeg",279,300,true],"medium_large":["https:\/\/blogopara.com.br\/wp-content\/uploads\/2025\/03\/WhatsApp-Image-2025-03-28-at-07.48.18.jpeg",487,524,false],"large":["https:\/\/blogopara.com.br\/wp-content\/uploads\/2025\/03\/WhatsApp-Image-2025-03-28-at-07.48.18.jpeg",487,524,false],"1536x1536":["https:\/\/blogopara.com.br\/wp-content\/uploads\/2025\/03\/WhatsApp-Image-2025-03-28-at-07.48.18.jpeg",487,524,false],"2048x2048":["https:\/\/blogopara.com.br\/wp-content\/uploads\/2025\/03\/WhatsApp-Image-2025-03-28-at-07.48.18.jpeg",487,524,false],"mantranews-slider-large":["https:\/\/blogopara.com.br\/wp-content\/uploads\/2025\/03\/WhatsApp-Image-2025-03-28-at-07.48.18.jpeg",487,524,false],"mantranews-featured-medium":["https:\/\/blogopara.com.br\/wp-content\/uploads\/2025\/03\/WhatsApp-Image-2025-03-28-at-07.48.18-420x307.jpeg",420,307,true],"mantranews-featured-long":["https:\/\/blogopara.com.br\/wp-content\/uploads\/2025\/03\/WhatsApp-Image-2025-03-28-at-07.48.18-300x443.jpeg",300,443,true],"mantranews-block-medium":["https:\/\/blogopara.com.br\/wp-content\/uploads\/2025\/03\/WhatsApp-Image-2025-03-28-at-07.48.18-464x290.jpeg",464,290,true],"mantranews-carousel-image":["https:\/\/blogopara.com.br\/wp-content\/uploads\/2025\/03\/WhatsApp-Image-2025-03-28-at-07.48.18-487x500.jpeg",487,500,true],"mantranews-block-thumb":["https:\/\/blogopara.com.br\/wp-content\/uploads\/2025\/03\/WhatsApp-Image-2025-03-28-at-07.48.18-322x230.jpeg",322,230,true],"mantranews-single-large":["https:\/\/blogopara.com.br\/wp-content\/uploads\/2025\/03\/WhatsApp-Image-2025-03-28-at-07.48.18.jpeg",487,524,false]},"uagb_author_info":{"display_name":"Reda\u00e7\u00e3o geral","author_link":"https:\/\/blogopara.com.br\/index.php\/author\/blogopara"},"uagb_comment_info":0,"uagb_excerpt":"A Prefeitura de Senhor do Bonfim segue investindo na infraestrutura e no bem-estar da popula\u00e7\u00e3o. Nesta segunda-feira (31), \u00e0s 17h, ser\u00e1 assinada a ordem de servi\u00e7o para a requalifica\u00e7\u00e3o da Pra\u00e7a da Igreja no distrito de Miss\u00e3o do Sahy. A obra garantir\u00e1 um espa\u00e7o mais moderno, seguro e adequado para o lazer e a conviv\u00eancia&hellip;","jetpack_sharing_enabled":true,"jetpack_likes_enabled":true,"_links":{"self":[{"href":"https:\/\/blogopara.com.br\/index.php\/wp-json\/wp\/v2\/posts\/74314","targetHints":{"allow":["GET"]}}],"collection":[{"href":"https:\/\/blogopara.com.br\/index.php\/wp-json\/wp\/v2\/posts"}],"about":[{"href":"https:\/\/blogopara.com.br\/index.php\/wp-json\/wp\/v2\/types\/post"}],"author":[{"embeddable":true,"href":"https:\/\/blogopara.com.br\/index.php\/wp-json\/wp\/v2\/users\/1"}],"replies":[{"embeddable":true,"href":"https:\/\/blogopara.com.br\/index.php\/wp-json\/wp\/v2\/comments?post=74314"}],"version-history":[{"count":1,"href":"https:\/\/blogopara.com.br\/index.php\/wp-json\/wp\/v2\/posts\/74314\/revisions"}],"predecessor-version":[{"id":74316,"href":"https:\/\/blogopara.com.br\/index.php\/wp-json\/wp\/v2\/posts\/74314\/revisions\/74316"}],"wp:featuredmedia":[{"embeddable":true,"href":"https:\/\/blogopara.com.br\/index.php\/wp-json\/wp\/v2\/media\/74315"}],"wp:attachment":[{"href":"https:\/\/blogopara.com.br\/index.php\/wp-json\/wp\/v2\/media?parent=74314"}],"wp:term":[{"taxonomy":"category","embeddable":true,"href":"https:\/\/blogopara.com.br\/index.php\/wp-json\/wp\/v2\/categories?post=74314"},{"taxonomy":"post_tag","embeddable":true,"href":"https:\/\/blogopara.com.br\/index.php\/wp-json\/wp\/v2\/tags?post=74314"}],"curies":[{"name":"wp","href":"https:\/\/api.w.org\/{rel}","templated":true}]}}