{"id":7438,"date":"2020-02-22T13:31:20","date_gmt":"2020-02-22T16:31:20","guid":{"rendered":"http:\/\/blogopara.com.br\/?p=7438"},"modified":"2020-02-22T13:54:12","modified_gmt":"2020-02-22T16:54:12","slug":"rui-costa-e-os-seus-candidatos-da-bancada-da-biblia-do-boi-e-da-bala","status":"publish","type":"post","link":"https:\/\/blogopara.com.br\/index.php\/2020\/02\/22\/rui-costa-e-os-seus-candidatos-da-bancada-da-biblia-do-boi-e-da-bala","title":{"rendered":"Rui Costa e os seus candidatos da Bancada da B\u00edblia, do Boi e da Bala"},"content":{"rendered":"<p style=\"text-align: justify;\">O governador Rui Costa dever\u00e1 ter tr\u00eas candidatos \u00e0 prefeitura de Salvador, a estrat\u00e9gia \u00e9 fragmentar os votos nas diversas camadas sociais, reduzindo a influ\u00eancia do peso de ACM Neto nas elei\u00e7\u00f5es. O governador fez op\u00e7\u00e3o de tr\u00eas candidaturas ligadas as bancadas do Boi, da Bala ou da B\u00edblia.<\/p>\n<p style=\"text-align: justify;\">A Bancada BBB \u00e9 um termo usado para referir-se conjuntamente \u00e0 bancada armamentista (&#8220;da&nbsp;bala&#8221;), bancada ruralista (&#8220;do&nbsp;boi&#8221;) e \u00e0 bancada evang\u00e9lica (&#8220;da&nbsp;b\u00edblia&#8221;) no Congresso Nacional do Brasil. A Bancada BBB teve tamb\u00e9m papel importante no processo de impeachment de Dilma Rousseff.<\/p>\n<p style=\"text-align: justify;\">O termo \u201cBBB\u201d foi usado pela primeira vez pela deputada federal&nbsp;<a href=\"https:\/\/pt.wikipedia.org\/wiki\/Erika_Kokay\">Erika Kokay<\/a>&nbsp;em uma reuni\u00e3o da bancada do&nbsp;<a href=\"https:\/\/pt.wikipedia.org\/wiki\/Partido_dos_Trabalhadores\">Partido dos Trabalhadores<\/a>&nbsp;na&nbsp;<a href=\"https:\/\/pt.wikipedia.org\/wiki\/C%C3%A2mara_dos_Deputados_do_Brasil\">C\u00e2mara dos Deputados<\/a>&nbsp;no in\u00edcio de 2015, arrancando risadas dos colegas.&nbsp;A express\u00e3o logo se difundiu entre parlamentares de&nbsp;<a href=\"https:\/\/pt.wikipedia.org\/wiki\/Partido_pol%C3%ADtico\">partidos<\/a>&nbsp;de&nbsp;<a href=\"https:\/\/pt.wikipedia.org\/wiki\/Esquerda_(pol%C3%ADtica)\">esquerda<\/a>&nbsp;e parte da m\u00eddia, que identificam nessa articula\u00e7\u00e3o uma amea\u00e7a aos&nbsp;<a href=\"https:\/\/pt.wikipedia.org\/wiki\/Direitos_humanos\">direitos humanos<\/a>&nbsp;e das minorias no pa\u00eds.<\/p>\n<p style=\"text-align: justify;\">Como o PT age por conveni\u00eancia pol\u00edtica, a bancada t\u00e3o criticada pelo partido agora \u00e9 parte da sua base pol\u00edtica, e, \u00e9 o seu principal caminho para conseguir a prefeitura de Salvador nas elei\u00e7\u00f5es de outubro.<\/p>\n<p style=\"text-align: justify;\">A major da Pol\u00edcia Militar da Bahia, Denice Santiago, respons\u00e1vel pelo Projeto Ronda Maria da Penha, \u00e9 a escolhida pelo governador para ser a candidata do PT \u00e0 prefeitura de Salvador. Sem nenhuma experi\u00eancia administrativa, a major tornou-se a queridinha do governador, a partir de pesquisas sobre as prefer\u00eancias do eleitorado, &#8211; uma linha mais conservadora.<\/p>\n<p style=\"text-align: justify;\">Assim justificou o governador sobre a escolha da major: \u201cDenice \u00e9 um dos nomes, mas prefiro que a gente possa divulgar oficialmente ap\u00f3s as conversas com as lideran\u00e7as e o Partido dos Trabalhadores. As pessoas querem pol\u00edticos que cuidem das pessoas. O povo n\u00e3o quer aliados do governo, para n\u00e3o repetir o que o governo federal faz. Ent\u00e3o, vai ganhar for\u00e7a algu\u00e9m que represente sentimento de m\u00e3e, acolhedor, de mulher, para cuidar da sa\u00fade, da educa\u00e7\u00e3o, do social\u201d, disse.<\/p>\n<p style=\"text-align: justify;\">O outro nome representando o Bancada da B\u00edblia, \u00e9 o Pastor Sargento Isid\u00f3rio, deputado federal mais vem votado nas elei\u00e7\u00f5es de 2018. Ele tem um megaprojeto social bancado pelo governo do estado, que atende mais de 1.000 dependentes qu\u00edmicos. Isid\u00f3rio deixa claro nas suas falas muitas vezes equivocadas, a express\u00e3o m\u00e1xima do conservadorismo religioso e ultrarradical.<\/p>\n<p style=\"text-align: justify;\">Durante o lan\u00e7amento da sua pr\u00e9-candidatura, o deputado afirmou que sua pr\u00e9-candidatura nasceu a pedido do governador da Bahia, Rui Costa. \u201cMe chamou no gabinete e disse &#8216;Isid\u00f3rio, eu preciso que voc\u00ea saia candidato a prefeito por Salvador. Voc\u00ea \u00e9 \u00fanico que tem voto espalhado por tudo quanto \u00e9 canto. Se a gente soprar, voc\u00ea tem condi\u00e7\u00e3o&#8217;. Assim, o governador conseguiu me convencer\u201d.<\/p>\n<p style=\"text-align: justify;\">O representante da Bancada do Boi, \u00e9 o ruralista e defensor do agroneg\u00f3cio na Bahia, o senador \u00c2ngelo Coronel, que vem correndo pelo lado oposto ao governo, principalmente porque o que est\u00e1 em jogo \u00e9 a disputa para governador em 2022, Coronel \u00e9 ligado ao senador Otto Alencar, principal advers\u00e1rio do PT em 2022.<\/p>\n<p style=\"text-align: justify;\">Durante uma entrevista o senador \u00c2ngelo Coronel, desabafou: &#8220;O governador pelo visto optou por tentar fortalecer uma candidatura feminina fora do espectro pol\u00edtico, antes era uma masculina [em detrimento aos que ficaram no relento ao longo desses 13 anos formando um dos grupos mais coesos do Brasil\u201d.<\/p>\n<p style=\"text-align: justify;\">O PT governa a Bahia desde 2008, nesse per\u00edodo os \u00edndices sociais t\u00eam piorado ano, ap\u00f3s anos. A posta do partido em um nome mais conservador, caminha lado a lado com o processo que culminou com o impeachment da presidente Dilma Rousseff. O partido que deveria fazer a autocritica e se refundar, tem procurado se afundar mais numa pr\u00e1tica pol\u00edtica pragm\u00e1tica, o que importa \u00e9 o poder pelo poder.<\/p>\n<p style=\"text-align: justify;\"><strong>&nbsp;<\/strong><\/p>\n<p style=\"text-align: justify;\"><strong>&nbsp;<\/strong><\/p>\n<p style=\"text-align: justify;\"><strong>&nbsp;<\/strong><\/p>\n<p style=\"text-align: justify;\">\n<p style=\"text-align: justify;\">\n<p style=\"text-align: justify;\">\n<p style=\"text-align: justify;\">\n<p style=\"text-align: justify;\">\n<p style=\"text-align: justify;\">\n","protected":false},"excerpt":{"rendered":"<p>O que importa \u00e9 o poder pelo poder, n\u00e3o h\u00e1 mais constru\u00e7\u00e3o de projeto para a sociedade.<\/p>\n","protected":false},"author":1,"featured_media":7440,"comment_status":"open","ping_status":"open","sticky":false,"template":"","format":"standard","meta":{"_uag_custom_page_level_css":"","_monsterinsights_skip_tracking":false,"_monsterinsights_sitenote_active":false,"_monsterinsights_sitenote_note":"","_monsterinsights_sitenote_category":0,"jetpack_post_was_ever_published":false,"_jetpack_newsletter_access":"","_jetpack_dont_email_post_to_subs":false,"_jetpack_newsletter_tier_id":0,"_jetpack_memberships_contains_paywalled_content":false,"_jetpack_memberships_contains_paid_content":false,"footnotes":"","jetpack_publicize_message":"","jetpack_publicize_feature_enabled":true,"jetpack_social_post_already_shared":true,"jetpack_social_options":{"image_generator_settings":{"template":"highway","default_image_id":0,"font":"","enabled":false},"version":2}},"categories":[199],"tags":[],"class_list":["post-7438","post","type-post","status-publish","format-standard","has-post-thumbnail","hentry","category-bahia"],"jetpack_publicize_connections":[],"jetpack_featured_media_url":"https:\/\/blogopara.com.br\/wp-content\/uploads\/2020\/02\/major.jpg","uagb_featured_image_src":{"full":["https:\/\/blogopara.com.br\/wp-content\/uploads\/2020\/02\/major.jpg",500,354,false],"thumbnail":["https:\/\/blogopara.com.br\/wp-content\/uploads\/2020\/02\/major-150x150.jpg",150,150,true],"medium":["https:\/\/blogopara.com.br\/wp-content\/uploads\/2020\/02\/major-300x212.jpg",300,212,true],"medium_large":["https:\/\/blogopara.com.br\/wp-content\/uploads\/2020\/02\/major.jpg",500,354,false],"large":["https:\/\/blogopara.com.br\/wp-content\/uploads\/2020\/02\/major.jpg",500,354,false],"1536x1536":["https:\/\/blogopara.com.br\/wp-content\/uploads\/2020\/02\/major.jpg",500,354,false],"2048x2048":["https:\/\/blogopara.com.br\/wp-content\/uploads\/2020\/02\/major.jpg",500,354,false],"mantranews-slider-large":["https:\/\/blogopara.com.br\/wp-content\/uploads\/2020\/02\/major.jpg",500,354,false],"mantranews-featured-medium":["https:\/\/blogopara.com.br\/wp-content\/uploads\/2020\/02\/major.jpg",420,297,false],"mantranews-featured-long":["https:\/\/blogopara.com.br\/wp-content\/uploads\/2020\/02\/major.jpg",300,212,false],"mantranews-block-medium":["https:\/\/blogopara.com.br\/wp-content\/uploads\/2020\/02\/major.jpg",410,290,false],"mantranews-carousel-image":["https:\/\/blogopara.com.br\/wp-content\/uploads\/2020\/02\/major.jpg",500,354,false],"mantranews-block-thumb":["https:\/\/blogopara.com.br\/wp-content\/uploads\/2020\/02\/major.jpg",322,228,false],"mantranews-single-large":["https:\/\/blogopara.com.br\/wp-content\/uploads\/2020\/02\/major.jpg",500,354,false]},"uagb_author_info":{"display_name":"Reda\u00e7\u00e3o geral","author_link":"https:\/\/blogopara.com.br\/index.php\/author\/blogopara"},"uagb_comment_info":0,"uagb_excerpt":"O que importa \u00e9 o poder pelo poder, n\u00e3o h\u00e1 mais constru\u00e7\u00e3o de projeto para a sociedade.","jetpack_sharing_enabled":true,"jetpack_likes_enabled":true,"_links":{"self":[{"href":"https:\/\/blogopara.com.br\/index.php\/wp-json\/wp\/v2\/posts\/7438","targetHints":{"allow":["GET"]}}],"collection":[{"href":"https:\/\/blogopara.com.br\/index.php\/wp-json\/wp\/v2\/posts"}],"about":[{"href":"https:\/\/blogopara.com.br\/index.php\/wp-json\/wp\/v2\/types\/post"}],"author":[{"embeddable":true,"href":"https:\/\/blogopara.com.br\/index.php\/wp-json\/wp\/v2\/users\/1"}],"replies":[{"embeddable":true,"href":"https:\/\/blogopara.com.br\/index.php\/wp-json\/wp\/v2\/comments?post=7438"}],"version-history":[{"count":3,"href":"https:\/\/blogopara.com.br\/index.php\/wp-json\/wp\/v2\/posts\/7438\/revisions"}],"predecessor-version":[{"id":7442,"href":"https:\/\/blogopara.com.br\/index.php\/wp-json\/wp\/v2\/posts\/7438\/revisions\/7442"}],"wp:featuredmedia":[{"embeddable":true,"href":"https:\/\/blogopara.com.br\/index.php\/wp-json\/wp\/v2\/media\/7440"}],"wp:attachment":[{"href":"https:\/\/blogopara.com.br\/index.php\/wp-json\/wp\/v2\/media?parent=7438"}],"wp:term":[{"taxonomy":"category","embeddable":true,"href":"https:\/\/blogopara.com.br\/index.php\/wp-json\/wp\/v2\/categories?post=7438"},{"taxonomy":"post_tag","embeddable":true,"href":"https:\/\/blogopara.com.br\/index.php\/wp-json\/wp\/v2\/tags?post=7438"}],"curies":[{"name":"wp","href":"https:\/\/api.w.org\/{rel}","templated":true}]}}